{"id":9240,"date":"2019-02-22T08:59:15","date_gmt":"2019-02-22T11:59:15","guid":{"rendered":"http:\/\/www.sinprofaz.org.br\/?p=9240"},"modified":"2019-02-26T18:01:12","modified_gmt":"2019-02-26T21:01:12","slug":"sinprofaz-compoe-gt-que-debate-aprimoramento-institucional-da-agu","status":"publish","type":"post","link":"https:\/\/sinprofaz.org.br\/2024\/noticias\/sinprofaz-compoe-gt-que-debate-aprimoramento-institucional-da-agu\/","title":{"rendered":"SINPROFAZ COMP\u00d5E GT QUE DEBATE APRIMORAMENTO INSTITUCIONAL DA AGU"},"content":{"rendered":"<p>O SINPROFAZ, representado pelo diretor Jos\u00e9 Ernane Brito, esteve reunido ontem (21) com o vice-AGU, Renato de Lima Fran\u00e7a. Durante a reuni\u00e3o, da qual tamb\u00e9m participaram dirigentes das demais entidades representativas da Advocacia P\u00fablica Federal, foi dada continuidade \u00e0s tarefas do Grupo de Trabalho formado para estudar medidas que contribuam com o aprimoramento do perfil institucional da AGU.<\/p>\n<p>O encontro do GT ocorreu na sede da Advocacia-Geral da Uni\u00e3o, em Bras\u00edlia\/DF. Enquanto membros do Grupo, os diretores do SINPROFAZ Roberto Rodrigues e Jos\u00e9 Ernane Brito s\u00e3o respons\u00e1veis por defender os pleitos e as prerrogativas dos procuradores da Fazenda Nacional nas propostas que resultem desse trabalho conjunto.<\/p>\n","protected":false},"excerpt":{"rendered":"<p>O diretor Jos\u00e9 Ernane Brito esteve reunido com o vice-AGU, Renato de Lima Fran\u00e7a. Durante a reuni\u00e3o, foi dada continuidade \u00e0s tarefas do Grupo de Trabalho formado para estudar medidas que contribuam com o aprimoramento do perfil institucional da AGU.<\/p>\n","protected":false},"author":2,"featured_media":9241,"comment_status":"open","ping_status":"open","sticky":false,"template":"","format":"standard","meta":{"footnotes":""},"categories":[8],"tags":[43,32,25],"featured_image_url":"https:\/\/sinprofaz.org.br\/2024\/wp-content\/uploads\/2019\/02\/01-7-800x198.jpg","character_count":364,"formatted_date":"22\/02\/2019 - 08:59","contentNovo":"O SINPROFAZ, representado pelo diretor Jos\u00e9 Ernane Brito, esteve reunido ontem (21) com o vice-AGU, Renato de Lima Fran\u00e7a. Durante a reuni\u00e3o, da qual tamb\u00e9m participaram dirigentes das demais entidades representativas da Advocacia P\u00fablica Federal, foi dada continuidade \u00e0s tarefas do Grupo de Trabalho formado para estudar medidas que contribuam com o aprimoramento do perfil institucional da AGU.\r\n\r\nO encontro do GT ocorreu na sede da Advocacia-Geral da Uni\u00e3o, em Bras\u00edlia\/DF. Enquanto membros do Grupo, os diretores do SINPROFAZ Roberto Rodrigues e Jos\u00e9 Ernane Brito s\u00e3o respons\u00e1veis por defender os pleitos e as prerrogativas dos procuradores da Fazenda Nacional nas propostas que resultem desse trabalho conjunto.","_links":{"self":[{"href":"https:\/\/sinprofaz.org.br\/2024\/wp-json\/wp\/v2\/posts\/9240"}],"collection":[{"href":"https:\/\/sinprofaz.org.br\/2024\/wp-json\/wp\/v2\/posts"}],"about":[{"href":"https:\/\/sinprofaz.org.br\/2024\/wp-json\/wp\/v2\/types\/post"}],"author":[{"embeddable":true,"href":"https:\/\/sinprofaz.org.br\/2024\/wp-json\/wp\/v2\/users\/2"}],"replies":[{"embeddable":true,"href":"https:\/\/sinprofaz.org.br\/2024\/wp-json\/wp\/v2\/comments?post=9240"}],"version-history":[{"count":3,"href":"https:\/\/sinprofaz.org.br\/2024\/wp-json\/wp\/v2\/posts\/9240\/revisions"}],"predecessor-version":[{"id":9244,"href":"https:\/\/sinprofaz.org.br\/2024\/wp-json\/wp\/v2\/posts\/9240\/revisions\/9244"}],"wp:featuredmedia":[{"embeddable":true,"href":"https:\/\/sinprofaz.org.br\/2024\/wp-json\/wp\/v2\/media\/9241"}],"wp:attachment":[{"href":"https:\/\/sinprofaz.org.br\/2024\/wp-json\/wp\/v2\/media?parent=9240"}],"wp:term":[{"taxonomy":"category","embeddable":true,"href":"https:\/\/sinprofaz.org.br\/2024\/wp-json\/wp\/v2\/categories?post=9240"},{"taxonomy":"post_tag","embeddable":true,"href":"https:\/\/sinprofaz.org.br\/2024\/wp-json\/wp\/v2\/tags?post=9240"}],"curies":[{"name":"wp","href":"https:\/\/api.w.org\/{rel}","templated":true}]}}