{"id":9228,"date":"2019-02-21T08:59:57","date_gmt":"2019-02-21T11:59:57","guid":{"rendered":"http:\/\/www.sinprofaz.org.br\/?p=9228"},"modified":"2019-02-21T17:46:40","modified_gmt":"2019-02-21T20:46:40","slug":"presidente-do-sinprofaz-se-reune-com-fabricio-da-soller-novo-adjunto-do-agu","status":"publish","type":"post","link":"https:\/\/sinprofaz.org.br\/2024\/noticias\/presidente-do-sinprofaz-se-reune-com-fabricio-da-soller-novo-adjunto-do-agu\/","title":{"rendered":"PRESIDENTE DO SINPROFAZ SE RE\u00daNE COM FABR\u00cdCIO DA SOLLER, NOVO ADJUNTO DO AGU"},"content":{"rendered":"<p>O presidente do SINPROFAZ, Achilles Frias, esteve reunido na quarta-feira (20) com Fabr\u00edcio Da Soller. O ex-procurador-geral da Fazenda Nacional ocupa hoje o cargo de adjunto do advogado-geral da Uni\u00e3o, tendo o encontro ocorrido em seu gabinete, na sede da AGU, em Bras\u00edlia\/DF.<\/p>\n<p>Ao longo da reuni\u00e3o, Achilles Frias e Fabr\u00edcio Da Soller discutiram a quest\u00e3o do aperfei\u00e7oamento institucional da Advocacia-Geral da Uni\u00e3o. Na oportunidade, Da Soller assegurou que, enquanto adjunto do advogado-geral da Uni\u00e3o, e alinhado aos prop\u00f3sitos deste, dar\u00e1 continuidade ao trabalho pelo fortalecimento da Advocacia P\u00fablica Federal, em especial, dos procuradores da Fazenda Nacional, representando ponto de contato permanente entre a Carreira e a AGU.<\/p>\n","protected":false},"excerpt":{"rendered":"<p>Achilles Frias esteve reunido na quarta-feira (20) com Fabr\u00edcio Da Soller. O ex-procurador-geral da Fazenda Nacional ocupa hoje o cargo de adjunto do advogado-geral da Uni\u00e3o, tendo o encontro ocorrido em seu gabinete, na sede da AGU, em Bras\u00edlia\/DF.<\/p>\n","protected":false},"author":2,"featured_media":9229,"comment_status":"open","ping_status":"open","sticky":false,"template":"","format":"standard","meta":{"footnotes":""},"categories":[8],"tags":[43,32,25],"featured_image_url":"https:\/\/sinprofaz.org.br\/2024\/wp-content\/uploads\/2019\/02\/01-5-800x198.jpg","character_count":375,"formatted_date":"21\/02\/2019 - 08:59","contentNovo":"O presidente do SINPROFAZ, Achilles Frias, esteve reunido na quarta-feira (20) com Fabr\u00edcio Da Soller. O ex-procurador-geral da Fazenda Nacional ocupa hoje o cargo de adjunto do advogado-geral da Uni\u00e3o, tendo o encontro ocorrido em seu gabinete, na sede da AGU, em Bras\u00edlia\/DF.\r\n\r\nAo longo da reuni\u00e3o, Achilles Frias e Fabr\u00edcio Da Soller discutiram a quest\u00e3o do aperfei\u00e7oamento institucional da Advocacia-Geral da Uni\u00e3o. Na oportunidade, Da Soller assegurou que, enquanto adjunto do advogado-geral da Uni\u00e3o, e alinhado aos prop\u00f3sitos deste, dar\u00e1 continuidade ao trabalho pelo fortalecimento da Advocacia P\u00fablica Federal, em especial, dos procuradores da Fazenda Nacional, representando ponto de contato permanente entre a Carreira e a AGU.","_links":{"self":[{"href":"https:\/\/sinprofaz.org.br\/2024\/wp-json\/wp\/v2\/posts\/9228"}],"collection":[{"href":"https:\/\/sinprofaz.org.br\/2024\/wp-json\/wp\/v2\/posts"}],"about":[{"href":"https:\/\/sinprofaz.org.br\/2024\/wp-json\/wp\/v2\/types\/post"}],"author":[{"embeddable":true,"href":"https:\/\/sinprofaz.org.br\/2024\/wp-json\/wp\/v2\/users\/2"}],"replies":[{"embeddable":true,"href":"https:\/\/sinprofaz.org.br\/2024\/wp-json\/wp\/v2\/comments?post=9228"}],"version-history":[{"count":3,"href":"https:\/\/sinprofaz.org.br\/2024\/wp-json\/wp\/v2\/posts\/9228\/revisions"}],"predecessor-version":[{"id":9232,"href":"https:\/\/sinprofaz.org.br\/2024\/wp-json\/wp\/v2\/posts\/9228\/revisions\/9232"}],"wp:featuredmedia":[{"embeddable":true,"href":"https:\/\/sinprofaz.org.br\/2024\/wp-json\/wp\/v2\/media\/9229"}],"wp:attachment":[{"href":"https:\/\/sinprofaz.org.br\/2024\/wp-json\/wp\/v2\/media?parent=9228"}],"wp:term":[{"taxonomy":"category","embeddable":true,"href":"https:\/\/sinprofaz.org.br\/2024\/wp-json\/wp\/v2\/categories?post=9228"},{"taxonomy":"post_tag","embeddable":true,"href":"https:\/\/sinprofaz.org.br\/2024\/wp-json\/wp\/v2\/tags?post=9228"}],"curies":[{"name":"wp","href":"https:\/\/api.w.org\/{rel}","templated":true}]}}