{"id":922,"date":"2012-07-20T19:31:07","date_gmt":"2012-07-20T19:31:07","guid":{"rendered":""},"modified":"-0001-11-30T00:00:00","modified_gmt":"-0001-11-30T03:00:00","slug":"cejuris-abriga-debate-sobre-lei-organica-da-agu","status":"publish","type":"post","link":"https:\/\/sinprofaz.org.br\/2024\/noticias\/cejuris-abriga-debate-sobre-lei-organica-da-agu\/","title":{"rendered":"Cejuris abriga debate sobre Lei Org\u00e2nica da AGU"},"content":{"rendered":"<p>Assim como os Procuradores da Fazenda, membros das demais carreiras da Advocacia Geral da Uni\u00e3o t\u00eam aproveitado espa\u00e7os na m\u00eddia especializada para colaborar com o debate da lei org\u00e2nica da AGU.<\/p>\n<p>Esta semana foi postado texto de autoria da Procuradora do Banco Central Luciane Moessa comparando as propostas do ex-ministro da AGU Jos\u00e9 Toffoli e do atual ministro Lu\u00eds Adams. O texto foi publicado originalmente no site Consultor Jur\u00eddico. Na opini\u00e3o da autora, \u201cem alguns dos temas mais sens\u00edveis para a advocacia p\u00fablica federal, os dois anteprojetos em tramita\u00e7\u00e3o pouco avan\u00e7am ou, no caso do anteprojeto Adams, chega-se a retroceder\u201d.<\/p>\n<p>Ela chama aten\u00e7\u00e3o especialmente para os seguintes temas: a) autonomia institucional (administrativa e financeira) da Advocacia-Geral da Uni\u00e3o; b) autonomia funcional ou independ\u00eancia t\u00e9cnica e inamovibilidade de seus membros; c) necess\u00e1rio fortalecimento da consultoria jur\u00eddica; e d) necess\u00e1rio avan\u00e7o em termos de democratiza\u00e7\u00e3o e profissionaliza\u00e7\u00e3o da gest\u00e3o, a\u00ed inclu\u00eddos o preenchimento de cargos de confian\u00e7a, a lota\u00e7\u00e3o e a distribui\u00e7\u00e3o de trabalhos de acordo com crit\u00e9rios previamente definidos, relacionados ao perfil do cargo e de seus potenciais ocupantes.<\/p>\n<h3>Programa Argumento<\/h3>\n<p>O presidente do Sindicato e do Forvm Nacional da Advocacia P\u00fablica Federal, Allan Titonelli, ser\u00e1 o entrevistado do programa Argumento de amanh\u00e3, 21 de julho. Em pauta, as especificidades das carreiras que integram o sistema AGU, os problemas enfrentados no exerc\u00edcio das atividades e os pleitos da Mobiliza\u00e7\u00e3o da Advocacia P\u00fablica Federal.<\/p>\n<p>O programa ser\u00e1 exibido a partir das 12h, na TV Justi\u00e7a, com reprise na quarta-feira, 25\/07, \u00e0s 10h.<\/p>\n<p style=\"margin-top: 80px; text-align: center;\"><img decoding=\"async\" style=\"border: 1px solid #000000;\" title=\"Mobiliza\u00e7\u00e3o\" alt=\"Banner Mobiliza\u00e7\u00e3o\" src=\"\/images\/noticias\/mobilizacao2.gif\" \/><\/p>\n","protected":false},"excerpt":{"rendered":"<p>Entre os destaques da semana no espa\u00e7o Cejuris, SINPROFAZ recomenda leitura de artigos sobre lei org\u00e2nica da AGU.<\/p>\n","protected":false},"author":1,"featured_media":0,"comment_status":"closed","ping_status":"open","sticky":false,"template":"","format":"standard","meta":{"footnotes":""},"categories":[8],"tags":[],"featured_image_url":"https:\/\/dummyimage.com\/720x400","character_count":858,"formatted_date":"20\/07\/2012 - 19:31","contentNovo":"\r\n<p>Assim como os Procuradores da Fazenda, membros das demais carreiras da Advocacia Geral da Uni\u00e3o t\u00eam aproveitado espa\u00e7os na m\u00eddia especializada para colaborar com o debate da lei org\u00e2nica da AGU.<\/p>\r\n<p>Esta semana foi postado texto de autoria da Procuradora do Banco Central Luciane Moessa comparando as propostas do ex-ministro da AGU Jos\u00e9 Toffoli e do atual ministro Lu\u00eds Adams. O texto foi publicado originalmente no site Consultor Jur\u00eddico. Na opini\u00e3o da autora, \u201cem alguns dos temas mais sens\u00edveis para a advocacia p\u00fablica federal, os dois anteprojetos em tramita\u00e7\u00e3o pouco avan\u00e7am ou, no caso do anteprojeto Adams, chega-se a retroceder\u201d.<\/p>\r\n<p>Ela chama aten\u00e7\u00e3o especialmente para os seguintes temas: a) autonomia institucional (administrativa e financeira) da Advocacia-Geral da Uni\u00e3o; b) autonomia funcional ou independ\u00eancia t\u00e9cnica e inamovibilidade de seus membros; c) necess\u00e1rio fortalecimento da consultoria jur\u00eddica; e d) necess\u00e1rio avan\u00e7o em termos de democratiza\u00e7\u00e3o e profissionaliza\u00e7\u00e3o da gest\u00e3o, a\u00ed inclu\u00eddos o preenchimento de cargos de confian\u00e7a, a lota\u00e7\u00e3o e a distribui\u00e7\u00e3o de trabalhos de acordo com crit\u00e9rios previamente definidos, relacionados ao perfil do cargo e de seus potenciais ocupantes.<\/p>\r\nPrograma Argumento\r\n<p>O presidente do Sindicato e do Forvm Nacional da Advocacia P\u00fablica Federal, Allan Titonelli, ser\u00e1 o entrevistado do programa Argumento de amanh\u00e3, 21 de julho. Em pauta, as especificidades das carreiras que integram o sistema AGU, os problemas enfrentados no exerc\u00edcio das atividades e os pleitos da Mobiliza\u00e7\u00e3o da Advocacia P\u00fablica Federal.<\/p>\r\n<p>O programa ser\u00e1 exibido a partir das 12h, na TV Justi\u00e7a, com reprise na quarta-feira, 25\/07, \u00e0s 10h.<\/p>\r\n<p style=\"margin-top: 80px; text-align: center;\"><\/p>","_links":{"self":[{"href":"https:\/\/sinprofaz.org.br\/2024\/wp-json\/wp\/v2\/posts\/922"}],"collection":[{"href":"https:\/\/sinprofaz.org.br\/2024\/wp-json\/wp\/v2\/posts"}],"about":[{"href":"https:\/\/sinprofaz.org.br\/2024\/wp-json\/wp\/v2\/types\/post"}],"author":[{"embeddable":true,"href":"https:\/\/sinprofaz.org.br\/2024\/wp-json\/wp\/v2\/users\/1"}],"replies":[{"embeddable":true,"href":"https:\/\/sinprofaz.org.br\/2024\/wp-json\/wp\/v2\/comments?post=922"}],"version-history":[{"count":0,"href":"https:\/\/sinprofaz.org.br\/2024\/wp-json\/wp\/v2\/posts\/922\/revisions"}],"wp:attachment":[{"href":"https:\/\/sinprofaz.org.br\/2024\/wp-json\/wp\/v2\/media?parent=922"}],"wp:term":[{"taxonomy":"category","embeddable":true,"href":"https:\/\/sinprofaz.org.br\/2024\/wp-json\/wp\/v2\/categories?post=922"},{"taxonomy":"post_tag","embeddable":true,"href":"https:\/\/sinprofaz.org.br\/2024\/wp-json\/wp\/v2\/tags?post=922"}],"curies":[{"name":"wp","href":"https:\/\/api.w.org\/{rel}","templated":true}]}}