{"id":9215,"date":"2019-02-20T09:14:46","date_gmt":"2019-02-20T12:14:46","guid":{"rendered":"http:\/\/www.sinprofaz.org.br\/?p=9215"},"modified":"2019-02-20T16:06:52","modified_gmt":"2019-02-20T19:06:52","slug":"resultados-do-diagnostico-da-carreira-sao-apresentados-no-18-encontro","status":"publish","type":"post","link":"https:\/\/sinprofaz.org.br\/2024\/noticias\/resultados-do-diagnostico-da-carreira-sao-apresentados-no-18-encontro\/","title":{"rendered":"RESULTADOS DO DIAGN\u00d3STICO DA CARREIRA S\u00c3O APRESENTADOS NO 18\u00ba ENCONTRO"},"content":{"rendered":"<p>Um dos destaques do 18\u00ba Encontro do SINPROFAZ foi a apresenta\u00e7\u00e3o dos resultados preliminares do Primeiro Diagn\u00f3stico da Carreira de Procurador da Fazenda Nacional. A pesquisa, que analisou aspectos relativos a demografia, identidade e trabalho dos PFNs no Brasil, foi promovida pelo SINPROFAZ e executada pela Psych &#8211; Psicologia Cl\u00ednica e Organizacional. A mesa de trabalhos durante a apresenta\u00e7\u00e3o contou com as presen\u00e7as do psic\u00f3logo Cristiano Costa, s\u00f3cio-administrador da empresa respons\u00e1vel pelo Diagn\u00f3stico, e do diretor do SINPROFAZ S\u00e9rgio Carneiro, tendo sido presidida pelo diretor Giuliano Menezes Campos.<\/p>\n<p>De acordo com a edi\u00e7\u00e3o 2018 do relat\u00f3rio \u201cPGFN em N\u00fameros\u201d, est\u00e3o em atividade 2143 PFNs, em 110 unidades em todo o pa\u00eds. Segundo Cristiano Costa, para um Diagn\u00f3stico com 95% de confian\u00e7a \u2013 ou margem de erro de 5% \u2013, seriam necess\u00e1rias 340 respostas integrais. \u201cObtivemos a participa\u00e7\u00e3o de 642 PFNs, 30% do total de procuradores do Brasil\u201d, comemorou o psic\u00f3logo. Ao longo da exposi\u00e7\u00e3o, Costa fez considera\u00e7\u00f5es acerca da metodologia da pesquisa e ressaltou a abrang\u00eancia do question\u00e1rio aplicado, o qual foi respondido por 399 participantes do sexo masculino (62%) e 243 do sexo feminino (38%). O Diagn\u00f3stico atingiu tamb\u00e9m os n\u00e3o associados: 11% dos respondentes afirmaram n\u00e3o ter filia\u00e7\u00e3o ao Sindicato.<\/p>\n<p>Para o diretor S\u00e9rgio Carneiro, que \u00e9 um dos coordenadores da pesquisa, \u00e9 fundamental que existam dados para que a Diretoria do SINPROFAZ e a pr\u00f3pria PGFN conhe\u00e7am o que a Carreira pensa e deseja. Tamb\u00e9m \u00e9 importante que esse conhecimento a respeito dos PFNs e de seu trabalho seja acess\u00edvel \u00e0 sociedade. &#8220;Descobriu-se que muitos procuradores, antes de ingressar na Carreira, exerceram outros cargos de relev\u00e2ncia, como promotor de justi\u00e7a, procurador estadual ou municipal e advogado de estatal. Nossa Carreira, portanto, n\u00e3o \u00e9 de entrada no servi\u00e7o p\u00fablico, ao contr\u00e1rio: est\u00e1 demonstrado que ela atrai pessoas com grande bagagem jur\u00eddica. S\u00e3o centenas de p\u00f3s-graduados, de mestres e de doutores.&#8221;<\/p>\n<p>A pesquisa verificou que as prioridades e as lutas do SINPROFAZ s\u00e3o consideradas da mais alta relev\u00e2ncia \u2013 inclusive pelos n\u00e3o filiados \u2013, com destaque para a defesa de melhores condi\u00e7\u00f5es de trabalho, do efetivo quadro de apoio, das prerrogativas da Carreira e da autonomia t\u00e9cnica, administrativa, or\u00e7ament\u00e1ria e financeira da Advocacia P\u00fablica. Iniciativas como o Soneg\u00f4metro, a Revista Justi\u00e7a Fiscal, o Manual do Contribuinte e o Encontro Nacional dos Procuradores da Fazenda Nacional foram respaldadas pela maioria dos participantes, assim como a atua\u00e7\u00e3o do Sindicato no F\u00f3rum Nacional da Advocacia P\u00fablica Federal, no Movimento Nacional pela Advocacia P\u00fablica e no F\u00f3rum Nacional Permanente de Carreiras T\u00edpicas de Estado &#8211; Fonacate.<\/p>\n<p>Verificou-se ainda que o comprometimento com o interesse p\u00fablico \u00e9 considerado o atributo mais relevante \u00e0 qualifica\u00e7\u00e3o do PFN, seguido do saber t\u00e9cnico-jur\u00eddico e do comprometimento com os princ\u00edpios institucionais da PGFN. Esta e outras descobertas obtidas no Primeiro Diagn\u00f3stico da Carreira de Procurador da Fazenda Nacional ser\u00e3o avaliadas detalhadamente pelo SINPROFAZ e, em breve, amplamente divulgadas aos p\u00fablicos de interesse do Sindicato, como o Poder Executivo, o Congresso Nacional e a sociedade em geral. Os dados servir\u00e3o como base para pol\u00edticas de fortalecimento da Carreira colocadas em pr\u00e1tica pelo SINPROFAZ e pela Procuradoria-Geral da Fazenda Nacional.<\/p>\n\n\t\t<style type=\"text\/css\">\n\t\t\t#gallery-1 {\n\t\t\t\tmargin: auto;\n\t\t\t}\n\t\t\t#gallery-1 .gallery-item {\n\t\t\t\tfloat: left;\n\t\t\t\tmargin-top: 10px;\n\t\t\t\ttext-align: center;\n\t\t\t\twidth: 33%;\n\t\t\t}\n\t\t\t#gallery-1 img {\n\t\t\t\tborder: 2px solid #cfcfcf;\n\t\t\t}\n\t\t\t#gallery-1 .gallery-caption {\n\t\t\t\tmargin-left: 0;\n\t\t\t}\n\t\t\t\/* see gallery_shortcode() in wp-includes\/media.php *\/\n\t\t<\/style>\n\t\t<div id='gallery-1' class='gallery galleryid-9215 gallery-columns-3 gallery-size-thumbnail'><dl class='gallery-item'>\n\t\t\t<dt class='gallery-icon landscape'>\n\t\t\t\t<a href='https:\/\/sinprofaz.org.br\/2024\/wp-content\/uploads\/2019\/02\/04.jpg'><img loading=\"lazy\" decoding=\"async\" width=\"150\" height=\"150\" src=\"https:\/\/sinprofaz.org.br\/2024\/wp-content\/uploads\/2019\/02\/04-150x150.jpg\" class=\"attachment-thumbnail size-thumbnail\" alt=\"\" \/><\/a>\n\t\t\t<\/dt><\/dl><dl class='gallery-item'>\n\t\t\t<dt class='gallery-icon landscape'>\n\t\t\t\t<a href='https:\/\/sinprofaz.org.br\/2024\/wp-content\/uploads\/2019\/02\/03-2.jpg'><img loading=\"lazy\" decoding=\"async\" width=\"150\" height=\"150\" src=\"https:\/\/sinprofaz.org.br\/2024\/wp-content\/uploads\/2019\/02\/03-2-150x150.jpg\" class=\"attachment-thumbnail size-thumbnail\" alt=\"\" \/><\/a>\n\t\t\t<\/dt><\/dl><dl class='gallery-item'>\n\t\t\t<dt class='gallery-icon landscape'>\n\t\t\t\t<a href='https:\/\/sinprofaz.org.br\/2024\/wp-content\/uploads\/2019\/02\/02-2.jpg'><img loading=\"lazy\" decoding=\"async\" width=\"150\" height=\"150\" src=\"https:\/\/sinprofaz.org.br\/2024\/wp-content\/uploads\/2019\/02\/02-2-150x150.jpg\" class=\"attachment-thumbnail size-thumbnail\" alt=\"\" \/><\/a>\n\t\t\t<\/dt><\/dl><br style=\"clear: both\" \/>\n\t\t<\/div>\n\n","protected":false},"excerpt":{"rendered":"<p>Um dos destaques do 18\u00ba Encontro foi a apresenta\u00e7\u00e3o dos resultados do Primeiro Diagn\u00f3stico da Carreira de Procurador da Fazenda Nacional. A pesquisa analisou aspectos relativos a demografia, identidade e trabalho dos PFNs.<\/p>\n","protected":false},"author":2,"featured_media":9216,"comment_status":"open","ping_status":"open","sticky":false,"template":"","format":"standard","meta":{"footnotes":""},"categories":[8],"tags":[32,62,25],"featured_image_url":"https:\/\/sinprofaz.org.br\/2024\/wp-content\/uploads\/2019\/02\/01-4-800x198.jpg","character_count":1971,"formatted_date":"20\/02\/2019 - 09:14","contentNovo":"Um dos destaques do 18\u00ba Encontro do SINPROFAZ foi a apresenta\u00e7\u00e3o dos resultados preliminares do Primeiro Diagn\u00f3stico da Carreira de Procurador da Fazenda Nacional. A pesquisa, que analisou aspectos relativos a demografia, identidade e trabalho dos PFNs no Brasil, foi promovida pelo SINPROFAZ e executada pela Psych - Psicologia Cl\u00ednica e Organizacional. A mesa de trabalhos durante a apresenta\u00e7\u00e3o contou com as presen\u00e7as do psic\u00f3logo Cristiano Costa, s\u00f3cio-administrador da empresa respons\u00e1vel pelo Diagn\u00f3stico, e do diretor do SINPROFAZ S\u00e9rgio Carneiro, tendo sido presidida pelo diretor Giuliano Menezes Campos.\r\n\r\nDe acordo com a edi\u00e7\u00e3o 2018 do relat\u00f3rio \u201cPGFN em N\u00fameros\u201d, est\u00e3o em atividade 2143 PFNs, em 110 unidades em todo o pa\u00eds. Segundo Cristiano Costa, para um Diagn\u00f3stico com 95% de confian\u00e7a \u2013 ou margem de erro de 5% \u2013, seriam necess\u00e1rias 340 respostas integrais. \u201cObtivemos a participa\u00e7\u00e3o de 642 PFNs, 30% do total de procuradores do Brasil\u201d, comemorou o psic\u00f3logo. Ao longo da exposi\u00e7\u00e3o, Costa fez considera\u00e7\u00f5es acerca da metodologia da pesquisa e ressaltou a abrang\u00eancia do question\u00e1rio aplicado, o qual foi respondido por 399 participantes do sexo masculino (62%) e 243 do sexo feminino (38%). O Diagn\u00f3stico atingiu tamb\u00e9m os n\u00e3o associados: 11% dos respondentes afirmaram n\u00e3o ter filia\u00e7\u00e3o ao Sindicato.\r\n\r\nPara o diretor S\u00e9rgio Carneiro, que \u00e9 um dos coordenadores da pesquisa, \u00e9 fundamental que existam dados para que a Diretoria do SINPROFAZ e a pr\u00f3pria PGFN conhe\u00e7am o que a Carreira pensa e deseja. Tamb\u00e9m \u00e9 importante que esse conhecimento a respeito dos PFNs e de seu trabalho seja acess\u00edvel \u00e0 sociedade. \"Descobriu-se que muitos procuradores, antes de ingressar na Carreira, exerceram outros cargos de relev\u00e2ncia, como promotor de justi\u00e7a, procurador estadual ou municipal e advogado de estatal. Nossa Carreira, portanto, n\u00e3o \u00e9 de entrada no servi\u00e7o p\u00fablico, ao contr\u00e1rio: est\u00e1 demonstrado que ela atrai pessoas com grande bagagem jur\u00eddica. S\u00e3o centenas de p\u00f3s-graduados, de mestres e de doutores.\"\r\n\r\nA pesquisa verificou que as prioridades e as lutas do SINPROFAZ s\u00e3o consideradas da mais alta relev\u00e2ncia \u2013 inclusive pelos n\u00e3o filiados \u2013, com destaque para a defesa de melhores condi\u00e7\u00f5es de trabalho, do efetivo quadro de apoio, das prerrogativas da Carreira e da autonomia t\u00e9cnica, administrativa, or\u00e7ament\u00e1ria e financeira da Advocacia P\u00fablica. Iniciativas como o Soneg\u00f4metro, a Revista Justi\u00e7a Fiscal, o Manual do Contribuinte e o Encontro Nacional dos Procuradores da Fazenda Nacional foram respaldadas pela maioria dos participantes, assim como a atua\u00e7\u00e3o do Sindicato no F\u00f3rum Nacional da Advocacia P\u00fablica Federal, no Movimento Nacional pela Advocacia P\u00fablica e no F\u00f3rum Nacional Permanente de Carreiras T\u00edpicas de Estado - Fonacate.\r\n\r\nVerificou-se ainda que o comprometimento com o interesse p\u00fablico \u00e9 considerado o atributo mais relevante \u00e0 qualifica\u00e7\u00e3o do PFN, seguido do saber t\u00e9cnico-jur\u00eddico e do comprometimento com os princ\u00edpios institucionais da PGFN. Esta e outras descobertas obtidas no Primeiro Diagn\u00f3stico da Carreira de Procurador da Fazenda Nacional ser\u00e3o avaliadas detalhadamente pelo SINPROFAZ e, em breve, amplamente divulgadas aos p\u00fablicos de interesse do Sindicato, como o Poder Executivo, o Congresso Nacional e a sociedade em geral. Os dados servir\u00e3o como base para pol\u00edticas de fortalecimento da Carreira colocadas em pr\u00e1tica pelo SINPROFAZ e pela Procuradoria-Geral da Fazenda Nacional.\r\n\r\n[gallery link=\"file\" ids=\"9219,9218,9217\"]","_links":{"self":[{"href":"https:\/\/sinprofaz.org.br\/2024\/wp-json\/wp\/v2\/posts\/9215"}],"collection":[{"href":"https:\/\/sinprofaz.org.br\/2024\/wp-json\/wp\/v2\/posts"}],"about":[{"href":"https:\/\/sinprofaz.org.br\/2024\/wp-json\/wp\/v2\/types\/post"}],"author":[{"embeddable":true,"href":"https:\/\/sinprofaz.org.br\/2024\/wp-json\/wp\/v2\/users\/2"}],"replies":[{"embeddable":true,"href":"https:\/\/sinprofaz.org.br\/2024\/wp-json\/wp\/v2\/comments?post=9215"}],"version-history":[{"count":3,"href":"https:\/\/sinprofaz.org.br\/2024\/wp-json\/wp\/v2\/posts\/9215\/revisions"}],"predecessor-version":[{"id":9222,"href":"https:\/\/sinprofaz.org.br\/2024\/wp-json\/wp\/v2\/posts\/9215\/revisions\/9222"}],"wp:featuredmedia":[{"embeddable":true,"href":"https:\/\/sinprofaz.org.br\/2024\/wp-json\/wp\/v2\/media\/9216"}],"wp:attachment":[{"href":"https:\/\/sinprofaz.org.br\/2024\/wp-json\/wp\/v2\/media?parent=9215"}],"wp:term":[{"taxonomy":"category","embeddable":true,"href":"https:\/\/sinprofaz.org.br\/2024\/wp-json\/wp\/v2\/categories?post=9215"},{"taxonomy":"post_tag","embeddable":true,"href":"https:\/\/sinprofaz.org.br\/2024\/wp-json\/wp\/v2\/tags?post=9215"}],"curies":[{"name":"wp","href":"https:\/\/api.w.org\/{rel}","templated":true}]}}