{"id":9213,"date":"2019-02-15T15:39:55","date_gmt":"2019-02-15T17:39:55","guid":{"rendered":"http:\/\/www.sinprofaz.org.br\/?p=9213"},"modified":"2019-02-20T09:17:28","modified_gmt":"2019-02-20T12:17:28","slug":"sinprofaz-contrata-gustavo-binenbojm-para-defesa-de-prerrogativa-dos-pfns","status":"publish","type":"post","link":"https:\/\/sinprofaz.org.br\/2024\/noticias\/sinprofaz-contrata-gustavo-binenbojm-para-defesa-de-prerrogativa-dos-pfns\/","title":{"rendered":"SINPROFAZ CONTRATA GUSTAVO BINENBOJM PARA DEFESA DE PRERROGATIVA DOS PFNS"},"content":{"rendered":"<p>O Sindicato Nacional dos Procuradores da Fazenda Nacional &#8211; SINPROFAZ contratou Gustavo Binenbojm. O advogado ser\u00e1 respons\u00e1vel pela defesa, no \u00e2mbito judicial, de prerrogativas da Carreira.<\/p>\n","protected":false},"excerpt":{"rendered":"<p>O Sindicato Nacional dos Procuradores da Fazenda Nacional &#8211; SINPROFAZ contratou Gustavo Binenbojm. O advogado ser\u00e1 respons\u00e1vel pela defesa, no \u00e2mbito judicial, de prerrogativas da Carreira.<\/p>\n","protected":false},"author":2,"featured_media":2626,"comment_status":"open","ping_status":"open","sticky":false,"template":"","format":"standard","meta":{"footnotes":""},"categories":[8],"tags":[32,25],"featured_image_url":"https:\/\/sinprofaz.org.br\/2024\/wp-content\/uploads\/2016\/01\/logo-sinprofaz.jpg","character_count":100,"formatted_date":"15\/02\/2019 - 15:39","contentNovo":"O Sindicato Nacional dos Procuradores da Fazenda Nacional - SINPROFAZ contratou Gustavo Binenbojm. O advogado ser\u00e1 respons\u00e1vel pela defesa, no \u00e2mbito judicial, de prerrogativas da Carreira.","_links":{"self":[{"href":"https:\/\/sinprofaz.org.br\/2024\/wp-json\/wp\/v2\/posts\/9213"}],"collection":[{"href":"https:\/\/sinprofaz.org.br\/2024\/wp-json\/wp\/v2\/posts"}],"about":[{"href":"https:\/\/sinprofaz.org.br\/2024\/wp-json\/wp\/v2\/types\/post"}],"author":[{"embeddable":true,"href":"https:\/\/sinprofaz.org.br\/2024\/wp-json\/wp\/v2\/users\/2"}],"replies":[{"embeddable":true,"href":"https:\/\/sinprofaz.org.br\/2024\/wp-json\/wp\/v2\/comments?post=9213"}],"version-history":[{"count":1,"href":"https:\/\/sinprofaz.org.br\/2024\/wp-json\/wp\/v2\/posts\/9213\/revisions"}],"predecessor-version":[{"id":9214,"href":"https:\/\/sinprofaz.org.br\/2024\/wp-json\/wp\/v2\/posts\/9213\/revisions\/9214"}],"wp:featuredmedia":[{"embeddable":true,"href":"https:\/\/sinprofaz.org.br\/2024\/wp-json\/wp\/v2\/media\/2626"}],"wp:attachment":[{"href":"https:\/\/sinprofaz.org.br\/2024\/wp-json\/wp\/v2\/media?parent=9213"}],"wp:term":[{"taxonomy":"category","embeddable":true,"href":"https:\/\/sinprofaz.org.br\/2024\/wp-json\/wp\/v2\/categories?post=9213"},{"taxonomy":"post_tag","embeddable":true,"href":"https:\/\/sinprofaz.org.br\/2024\/wp-json\/wp\/v2\/tags?post=9213"}],"curies":[{"name":"wp","href":"https:\/\/api.w.org\/{rel}","templated":true}]}}