{"id":9204,"date":"2019-02-14T09:11:48","date_gmt":"2019-02-14T11:11:48","guid":{"rendered":"http:\/\/www.sinprofaz.org.br\/?p=9204"},"modified":"2019-02-15T13:58:27","modified_gmt":"2019-02-15T15:58:27","slug":"forvm-contrata-jose-eduardo-cardozo-para-defesa-de-prerrogativas","status":"publish","type":"post","link":"https:\/\/sinprofaz.org.br\/2024\/noticias\/forvm-contrata-jose-eduardo-cardozo-para-defesa-de-prerrogativas\/","title":{"rendered":"FORVM CONTRATA JOS\u00c9 EDUARDO CARDOZO PARA DEFESA DE PRERROGATIVAS"},"content":{"rendered":"<p>O F\u00f3rum Nacional da Advocacia P\u00fablica Federal, formado por ANAJUR, ANAUNI, ANPPREV e SINPROFAZ, contratou Jos\u00e9 Eduardo Cardozo. O advogado ser\u00e1 respons\u00e1vel pela defesa, no \u00e2mbito judicial, de prerrogativas da Advocacia P\u00fablica Federal.<\/p>\n<p>Jos\u00e9 Eduardo Cardozo \u00e9 ex-advogado-geral da Uni\u00e3o (2016) e ex-ministro da Justi\u00e7a (2011-2016). Atuou tamb\u00e9m como deputado federal por S\u00e3o Paulo (2003-2011). \u00c9 procurador do Munic\u00edpio de S\u00e3o Paulo aposentado.<\/p>\n","protected":false},"excerpt":{"rendered":"<p>O F\u00f3rum Nacional da Advocacia P\u00fablica Federal, formado por ANAJUR, ANAUNI, ANPPREV e SINPROFAZ, contratou Jos\u00e9 Eduardo Cardozo. O advogado ser\u00e1 respons\u00e1vel pela defesa, no \u00e2mbito judicial, de prerrogativas da Advocacia P\u00fablica Federal.<\/p>\n","protected":false},"author":2,"featured_media":8076,"comment_status":"open","ping_status":"open","sticky":false,"template":"","format":"standard","meta":{"footnotes":""},"categories":[8],"tags":[34,137,25],"featured_image_url":"https:\/\/sinprofaz.org.br\/2024\/wp-content\/uploads\/2018\/04\/logo-forvm-300x198.jpg","character_count":230,"formatted_date":"14\/02\/2019 - 09:11","contentNovo":"O F\u00f3rum Nacional da Advocacia P\u00fablica Federal, formado por ANAJUR, ANAUNI, ANPPREV e SINPROFAZ, contratou Jos\u00e9 Eduardo Cardozo. O advogado ser\u00e1 respons\u00e1vel pela defesa, no \u00e2mbito judicial, de prerrogativas da Advocacia P\u00fablica Federal.\r\n\r\nJos\u00e9 Eduardo Cardozo \u00e9 ex-advogado-geral da Uni\u00e3o (2016) e ex-ministro da Justi\u00e7a (2011-2016). Atuou tamb\u00e9m como deputado federal por S\u00e3o Paulo (2003-2011). \u00c9 procurador do Munic\u00edpio de S\u00e3o Paulo aposentado.","_links":{"self":[{"href":"https:\/\/sinprofaz.org.br\/2024\/wp-json\/wp\/v2\/posts\/9204"}],"collection":[{"href":"https:\/\/sinprofaz.org.br\/2024\/wp-json\/wp\/v2\/posts"}],"about":[{"href":"https:\/\/sinprofaz.org.br\/2024\/wp-json\/wp\/v2\/types\/post"}],"author":[{"embeddable":true,"href":"https:\/\/sinprofaz.org.br\/2024\/wp-json\/wp\/v2\/users\/2"}],"replies":[{"embeddable":true,"href":"https:\/\/sinprofaz.org.br\/2024\/wp-json\/wp\/v2\/comments?post=9204"}],"version-history":[{"count":1,"href":"https:\/\/sinprofaz.org.br\/2024\/wp-json\/wp\/v2\/posts\/9204\/revisions"}],"predecessor-version":[{"id":9205,"href":"https:\/\/sinprofaz.org.br\/2024\/wp-json\/wp\/v2\/posts\/9204\/revisions\/9205"}],"wp:featuredmedia":[{"embeddable":true,"href":"https:\/\/sinprofaz.org.br\/2024\/wp-json\/wp\/v2\/media\/8076"}],"wp:attachment":[{"href":"https:\/\/sinprofaz.org.br\/2024\/wp-json\/wp\/v2\/media?parent=9204"}],"wp:term":[{"taxonomy":"category","embeddable":true,"href":"https:\/\/sinprofaz.org.br\/2024\/wp-json\/wp\/v2\/categories?post=9204"},{"taxonomy":"post_tag","embeddable":true,"href":"https:\/\/sinprofaz.org.br\/2024\/wp-json\/wp\/v2\/tags?post=9204"}],"curies":[{"name":"wp","href":"https:\/\/api.w.org\/{rel}","templated":true}]}}