{"id":9181,"date":"2019-02-11T09:30:23","date_gmt":"2019-02-11T11:30:23","guid":{"rendered":"http:\/\/www.sinprofaz.org.br\/?p=9181"},"modified":"2019-02-12T17:53:35","modified_gmt":"2019-02-12T19:53:35","slug":"diretor-executivo-da-plural-elogia-atuacao-tecnica-da-pgfn","status":"publish","type":"post","link":"https:\/\/sinprofaz.org.br\/2024\/noticias\/diretor-executivo-da-plural-elogia-atuacao-tecnica-da-pgfn\/","title":{"rendered":"DIRETOR-EXECUTIVO DA PLURAL ELOGIA ATUA\u00c7\u00c3O T\u00c9CNICA DA PGFN"},"content":{"rendered":"<p>O 18\u00ba Encontro Nacional dos Procuradores da Fazenda Nacional contou com o patroc\u00ednio da Plural &#8211; Associa\u00e7\u00e3o Nacional das Distribuidoras de Combust\u00edveis, Lubrificantes, Log\u00edstica e Conveni\u00eancia, do Conselho Nacional do SESI e da Itaipu Binacional. O evento, realizado em novembro de 2018, foi prestigiado por dois representantes da Associa\u00e7\u00e3o: Jorge Luiz de Oliveira e Helvio Rebeschini, diretor-executivo e diretor de Planejamento Estrat\u00e9gico e Mercado, respectivamente.<\/p>\n<p>Durante a cerim\u00f4nia de abertura do evento, Jorge Luiz de Oliveira agradeceu ao SINPROFAZ pela oportunidade de falar &#8220;a um p\u00fablico t\u00e3o seleto quanto o de procuradores da Fazenda Nacional&#8221;. Ele destacou a import\u00e2ncia da aprova\u00e7\u00e3o do Projeto de Lei do Senado n\u00b0 284\/2017 &#8211; o qual caracteriza o devedor contumaz &#8211; e teceu elogios \u00e0 Procuradoria-Geral da Fazenda Nacional: &#8220;Enquanto representante da iniciativa privada, confirmo que essa &#8216;nova concep\u00e7\u00e3o de Fazenda P\u00fablica&#8217; \u00e9 uma realidade. A PGFN tem feito um trabalho excepcional, coordenado e de grande compet\u00eancia t\u00e9cnica que merece todo o reconhecimento&#8221;.<\/p>\n<p>Ao longo da exposi\u00e7\u00e3o, Jorge Luiz de Oliveira deu destaque ao Instituto Brasileiro de \u00c9tica Concorrencial &#8211; ETCO, fundado em 2003 pela Plural. O ETCO \u00e9 uma OSCIP que promove a integridade no ambiente de neg\u00f3cios. A partir da premissa de que a concorr\u00eancia leal constitui alicerce do desenvolvimento econ\u00f4mico e da constru\u00e7\u00e3o de uma na\u00e7\u00e3o mais justa, o ETCO atua para identificar, propor e apoiar iniciativas que reduzam pr\u00e1ticas il\u00edcitas motivadoras de desequil\u00edbrios no mercado, como a evas\u00e3o fiscal, a informalidade, a falsifica\u00e7\u00e3o e o contrabando.<\/p>\n<p><strong>Sobre a Plural<\/strong><br \/>\nA Plural nasceu com o intuito de aumentar o n\u00edvel de representatividade do Sindicom &#8211; Sindicato Nacional das Empresas Distribuidoras de Combust\u00edveis e de Lubrificantes. O papel da associa\u00e7\u00e3o vai al\u00e9m da representa\u00e7\u00e3o sindical: a Plural atua como promotora de um ambiente de neg\u00f3cios equilibrado, que garanta seguran\u00e7a aos investimentos em infraestrutura necess\u00e1rios ao pa\u00eds. \u00c0 frente de um dos setores mais sens\u00edveis da economia, a entidade tem posi\u00e7\u00e3o de grande import\u00e2ncia no cen\u00e1rio nacional, em que a crise financeira e a reconstru\u00e7\u00e3o do Estado s\u00e3o assuntos priorit\u00e1rios na agenda de debates.<\/p>\n\n\t\t<style type=\"text\/css\">\n\t\t\t#gallery-1 {\n\t\t\t\tmargin: auto;\n\t\t\t}\n\t\t\t#gallery-1 .gallery-item {\n\t\t\t\tfloat: left;\n\t\t\t\tmargin-top: 10px;\n\t\t\t\ttext-align: center;\n\t\t\t\twidth: 33%;\n\t\t\t}\n\t\t\t#gallery-1 img {\n\t\t\t\tborder: 2px solid #cfcfcf;\n\t\t\t}\n\t\t\t#gallery-1 .gallery-caption {\n\t\t\t\tmargin-left: 0;\n\t\t\t}\n\t\t\t\/* see gallery_shortcode() in wp-includes\/media.php *\/\n\t\t<\/style>\n\t\t<div id='gallery-1' class='gallery galleryid-9181 gallery-columns-3 gallery-size-thumbnail'><dl class='gallery-item'>\n\t\t\t<dt class='gallery-icon landscape'>\n\t\t\t\t<a href='https:\/\/sinprofaz.org.br\/2024\/wp-content\/uploads\/2019\/02\/02-1.jpg'><img loading=\"lazy\" decoding=\"async\" width=\"150\" height=\"150\" src=\"https:\/\/sinprofaz.org.br\/2024\/wp-content\/uploads\/2019\/02\/02-1-150x150.jpg\" class=\"attachment-thumbnail size-thumbnail\" alt=\"\" \/><\/a>\n\t\t\t<\/dt><\/dl><dl class='gallery-item'>\n\t\t\t<dt class='gallery-icon landscape'>\n\t\t\t\t<a href='https:\/\/sinprofaz.org.br\/2024\/wp-content\/uploads\/2019\/02\/03-1.jpg'><img loading=\"lazy\" decoding=\"async\" width=\"150\" height=\"150\" src=\"https:\/\/sinprofaz.org.br\/2024\/wp-content\/uploads\/2019\/02\/03-1-150x150.jpg\" class=\"attachment-thumbnail size-thumbnail\" alt=\"\" \/><\/a>\n\t\t\t<\/dt><\/dl>\n\t\t\t<br style='clear: both' \/>\n\t\t<\/div>\n\n","protected":false},"excerpt":{"rendered":"<p>O 18\u00ba Encontro contou com patroc\u00ednio da Plural &#8211; Associa\u00e7\u00e3o Nacional das Distribuidoras de Combust\u00edveis, Lubrificantes, Log\u00edstica e Conveni\u00eancia. O evento foi prestigiado por dois representantes da Associa\u00e7\u00e3o: Jorge Luiz de Oliveira e Helvio Rebeschini.<\/p>\n","protected":false},"author":2,"featured_media":9182,"comment_status":"open","ping_status":"open","sticky":false,"template":"","format":"standard","meta":{"footnotes":""},"categories":[8],"tags":[32,62,25],"featured_image_url":"https:\/\/sinprofaz.org.br\/2024\/wp-content\/uploads\/2019\/02\/01-2-800x198.jpg","character_count":1369,"formatted_date":"11\/02\/2019 - 09:30","contentNovo":"O 18\u00ba Encontro Nacional dos Procuradores da Fazenda Nacional contou com o patroc\u00ednio da Plural - Associa\u00e7\u00e3o Nacional das Distribuidoras de Combust\u00edveis, Lubrificantes, Log\u00edstica e Conveni\u00eancia, do Conselho Nacional do SESI e da Itaipu Binacional. O evento, realizado em novembro de 2018, foi prestigiado por dois representantes da Associa\u00e7\u00e3o: Jorge Luiz de Oliveira e Helvio Rebeschini, diretor-executivo e diretor de Planejamento Estrat\u00e9gico e Mercado, respectivamente.\r\n\r\nDurante a cerim\u00f4nia de abertura do evento, Jorge Luiz de Oliveira agradeceu ao SINPROFAZ pela oportunidade de falar \"a um p\u00fablico t\u00e3o seleto quanto o de procuradores da Fazenda Nacional\". Ele destacou a import\u00e2ncia da aprova\u00e7\u00e3o do Projeto de Lei do Senado n\u00b0 284\/2017 - o qual caracteriza o devedor contumaz - e teceu elogios \u00e0 Procuradoria-Geral da Fazenda Nacional: \"Enquanto representante da iniciativa privada, confirmo que essa 'nova concep\u00e7\u00e3o de Fazenda P\u00fablica' \u00e9 uma realidade. A PGFN tem feito um trabalho excepcional, coordenado e de grande compet\u00eancia t\u00e9cnica que merece todo o reconhecimento\".\r\n\r\nAo longo da exposi\u00e7\u00e3o, Jorge Luiz de Oliveira deu destaque ao Instituto Brasileiro de \u00c9tica Concorrencial - ETCO, fundado em 2003 pela Plural. O ETCO \u00e9 uma OSCIP que promove a integridade no ambiente de neg\u00f3cios. A partir da premissa de que a concorr\u00eancia leal constitui alicerce do desenvolvimento econ\u00f4mico e da constru\u00e7\u00e3o de uma na\u00e7\u00e3o mais justa, o ETCO atua para identificar, propor e apoiar iniciativas que reduzam pr\u00e1ticas il\u00edcitas motivadoras de desequil\u00edbrios no mercado, como a evas\u00e3o fiscal, a informalidade, a falsifica\u00e7\u00e3o e o contrabando.\r\n\r\n<strong>Sobre a Plural<\/strong>\r\nA Plural nasceu com o intuito de aumentar o n\u00edvel de representatividade do Sindicom - Sindicato Nacional das Empresas Distribuidoras de Combust\u00edveis e de Lubrificantes. O papel da associa\u00e7\u00e3o vai al\u00e9m da representa\u00e7\u00e3o sindical: a Plural atua como promotora de um ambiente de neg\u00f3cios equilibrado, que garanta seguran\u00e7a aos investimentos em infraestrutura necess\u00e1rios ao pa\u00eds. \u00c0 frente de um dos setores mais sens\u00edveis da economia, a entidade tem posi\u00e7\u00e3o de grande import\u00e2ncia no cen\u00e1rio nacional, em que a crise financeira e a reconstru\u00e7\u00e3o do Estado s\u00e3o assuntos priorit\u00e1rios na agenda de debates.\r\n\r\n[gallery link=\"file\" ids=\"9183,9184\"]","_links":{"self":[{"href":"https:\/\/sinprofaz.org.br\/2024\/wp-json\/wp\/v2\/posts\/9181"}],"collection":[{"href":"https:\/\/sinprofaz.org.br\/2024\/wp-json\/wp\/v2\/posts"}],"about":[{"href":"https:\/\/sinprofaz.org.br\/2024\/wp-json\/wp\/v2\/types\/post"}],"author":[{"embeddable":true,"href":"https:\/\/sinprofaz.org.br\/2024\/wp-json\/wp\/v2\/users\/2"}],"replies":[{"embeddable":true,"href":"https:\/\/sinprofaz.org.br\/2024\/wp-json\/wp\/v2\/comments?post=9181"}],"version-history":[{"count":2,"href":"https:\/\/sinprofaz.org.br\/2024\/wp-json\/wp\/v2\/posts\/9181\/revisions"}],"predecessor-version":[{"id":9186,"href":"https:\/\/sinprofaz.org.br\/2024\/wp-json\/wp\/v2\/posts\/9181\/revisions\/9186"}],"wp:featuredmedia":[{"embeddable":true,"href":"https:\/\/sinprofaz.org.br\/2024\/wp-json\/wp\/v2\/media\/9182"}],"wp:attachment":[{"href":"https:\/\/sinprofaz.org.br\/2024\/wp-json\/wp\/v2\/media?parent=9181"}],"wp:term":[{"taxonomy":"category","embeddable":true,"href":"https:\/\/sinprofaz.org.br\/2024\/wp-json\/wp\/v2\/categories?post=9181"},{"taxonomy":"post_tag","embeddable":true,"href":"https:\/\/sinprofaz.org.br\/2024\/wp-json\/wp\/v2\/tags?post=9181"}],"curies":[{"name":"wp","href":"https:\/\/api.w.org\/{rel}","templated":true}]}}