{"id":9161,"date":"2019-02-01T11:19:28","date_gmt":"2019-02-01T13:19:28","guid":{"rendered":"http:\/\/www.sinprofaz.org.br\/?p=9161"},"modified":"2019-02-05T09:15:19","modified_gmt":"2019-02-05T11:15:19","slug":"em-reuniao-na-pgfn-sinprofaz-debate-nova-estrutura-da-instituicao","status":"publish","type":"post","link":"https:\/\/sinprofaz.org.br\/2024\/noticias\/em-reuniao-na-pgfn-sinprofaz-debate-nova-estrutura-da-instituicao\/","title":{"rendered":"EM REUNI\u00c3O NA PGFN, SINPROFAZ DEBATE NOVA ESTRUTURA DA INSTITUI\u00c7\u00c3O"},"content":{"rendered":"<p>O SINPROFAZ, representado pelo presidente Achilles Frias, esteve ontem (31) em reuni\u00e3o com o procurador-geral da Fazenda Nacional, Jos\u00e9 Levi Mello do Amaral J\u00fanior. Tamb\u00e9m participaram do encontro, realizado na sede da PGFN, em Bras\u00edlia\/DF, o procurador-geral substituto Ricardo Soriano; o procurador-geral adjunto de Consultoria Tribut\u00e1ria e Previdenci\u00e1ria, Phelippe Toledo; a diretora do Departamento de Gest\u00e3o Corporativa, I\u00eada Cagni; e a procuradora-geral adjunta de Consultoria Fiscal, Financeira e Societ\u00e1ria, Ana Paula Bittencourt.<\/p>\n<p>O encontro foi pautado sobretudo pela discuss\u00e3o em torno da nova estrutura da PGFN, incrementada pela incorpora\u00e7\u00e3o de tr\u00eas Consultorias Jur\u00eddicas (Planejamento, Desenvolvimento e Gest\u00e3o; Ind\u00fastria, Com\u00e9rcio Exterior e Servi\u00e7os; e Trabalho). Essa integra\u00e7\u00e3o motivou o recebimento, pela PGFN, de aproximadamente 45 Colegas, dentre os quais quatro advogados da Uni\u00e3o que estavam na Consultoria Jur\u00eddica do Minist\u00e9rio do Desenvolvimento Social. De acordo com Jos\u00e9 Levi, &#8220;Essa mec\u00e2nica \u00e9 estritamente necess\u00e1ria \u00e0 adequada continuidade do servi\u00e7o p\u00fablico, mormente no que se refere ao pleno aproveitamento das voca\u00e7\u00f5es e expertises de Colegas que cuidam de assuntos t\u00e3o diversos quanto espec\u00edficos&#8221;.<\/p>\n<p>Os procuradores da Fazenda Nacional e advogados da Uni\u00e3o foram lotados na Consultoria-Geral da Uni\u00e3o, com exerc\u00edcio provis\u00f3rio na PGFN, onde permanecer\u00e3o por 12 meses, sendo permitida a prorroga\u00e7\u00e3o at\u00e9 que se conclua a absor\u00e7\u00e3o das novas atribui\u00e7\u00f5es pela Institui\u00e7\u00e3o. A quest\u00e3o do aperfei\u00e7oamento institucional da AGU e da PGFN tamb\u00e9m foi tema de debate ao longo da reuni\u00e3o.<\/p>\n","protected":false},"excerpt":{"rendered":"<p>O encontro, realizado ontem (31), foi pautado sobretudo pela discuss\u00e3o em torno da nova estrutura da PGFN, incrementada pela incorpora\u00e7\u00e3o de tr\u00eas Consultorias Jur\u00eddicas (Planejamento, Desenvolvimento e Gest\u00e3o; Ind\u00fastria, Com\u00e9rcio Exterior e Servi\u00e7os; e Trabalho).<\/p>\n","protected":false},"author":2,"featured_media":9162,"comment_status":"open","ping_status":"open","sticky":false,"template":"","format":"standard","meta":{"footnotes":""},"categories":[8],"tags":[32,44,25],"featured_image_url":"https:\/\/sinprofaz.org.br\/2024\/wp-content\/uploads\/2019\/02\/01-800x198.jpg","character_count":837,"formatted_date":"01\/02\/2019 - 11:19","contentNovo":"O SINPROFAZ, representado pelo presidente Achilles Frias, esteve ontem (31) em reuni\u00e3o com o procurador-geral da Fazenda Nacional, Jos\u00e9 Levi Mello do Amaral J\u00fanior. Tamb\u00e9m participaram do encontro, realizado na sede da PGFN, em Bras\u00edlia\/DF, o procurador-geral substituto Ricardo Soriano; o procurador-geral adjunto de Consultoria Tribut\u00e1ria e Previdenci\u00e1ria, Phelippe Toledo; a diretora do Departamento de Gest\u00e3o Corporativa, I\u00eada Cagni; e a procuradora-geral adjunta de Consultoria Fiscal, Financeira e Societ\u00e1ria, Ana Paula Bittencourt.\r\n\r\nO encontro foi pautado sobretudo pela discuss\u00e3o em torno da nova estrutura da PGFN, incrementada pela incorpora\u00e7\u00e3o de tr\u00eas Consultorias Jur\u00eddicas (Planejamento, Desenvolvimento e Gest\u00e3o; Ind\u00fastria, Com\u00e9rcio Exterior e Servi\u00e7os; e Trabalho). Essa integra\u00e7\u00e3o motivou o recebimento, pela PGFN, de aproximadamente 45 Colegas, dentre os quais quatro advogados da Uni\u00e3o que estavam na Consultoria Jur\u00eddica do Minist\u00e9rio do Desenvolvimento Social. De acordo com Jos\u00e9 Levi, \"Essa mec\u00e2nica \u00e9 estritamente necess\u00e1ria \u00e0 adequada continuidade do servi\u00e7o p\u00fablico, mormente no que se refere ao pleno aproveitamento das voca\u00e7\u00f5es e expertises de Colegas que cuidam de assuntos t\u00e3o diversos quanto espec\u00edficos\".\r\n\r\nOs procuradores da Fazenda Nacional e advogados da Uni\u00e3o foram lotados na Consultoria-Geral da Uni\u00e3o, com exerc\u00edcio provis\u00f3rio na PGFN, onde permanecer\u00e3o por 12 meses, sendo permitida a prorroga\u00e7\u00e3o at\u00e9 que se conclua a absor\u00e7\u00e3o das novas atribui\u00e7\u00f5es pela Institui\u00e7\u00e3o. A quest\u00e3o do aperfei\u00e7oamento institucional da AGU e da PGFN tamb\u00e9m foi tema de debate ao longo da reuni\u00e3o.","_links":{"self":[{"href":"https:\/\/sinprofaz.org.br\/2024\/wp-json\/wp\/v2\/posts\/9161"}],"collection":[{"href":"https:\/\/sinprofaz.org.br\/2024\/wp-json\/wp\/v2\/posts"}],"about":[{"href":"https:\/\/sinprofaz.org.br\/2024\/wp-json\/wp\/v2\/types\/post"}],"author":[{"embeddable":true,"href":"https:\/\/sinprofaz.org.br\/2024\/wp-json\/wp\/v2\/users\/2"}],"replies":[{"embeddable":true,"href":"https:\/\/sinprofaz.org.br\/2024\/wp-json\/wp\/v2\/comments?post=9161"}],"version-history":[{"count":4,"href":"https:\/\/sinprofaz.org.br\/2024\/wp-json\/wp\/v2\/posts\/9161\/revisions"}],"predecessor-version":[{"id":9166,"href":"https:\/\/sinprofaz.org.br\/2024\/wp-json\/wp\/v2\/posts\/9161\/revisions\/9166"}],"wp:featuredmedia":[{"embeddable":true,"href":"https:\/\/sinprofaz.org.br\/2024\/wp-json\/wp\/v2\/media\/9162"}],"wp:attachment":[{"href":"https:\/\/sinprofaz.org.br\/2024\/wp-json\/wp\/v2\/media?parent=9161"}],"wp:term":[{"taxonomy":"category","embeddable":true,"href":"https:\/\/sinprofaz.org.br\/2024\/wp-json\/wp\/v2\/categories?post=9161"},{"taxonomy":"post_tag","embeddable":true,"href":"https:\/\/sinprofaz.org.br\/2024\/wp-json\/wp\/v2\/tags?post=9161"}],"curies":[{"name":"wp","href":"https:\/\/api.w.org\/{rel}","templated":true}]}}