{"id":9146,"date":"2019-01-29T17:04:54","date_gmt":"2019-01-29T19:04:54","guid":{"rendered":"http:\/\/www.sinprofaz.org.br\/?p=9146"},"modified":"2019-02-05T09:15:35","modified_gmt":"2019-02-05T11:15:35","slug":"sinprofaz-compoe-gt-que-debate-aprimoramento-do-perfil-institucional-da-agu","status":"publish","type":"post","link":"https:\/\/sinprofaz.org.br\/2024\/noticias\/sinprofaz-compoe-gt-que-debate-aprimoramento-do-perfil-institucional-da-agu\/","title":{"rendered":"SINPROFAZ COMP\u00d5E GT QUE DEBATE APRIMORAMENTO DO PERFIL INSTITUCIONAL DA AGU"},"content":{"rendered":"<p>O SINPROFAZ, representado pelo diretor Roberto Rodrigues, esteve hoje (29) em reuni\u00e3o com Renato de Lima Fran\u00e7a, vice-AGU, e Rodrigo Matos Roriz, chefe de gabinete. O intuito do encontro foi iniciar as atividades do Grupo de Trabalho formado para estudar medidas que contribuam com o aprimoramento do perfil institucional da AGU.<\/p>\n<p>A reuni\u00e3o, realizada em Bras\u00edlia\/DF, contou com a participa\u00e7\u00e3o de integrantes das entidades representativas das carreiras da Advocacia-Geral da Uni\u00e3o. Cada entidade indicou dois membros para comporem o GT. No Grupo, o SINPROFAZ \u00e9 representado pelos diretores Roberto Rodrigues (titular) e Jos\u00e9 Ernane Brito (suplente).<\/p>\n<p>&nbsp;<\/p>\n\n\t\t<style type=\"text\/css\">\n\t\t\t#gallery-1 {\n\t\t\t\tmargin: auto;\n\t\t\t}\n\t\t\t#gallery-1 .gallery-item {\n\t\t\t\tfloat: left;\n\t\t\t\tmargin-top: 10px;\n\t\t\t\ttext-align: center;\n\t\t\t\twidth: 33%;\n\t\t\t}\n\t\t\t#gallery-1 img {\n\t\t\t\tborder: 2px solid #cfcfcf;\n\t\t\t}\n\t\t\t#gallery-1 .gallery-caption {\n\t\t\t\tmargin-left: 0;\n\t\t\t}\n\t\t\t\/* see gallery_shortcode() in wp-includes\/media.php *\/\n\t\t<\/style>\n\t\t<div id='gallery-1' class='gallery galleryid-9146 gallery-columns-3 gallery-size-thumbnail'><dl class='gallery-item'>\n\t\t\t<dt class='gallery-icon landscape'>\n\t\t\t\t<a href='https:\/\/sinprofaz.org.br\/2024\/wp-content\/uploads\/2019\/01\/02-8.jpg'><img loading=\"lazy\" decoding=\"async\" width=\"150\" height=\"150\" src=\"https:\/\/sinprofaz.org.br\/2024\/wp-content\/uploads\/2019\/01\/02-8-150x150.jpg\" class=\"attachment-thumbnail size-thumbnail\" alt=\"\" \/><\/a>\n\t\t\t<\/dt><\/dl>\n\t\t\t<br style='clear: both' \/>\n\t\t<\/div>\n\n","protected":false},"excerpt":{"rendered":"<p>O SINPROFAZ esteve hoje (29) em reuni\u00e3o com Renato de Lima Fran\u00e7a. O intuito do encontro foi iniciar as atividades do Grupo de Trabalho formado para estudar medidas que contribuam com o aprimoramento do perfil institucional da AGU.<\/p>\n","protected":false},"author":2,"featured_media":9147,"comment_status":"open","ping_status":"open","sticky":false,"template":"","format":"standard","meta":{"footnotes":""},"categories":[8],"tags":[43,32,25],"featured_image_url":"https:\/\/sinprofaz.org.br\/2024\/wp-content\/uploads\/2019\/01\/01-9-800x198.jpg","character_count":511,"formatted_date":"29\/01\/2019 - 17:04","contentNovo":"O SINPROFAZ, representado pelo diretor Roberto Rodrigues, esteve hoje (29) em reuni\u00e3o com Renato de Lima Fran\u00e7a, vice-AGU, e Rodrigo Matos Roriz, chefe de gabinete. O intuito do encontro foi iniciar as atividades do Grupo de Trabalho formado para estudar medidas que contribuam com o aprimoramento do perfil institucional da AGU.\r\n\r\nA reuni\u00e3o, realizada em Bras\u00edlia\/DF, contou com a participa\u00e7\u00e3o de integrantes das entidades representativas das carreiras da Advocacia-Geral da Uni\u00e3o. Cada entidade indicou dois membros para comporem o GT. No Grupo, o SINPROFAZ \u00e9 representado pelos diretores Roberto Rodrigues (titular) e Jos\u00e9 Ernane Brito (suplente).\r\n\r\n&nbsp;\r\n\r\n[gallery link=\"file\" ids=\"9148\"]","_links":{"self":[{"href":"https:\/\/sinprofaz.org.br\/2024\/wp-json\/wp\/v2\/posts\/9146"}],"collection":[{"href":"https:\/\/sinprofaz.org.br\/2024\/wp-json\/wp\/v2\/posts"}],"about":[{"href":"https:\/\/sinprofaz.org.br\/2024\/wp-json\/wp\/v2\/types\/post"}],"author":[{"embeddable":true,"href":"https:\/\/sinprofaz.org.br\/2024\/wp-json\/wp\/v2\/users\/2"}],"replies":[{"embeddable":true,"href":"https:\/\/sinprofaz.org.br\/2024\/wp-json\/wp\/v2\/comments?post=9146"}],"version-history":[{"count":2,"href":"https:\/\/sinprofaz.org.br\/2024\/wp-json\/wp\/v2\/posts\/9146\/revisions"}],"predecessor-version":[{"id":9150,"href":"https:\/\/sinprofaz.org.br\/2024\/wp-json\/wp\/v2\/posts\/9146\/revisions\/9150"}],"wp:featuredmedia":[{"embeddable":true,"href":"https:\/\/sinprofaz.org.br\/2024\/wp-json\/wp\/v2\/media\/9147"}],"wp:attachment":[{"href":"https:\/\/sinprofaz.org.br\/2024\/wp-json\/wp\/v2\/media?parent=9146"}],"wp:term":[{"taxonomy":"category","embeddable":true,"href":"https:\/\/sinprofaz.org.br\/2024\/wp-json\/wp\/v2\/categories?post=9146"},{"taxonomy":"post_tag","embeddable":true,"href":"https:\/\/sinprofaz.org.br\/2024\/wp-json\/wp\/v2\/tags?post=9146"}],"curies":[{"name":"wp","href":"https:\/\/api.w.org\/{rel}","templated":true}]}}