{"id":9130,"date":"2019-01-25T15:42:30","date_gmt":"2019-01-25T17:42:30","guid":{"rendered":"http:\/\/www.sinprofaz.org.br\/?p=9130"},"modified":"2019-01-28T12:09:59","modified_gmt":"2019-01-28T14:09:59","slug":"em-reuniao-forvm-debate-fortalecimento-da-advocacia-publica-federal","status":"publish","type":"post","link":"https:\/\/sinprofaz.org.br\/2024\/noticias\/em-reuniao-forvm-debate-fortalecimento-da-advocacia-publica-federal\/","title":{"rendered":"EM REUNI\u00c3O, FORVM DEBATE FORTALECIMENTO DA ADVOCACIA P\u00daBLICA FEDERAL"},"content":{"rendered":"<p>As entidades que comp\u00f5em o F\u00f3rum Nacional da Advocacia P\u00fablica Federal se reuniram hoje (25) em Bras\u00edlia\/DF. O encontro foi pautado pelos desdobramentos da reuni\u00e3o da \u00faltima quarta-feira, com o advogado-geral da Uni\u00e3o, Andr\u00e9 Luiz de Almeida Mendon\u00e7a.<\/p>\n<p>Visando a atua\u00e7\u00e3o conjunta em torno de quest\u00f5es de un\u00e2nime interesse, as entidades debateram medidas estrat\u00e9gicas para fortalecimento da Advocacia P\u00fablica Federal e pleitos comuns \u00e0s Carreiras, em particular, a defesa das prerrogativas dos Membros da AGU.<\/p>\n<p>&nbsp;<\/p>\n\n\t\t<style type=\"text\/css\">\n\t\t\t#gallery-1 {\n\t\t\t\tmargin: auto;\n\t\t\t}\n\t\t\t#gallery-1 .gallery-item {\n\t\t\t\tfloat: left;\n\t\t\t\tmargin-top: 10px;\n\t\t\t\ttext-align: center;\n\t\t\t\twidth: 33%;\n\t\t\t}\n\t\t\t#gallery-1 img {\n\t\t\t\tborder: 2px solid #cfcfcf;\n\t\t\t}\n\t\t\t#gallery-1 .gallery-caption {\n\t\t\t\tmargin-left: 0;\n\t\t\t}\n\t\t\t\/* see gallery_shortcode() in wp-includes\/media.php *\/\n\t\t<\/style>\n\t\t<div id='gallery-1' class='gallery galleryid-9130 gallery-columns-3 gallery-size-thumbnail'><dl class='gallery-item'>\n\t\t\t<dt class='gallery-icon landscape'>\n\t\t\t\t<a href='https:\/\/sinprofaz.org.br\/2024\/wp-content\/uploads\/2019\/01\/02-7.jpg'><img loading=\"lazy\" decoding=\"async\" width=\"150\" height=\"150\" src=\"https:\/\/sinprofaz.org.br\/2024\/wp-content\/uploads\/2019\/01\/02-7-150x150.jpg\" class=\"attachment-thumbnail size-thumbnail\" alt=\"\" \/><\/a>\n\t\t\t<\/dt><\/dl><dl class='gallery-item'>\n\t\t\t<dt class='gallery-icon landscape'>\n\t\t\t\t<a href='https:\/\/sinprofaz.org.br\/2024\/wp-content\/uploads\/2019\/01\/03-6.jpg'><img loading=\"lazy\" decoding=\"async\" width=\"150\" height=\"150\" src=\"https:\/\/sinprofaz.org.br\/2024\/wp-content\/uploads\/2019\/01\/03-6-150x150.jpg\" class=\"attachment-thumbnail size-thumbnail\" alt=\"\" \/><\/a>\n\t\t\t<\/dt><\/dl>\n\t\t\t<br style='clear: both' \/>\n\t\t<\/div>\n\n","protected":false},"excerpt":{"rendered":"<p>As entidades que comp\u00f5em o F\u00f3rum Nacional da Advocacia P\u00fablica Federal se reuniram nesta sexta-feira em Bras\u00edlia\/DF. O encontro foi pautado pelos desdobramentos da reuni\u00e3o da \u00faltima quarta, com o advogado-geral da Uni\u00e3o, Andr\u00e9 Luiz de Almeida Mendon\u00e7a.<\/p>\n","protected":false},"author":2,"featured_media":9131,"comment_status":"open","ping_status":"open","sticky":false,"template":"","format":"standard","meta":{"footnotes":""},"categories":[8],"tags":[32,126,25],"featured_image_url":"https:\/\/sinprofaz.org.br\/2024\/wp-content\/uploads\/2019\/01\/01-7-800x198.jpg","character_count":450,"formatted_date":"25\/01\/2019 - 15:42","contentNovo":"As entidades que comp\u00f5em o F\u00f3rum Nacional da Advocacia P\u00fablica Federal se reuniram hoje (25) em Bras\u00edlia\/DF. O encontro foi pautado pelos desdobramentos da reuni\u00e3o da \u00faltima quarta-feira, com o advogado-geral da Uni\u00e3o, Andr\u00e9 Luiz de Almeida Mendon\u00e7a.\r\n\r\nVisando a atua\u00e7\u00e3o conjunta em torno de quest\u00f5es de un\u00e2nime interesse, as entidades debateram medidas estrat\u00e9gicas para fortalecimento da Advocacia P\u00fablica Federal e pleitos comuns \u00e0s Carreiras, em particular, a defesa das prerrogativas dos Membros da AGU.\r\n\r\n&nbsp;\r\n\r\n[gallery link=\"file\" ids=\"9132,9133\"]","_links":{"self":[{"href":"https:\/\/sinprofaz.org.br\/2024\/wp-json\/wp\/v2\/posts\/9130"}],"collection":[{"href":"https:\/\/sinprofaz.org.br\/2024\/wp-json\/wp\/v2\/posts"}],"about":[{"href":"https:\/\/sinprofaz.org.br\/2024\/wp-json\/wp\/v2\/types\/post"}],"author":[{"embeddable":true,"href":"https:\/\/sinprofaz.org.br\/2024\/wp-json\/wp\/v2\/users\/2"}],"replies":[{"embeddable":true,"href":"https:\/\/sinprofaz.org.br\/2024\/wp-json\/wp\/v2\/comments?post=9130"}],"version-history":[{"count":2,"href":"https:\/\/sinprofaz.org.br\/2024\/wp-json\/wp\/v2\/posts\/9130\/revisions"}],"predecessor-version":[{"id":9135,"href":"https:\/\/sinprofaz.org.br\/2024\/wp-json\/wp\/v2\/posts\/9130\/revisions\/9135"}],"wp:featuredmedia":[{"embeddable":true,"href":"https:\/\/sinprofaz.org.br\/2024\/wp-json\/wp\/v2\/media\/9131"}],"wp:attachment":[{"href":"https:\/\/sinprofaz.org.br\/2024\/wp-json\/wp\/v2\/media?parent=9130"}],"wp:term":[{"taxonomy":"category","embeddable":true,"href":"https:\/\/sinprofaz.org.br\/2024\/wp-json\/wp\/v2\/categories?post=9130"},{"taxonomy":"post_tag","embeddable":true,"href":"https:\/\/sinprofaz.org.br\/2024\/wp-json\/wp\/v2\/tags?post=9130"}],"curies":[{"name":"wp","href":"https:\/\/api.w.org\/{rel}","templated":true}]}}