{"id":9125,"date":"2019-01-23T18:03:32","date_gmt":"2019-01-23T20:03:32","guid":{"rendered":"http:\/\/www.sinprofaz.org.br\/?p=9125"},"modified":"2019-01-25T15:43:31","modified_gmt":"2019-01-25T17:43:31","slug":"sinprofaz-se-reune-com-andre-luiz-mendonca-advogado-geral-da-uniao","status":"publish","type":"post","link":"https:\/\/sinprofaz.org.br\/2024\/noticias\/sinprofaz-se-reune-com-andre-luiz-mendonca-advogado-geral-da-uniao\/","title":{"rendered":"SINPROFAZ SE RE\u00daNE COM ANDR\u00c9 LUIZ MENDON\u00c7A, ADVOGADO-GERAL DA UNI\u00c3O"},"content":{"rendered":"<p>O SINPROFAZ, representado pelo diretor Roberto Rodrigues, participou hoje (23) de reuni\u00e3o com o advogado-geral da Uni\u00e3o, Andr\u00e9 Luiz de Almeida Mendon\u00e7a. Tamb\u00e9m estiveram presentes Renato de Lima Fran\u00e7a, vice-AGU, e Rodrigo Matos Roriz, chefe de gabinete, al\u00e9m de representantes das demais entidades associativas.<\/p>\n<p>Ao convocar a reuni\u00e3o, o intuito de Andr\u00e9 Mendon\u00e7a foi o de ouvir sugest\u00f5es das entidades para o aprimoramento do perfil constitucional da AGU. Durante o encontro, o advogado-geral reiterou o desejo de interlocu\u00e7\u00e3o ativa com as entidades e de um trabalho conjunto em benef\u00edcio da sociedade e do Estado brasileiro.<\/p>\n\n\t\t<style type=\"text\/css\">\n\t\t\t#gallery-1 {\n\t\t\t\tmargin: auto;\n\t\t\t}\n\t\t\t#gallery-1 .gallery-item {\n\t\t\t\tfloat: left;\n\t\t\t\tmargin-top: 10px;\n\t\t\t\ttext-align: center;\n\t\t\t\twidth: 33%;\n\t\t\t}\n\t\t\t#gallery-1 img {\n\t\t\t\tborder: 2px solid #cfcfcf;\n\t\t\t}\n\t\t\t#gallery-1 .gallery-caption {\n\t\t\t\tmargin-left: 0;\n\t\t\t}\n\t\t\t\/* see gallery_shortcode() in wp-includes\/media.php *\/\n\t\t<\/style>\n\t\t<div id='gallery-1' class='gallery galleryid-9125 gallery-columns-3 gallery-size-thumbnail'><dl class='gallery-item'>\n\t\t\t<dt class='gallery-icon landscape'>\n\t\t\t\t<a href='https:\/\/sinprofaz.org.br\/2024\/wp-content\/uploads\/2019\/01\/02-6.jpg'><img loading=\"lazy\" decoding=\"async\" width=\"150\" height=\"150\" src=\"https:\/\/sinprofaz.org.br\/2024\/wp-content\/uploads\/2019\/01\/02-6-150x150.jpg\" class=\"attachment-thumbnail size-thumbnail\" alt=\"\" \/><\/a>\n\t\t\t<\/dt><\/dl><dl class='gallery-item'>\n\t\t\t<dt class='gallery-icon landscape'>\n\t\t\t\t<a href='https:\/\/sinprofaz.org.br\/2024\/wp-content\/uploads\/2019\/01\/03-5.jpg'><img loading=\"lazy\" decoding=\"async\" width=\"150\" height=\"150\" src=\"https:\/\/sinprofaz.org.br\/2024\/wp-content\/uploads\/2019\/01\/03-5-150x150.jpg\" class=\"attachment-thumbnail size-thumbnail\" alt=\"\" \/><\/a>\n\t\t\t<\/dt><\/dl>\n\t\t\t<br style='clear: both' \/>\n\t\t<\/div>\n\n","protected":false},"excerpt":{"rendered":"<p>Ao convocar a reuni\u00e3o, o intuito de Andr\u00e9 Mendon\u00e7a foi ouvir sugest\u00f5es das entidades para o aprimoramento do perfil constitucional da AGU. O advogado-geral reiterou o desejo de interlocu\u00e7\u00e3o ativa com as entidades e de um trabalho conjunto em prol do Estado.<\/p>\n","protected":false},"author":2,"featured_media":9126,"comment_status":"open","ping_status":"open","sticky":false,"template":"","format":"standard","meta":{"footnotes":""},"categories":[8],"tags":[43,32,25],"featured_image_url":"https:\/\/sinprofaz.org.br\/2024\/wp-content\/uploads\/2019\/01\/01-6-800x198.jpg","character_count":505,"formatted_date":"23\/01\/2019 - 18:03","contentNovo":"O SINPROFAZ, representado pelo diretor Roberto Rodrigues, participou hoje (23) de reuni\u00e3o com o advogado-geral da Uni\u00e3o, Andr\u00e9 Luiz de Almeida Mendon\u00e7a. Tamb\u00e9m estiveram presentes Renato de Lima Fran\u00e7a, vice-AGU, e Rodrigo Matos Roriz, chefe de gabinete, al\u00e9m de representantes das demais entidades associativas.\r\n\r\nAo convocar a reuni\u00e3o, o intuito de Andr\u00e9 Mendon\u00e7a foi o de ouvir sugest\u00f5es das entidades para o aprimoramento do perfil constitucional da AGU. Durante o encontro, o advogado-geral reiterou o desejo de interlocu\u00e7\u00e3o ativa com as entidades e de um trabalho conjunto em benef\u00edcio da sociedade e do Estado brasileiro.\r\n\r\n[gallery link=\"file\" ids=\"9127,9128\"]","_links":{"self":[{"href":"https:\/\/sinprofaz.org.br\/2024\/wp-json\/wp\/v2\/posts\/9125"}],"collection":[{"href":"https:\/\/sinprofaz.org.br\/2024\/wp-json\/wp\/v2\/posts"}],"about":[{"href":"https:\/\/sinprofaz.org.br\/2024\/wp-json\/wp\/v2\/types\/post"}],"author":[{"embeddable":true,"href":"https:\/\/sinprofaz.org.br\/2024\/wp-json\/wp\/v2\/users\/2"}],"replies":[{"embeddable":true,"href":"https:\/\/sinprofaz.org.br\/2024\/wp-json\/wp\/v2\/comments?post=9125"}],"version-history":[{"count":1,"href":"https:\/\/sinprofaz.org.br\/2024\/wp-json\/wp\/v2\/posts\/9125\/revisions"}],"predecessor-version":[{"id":9129,"href":"https:\/\/sinprofaz.org.br\/2024\/wp-json\/wp\/v2\/posts\/9125\/revisions\/9129"}],"wp:featuredmedia":[{"embeddable":true,"href":"https:\/\/sinprofaz.org.br\/2024\/wp-json\/wp\/v2\/media\/9126"}],"wp:attachment":[{"href":"https:\/\/sinprofaz.org.br\/2024\/wp-json\/wp\/v2\/media?parent=9125"}],"wp:term":[{"taxonomy":"category","embeddable":true,"href":"https:\/\/sinprofaz.org.br\/2024\/wp-json\/wp\/v2\/categories?post=9125"},{"taxonomy":"post_tag","embeddable":true,"href":"https:\/\/sinprofaz.org.br\/2024\/wp-json\/wp\/v2\/tags?post=9125"}],"curies":[{"name":"wp","href":"https:\/\/api.w.org\/{rel}","templated":true}]}}