{"id":9097,"date":"2019-01-14T17:00:16","date_gmt":"2019-01-14T19:00:16","guid":{"rendered":"http:\/\/www.sinprofaz.org.br\/?p=9097"},"modified":"2019-01-15T15:52:36","modified_gmt":"2019-01-15T17:52:36","slug":"nota-do-movimento-nacional-pela-advocacia-publica","status":"publish","type":"post","link":"https:\/\/sinprofaz.org.br\/2024\/noticias\/nota-do-movimento-nacional-pela-advocacia-publica\/","title":{"rendered":"NOTA DO MOVIMENTO NACIONAL PELA ADVOCACIA P\u00daBLICA"},"content":{"rendered":"<p>O Movimento Nacional pela Advocacia P\u00fablica, que congrega entidades representativas de \u00e2mbito federal, estadual e municipal, vem a p\u00fablico, atrav\u00e9s da presente Nota, manifestar o seu rep\u00fadio ao conte\u00fado das mat\u00e9rias contr\u00e1rias \u00e0 percep\u00e7\u00e3o dos honor\u00e1rios sucumbenciais publicadas por alguns meios de comunica\u00e7\u00e3o que, ao expor as suas raz\u00f5es, confundem os institutos jur\u00eddicos e acabam por induzir os seus leitores a erro.<\/p>\n<p>Inicialmente, importa registrar que os honor\u00e1rios sucumbenciais s\u00e3o verbas originariamente privadas, pagas pela parte vencida nas a\u00e7\u00f5es judiciais e n\u00e3o pelo Estado (Uni\u00e3o, Estados, Munic\u00edpios, Autarquias e Funda\u00e7\u00f5es P\u00fablicas). Portanto, n\u00e3o integram (e nem podem integrar) o or\u00e7amento p\u00fablico. Saliente-se, ainda, que o direito ao recebimento da verba resulta de luta hist\u00f3rica das carreiras da Advocacia P\u00fablica pelo reconhecimento e a valoriza\u00e7\u00e3o de suas relevantes atribui\u00e7\u00f5es, especialmente como atividade integrante das denominadas fun\u00e7\u00f5es essenciais \u00e0 Justi\u00e7a.<\/p>\n<p>Neste contexto, trata-se de verba de natureza alimentar, diversa dos honor\u00e1rios contratuais, e n\u00e3o podem ser recebidos pela parte litigante, seja ela de natureza p\u00fablica ou privada, sendo um direito exclusivo do advogado que atuou na causa. Dessa forma, reflete, de forma justa, o reconhecimento leg\u00edtimo da produtividade da advocacia, sendo devidos somente quando do efetivo ganho de causa, sem qualquer impacto negativo ao Estado.<\/p>\n<p>Acrescente-se que a consagra\u00e7\u00e3o do direito ao recebimento dos honor\u00e1rios advocat\u00edcios de sucumb\u00eancia atende aos b\u00e1sicos princ\u00edpios da meritocracia, na medida em que premia aqueles que efetivamente trazem benef\u00edcio econ\u00f4mico ao Estado, ajudando, de fato, a contornar a atual crise fiscal. Com isso, a verba \u00e9 tamb\u00e9m um est\u00edmulo \u00e0 efici\u00eancia na atua\u00e7\u00e3o dos advogados p\u00fablicos, na medida em que s\u00f3 \u00e9 paga na hip\u00f3tese de \u00eaxito da tese jur\u00eddica por eles defendida.<\/p>\n<p>Diante do exposto, confia-se no reconhecimento pelo STF da constitucionalidade da prerrogativa em quest\u00e3o, conforme jurisprud\u00eancia pac\u00edfica sobre o assunto. Al\u00e9m disso, reitera-se a disposi\u00e7\u00e3o para contribuir, sempre que poss\u00edvel, com a produ\u00e7\u00e3o de mat\u00e9rias relacionadas \u00e0 Advocacia P\u00fablica e seus membros, bem como esclarecer eventuais d\u00favidas ou prestar informa\u00e7\u00f5es que possam contribuir para a correta publica\u00e7\u00e3o nos meios de comunica\u00e7\u00e3o em geral.<\/p>\n","protected":false},"excerpt":{"rendered":"<p>O Movimento Nacional pela Advocacia P\u00fablica, que congrega entidades de \u00e2mbito federal, estadual e municipal, vem manifestar seu rep\u00fadio ao conte\u00fado das mat\u00e9rias contr\u00e1rias \u00e0 percep\u00e7\u00e3o dos honor\u00e1rios sucumbenciais publicadas pela imprensa.<\/p>\n","protected":false},"author":2,"featured_media":9098,"comment_status":"open","ping_status":"open","sticky":false,"template":"","format":"standard","meta":{"footnotes":""},"categories":[8],"tags":[34,45,25],"featured_image_url":"https:\/\/sinprofaz.org.br\/2024\/wp-content\/uploads\/2019\/01\/sinpro-800x198.jpg","character_count":1208,"formatted_date":"14\/01\/2019 - 17:00","contentNovo":"O Movimento Nacional pela Advocacia P\u00fablica, que congrega entidades representativas de \u00e2mbito federal, estadual e municipal, vem a p\u00fablico, atrav\u00e9s da presente Nota, manifestar o seu rep\u00fadio ao conte\u00fado das mat\u00e9rias contr\u00e1rias \u00e0 percep\u00e7\u00e3o dos honor\u00e1rios sucumbenciais publicadas por alguns meios de comunica\u00e7\u00e3o que, ao expor as suas raz\u00f5es, confundem os institutos jur\u00eddicos e acabam por induzir os seus leitores a erro.\r\n\r\nInicialmente, importa registrar que os honor\u00e1rios sucumbenciais s\u00e3o verbas originariamente privadas, pagas pela parte vencida nas a\u00e7\u00f5es judiciais e n\u00e3o pelo Estado (Uni\u00e3o, Estados, Munic\u00edpios, Autarquias e Funda\u00e7\u00f5es P\u00fablicas). Portanto, n\u00e3o integram (e nem podem integrar) o or\u00e7amento p\u00fablico. Saliente-se, ainda, que o direito ao recebimento da verba resulta de luta hist\u00f3rica das carreiras da Advocacia P\u00fablica pelo reconhecimento e a valoriza\u00e7\u00e3o de suas relevantes atribui\u00e7\u00f5es, especialmente como atividade integrante das denominadas fun\u00e7\u00f5es essenciais \u00e0 Justi\u00e7a.\r\n\r\nNeste contexto, trata-se de verba de natureza alimentar, diversa dos honor\u00e1rios contratuais, e n\u00e3o podem ser recebidos pela parte litigante, seja ela de natureza p\u00fablica ou privada, sendo um direito exclusivo do advogado que atuou na causa. Dessa forma, reflete, de forma justa, o reconhecimento leg\u00edtimo da produtividade da advocacia, sendo devidos somente quando do efetivo ganho de causa, sem qualquer impacto negativo ao Estado.\r\n\r\nAcrescente-se que a consagra\u00e7\u00e3o do direito ao recebimento dos honor\u00e1rios advocat\u00edcios de sucumb\u00eancia atende aos b\u00e1sicos princ\u00edpios da meritocracia, na medida em que premia aqueles que efetivamente trazem benef\u00edcio econ\u00f4mico ao Estado, ajudando, de fato, a contornar a atual crise fiscal. Com isso, a verba \u00e9 tamb\u00e9m um est\u00edmulo \u00e0 efici\u00eancia na atua\u00e7\u00e3o dos advogados p\u00fablicos, na medida em que s\u00f3 \u00e9 paga na hip\u00f3tese de \u00eaxito da tese jur\u00eddica por eles defendida.\r\n\r\nDiante do exposto, confia-se no reconhecimento pelo STF da constitucionalidade da prerrogativa em quest\u00e3o, conforme jurisprud\u00eancia pac\u00edfica sobre o assunto. Al\u00e9m disso, reitera-se a disposi\u00e7\u00e3o para contribuir, sempre que poss\u00edvel, com a produ\u00e7\u00e3o de mat\u00e9rias relacionadas \u00e0 Advocacia P\u00fablica e seus membros, bem como esclarecer eventuais d\u00favidas ou prestar informa\u00e7\u00f5es que possam contribuir para a correta publica\u00e7\u00e3o nos meios de comunica\u00e7\u00e3o em geral.","_links":{"self":[{"href":"https:\/\/sinprofaz.org.br\/2024\/wp-json\/wp\/v2\/posts\/9097"}],"collection":[{"href":"https:\/\/sinprofaz.org.br\/2024\/wp-json\/wp\/v2\/posts"}],"about":[{"href":"https:\/\/sinprofaz.org.br\/2024\/wp-json\/wp\/v2\/types\/post"}],"author":[{"embeddable":true,"href":"https:\/\/sinprofaz.org.br\/2024\/wp-json\/wp\/v2\/users\/2"}],"replies":[{"embeddable":true,"href":"https:\/\/sinprofaz.org.br\/2024\/wp-json\/wp\/v2\/comments?post=9097"}],"version-history":[{"count":2,"href":"https:\/\/sinprofaz.org.br\/2024\/wp-json\/wp\/v2\/posts\/9097\/revisions"}],"predecessor-version":[{"id":9100,"href":"https:\/\/sinprofaz.org.br\/2024\/wp-json\/wp\/v2\/posts\/9097\/revisions\/9100"}],"wp:featuredmedia":[{"embeddable":true,"href":"https:\/\/sinprofaz.org.br\/2024\/wp-json\/wp\/v2\/media\/9098"}],"wp:attachment":[{"href":"https:\/\/sinprofaz.org.br\/2024\/wp-json\/wp\/v2\/media?parent=9097"}],"wp:term":[{"taxonomy":"category","embeddable":true,"href":"https:\/\/sinprofaz.org.br\/2024\/wp-json\/wp\/v2\/categories?post=9097"},{"taxonomy":"post_tag","embeddable":true,"href":"https:\/\/sinprofaz.org.br\/2024\/wp-json\/wp\/v2\/tags?post=9097"}],"curies":[{"name":"wp","href":"https:\/\/api.w.org\/{rel}","templated":true}]}}