{"id":909,"date":"2012-07-16T16:59:02","date_gmt":"2012-07-16T16:59:02","guid":{"rendered":""},"modified":"-0001-11-30T00:00:00","modified_gmt":"-0001-11-30T03:00:00","slug":"asaclub-premia-pfns-com-ingressos-do-cinemark","status":"publish","type":"post","link":"https:\/\/sinprofaz.org.br\/2024\/noticias\/asaclub-premia-pfns-com-ingressos-do-cinemark\/","title":{"rendered":"ASAClub premia PFNs com ingressos do Cinemark"},"content":{"rendered":"<p>O ASAClub realizou mais uma campanha de est\u00edmulo \u00e0 indica\u00e7\u00e3o de conv\u00eanios locais nos estados. Desta vez, o trabalho de prospec\u00e7\u00e3o foi direcionado a S\u00e3o Paulo, Paran\u00e1, Esp\u00edrito Santo, Bahia, Pernambuco, Amazonas, Rond\u00f4nia, Tocantins e Santa Catarina.<\/p>\n<p>A ideia era que cada conv\u00eanio local indicado desse direito a um ingresso de cinema, somando no m\u00e1ximo dois bilhetes por pessoa. Houve quatro participa\u00e7\u00f5es de filiados do Sinprofaz, totalizando seis ingressos.<\/p>\n<p>Os pr\u00eamios j\u00e1 foram enviados pelo escrit\u00f3rio central do sindicato, em Bras\u00edlia, para os endere\u00e7os dos PFNs ganhadores. Conhe\u00e7a os vencedores:<\/p>\n<table class=\"tb_cores\">\n<thead>\n<tr>\n<td>Associado<\/td>\n<td>Quantidade de ingressos<\/td>\n<\/tr>\n<\/thead>\n<tbody>\n<tr>\n<td>CARMEM L\u00daCIA MAGALH\u00c3ES DA SILVA<\/td>\n<td>2<\/td>\n<\/tr>\n<tr>\n<td>JORGE AUGUSTO DA SILVA VASCONCELLOS<\/td>\n<td>2<\/td>\n<\/tr>\n<tr>\n<td>PEDRO AURELIO DE QUEIROZ PEREIRA DA SILVA<\/td>\n<td>1<\/td>\n<\/tr>\n<tr>\n<td>VIVIANE LIMA<\/td>\n<td>1<\/td>\n<\/tr>\n<\/tbody>\n<\/table>\n<p style=\"margin-top: 80px; text-align: center;\"><img decoding=\"async\" style=\"border: 1px solid #000000;\" title=\"Mobiliza\u00e7\u00e3o\" alt=\"Banner Mobiliza\u00e7\u00e3o\" src=\"\/images\/noticias\/mobilizacao2.gif\" \/><\/p>\n","protected":false},"excerpt":{"rendered":"<p>Conhe\u00e7a os PFNs que foram premiados pela indica\u00e7\u00e3o de conv\u00eanios locais para o ASAClub.<\/p>\n","protected":false},"author":1,"featured_media":0,"comment_status":"closed","ping_status":"open","sticky":false,"template":"","format":"standard","meta":{"footnotes":""},"categories":[8],"tags":[],"featured_image_url":"https:\/\/dummyimage.com\/720x400","character_count":403,"formatted_date":"16\/07\/2012 - 16:59","contentNovo":"\r\n<p>O ASAClub realizou mais uma campanha de est\u00edmulo \u00e0 indica\u00e7\u00e3o de conv\u00eanios locais nos estados. Desta vez, o trabalho de prospec\u00e7\u00e3o foi direcionado a S\u00e3o Paulo, Paran\u00e1, Esp\u00edrito Santo, Bahia, Pernambuco, Amazonas, Rond\u00f4nia, Tocantins e Santa Catarina.<\/p>\r\n<p>A ideia era que cada conv\u00eanio local indicado desse direito a um ingresso de cinema, somando no m\u00e1ximo dois bilhetes por pessoa. Houve quatro participa\u00e7\u00f5es de filiados do Sinprofaz, totalizando seis ingressos.<\/p>\r\n<p>Os pr\u00eamios j\u00e1 foram enviados pelo escrit\u00f3rio central do sindicato, em Bras\u00edlia, para os endere\u00e7os dos PFNs ganhadores. Conhe\u00e7a os vencedores:<\/p>\r\n\r\n\r\n\r\nAssociado\r\nQuantidade de ingressos\r\n\r\n\r\n\r\n\r\nCARMEM L\u00daCIA MAGALH\u00c3ES DA SILVA\r\n2\r\n\r\n\r\nJORGE AUGUSTO DA SILVA VASCONCELLOS\r\n2\r\n\r\n\r\nPEDRO AURELIO DE QUEIROZ PEREIRA DA SILVA\r\n1\r\n\r\n\r\nVIVIANE LIMA\r\n1\r\n\r\n\r\n\r\n<p style=\"margin-top: 80px; text-align: center;\"><\/p>","_links":{"self":[{"href":"https:\/\/sinprofaz.org.br\/2024\/wp-json\/wp\/v2\/posts\/909"}],"collection":[{"href":"https:\/\/sinprofaz.org.br\/2024\/wp-json\/wp\/v2\/posts"}],"about":[{"href":"https:\/\/sinprofaz.org.br\/2024\/wp-json\/wp\/v2\/types\/post"}],"author":[{"embeddable":true,"href":"https:\/\/sinprofaz.org.br\/2024\/wp-json\/wp\/v2\/users\/1"}],"replies":[{"embeddable":true,"href":"https:\/\/sinprofaz.org.br\/2024\/wp-json\/wp\/v2\/comments?post=909"}],"version-history":[{"count":0,"href":"https:\/\/sinprofaz.org.br\/2024\/wp-json\/wp\/v2\/posts\/909\/revisions"}],"wp:attachment":[{"href":"https:\/\/sinprofaz.org.br\/2024\/wp-json\/wp\/v2\/media?parent=909"}],"wp:term":[{"taxonomy":"category","embeddable":true,"href":"https:\/\/sinprofaz.org.br\/2024\/wp-json\/wp\/v2\/categories?post=909"},{"taxonomy":"post_tag","embeddable":true,"href":"https:\/\/sinprofaz.org.br\/2024\/wp-json\/wp\/v2\/tags?post=909"}],"curies":[{"name":"wp","href":"https:\/\/api.w.org\/{rel}","templated":true}]}}