{"id":9056,"date":"2018-12-20T15:06:22","date_gmt":"2018-12-20T17:06:22","guid":{"rendered":"http:\/\/www.sinprofaz.org.br\/?p=9056"},"modified":"2019-01-02T08:48:47","modified_gmt":"2019-01-02T10:48:47","slug":"dirigentes-do-sinprofaz-se-reunem-com-o-novo-advogado-geral-da-uniao","status":"publish","type":"post","link":"https:\/\/sinprofaz.org.br\/2024\/noticias\/dirigentes-do-sinprofaz-se-reunem-com-o-novo-advogado-geral-da-uniao\/","title":{"rendered":"DIRIGENTES DO SINPROFAZ SE RE\u00daNEM COM O NOVO ADVOGADO-GERAL DA UNI\u00c3O"},"content":{"rendered":"<p>O SINPROFAZ, representado pelo presidente Achilles Frias e pelo diretor Roberto Rodrigues, participou hoje (20) de reuni\u00e3o com o novo advogado-geral da Uni\u00e3o, Andr\u00e9 Luiz de Almeida Mendon\u00e7a. Tamb\u00e9m estiveram presentes Jorge Oliveira, subchefe de Assuntos Jur\u00eddicos da Casa Civil no pr\u00f3ximo governo, e Renato de Lima Fran\u00e7a, consultor jur\u00eddico do Minist\u00e9rio da Transpar\u00eancia e Controladoria-Geral da Uni\u00e3o indicado ao posto de vice-AGU.<\/p>\n<p>O encontro contou ainda com a presen\u00e7a de dirigentes das demais entidades representativas da Advocacia P\u00fablica Federal, os quais, juntamente com o AGU, debateram assuntos de interesse das carreiras, relativos, especialmente, \u00e0s prerrogativas dos Membros da Institui\u00e7\u00e3o. Andr\u00e9 Mendon\u00e7a manifestou o desejo por bons canais de interlocu\u00e7\u00e3o com as entidades, de modo a fazer um trabalho conjunto em prol do Estado brasileiro e mant\u00ea-las informadas acerca da atua\u00e7\u00e3o em defesa da AGU e das carreiras que a comp\u00f5em.<\/p>\n\n\t\t<style type=\"text\/css\">\n\t\t\t#gallery-1 {\n\t\t\t\tmargin: auto;\n\t\t\t}\n\t\t\t#gallery-1 .gallery-item {\n\t\t\t\tfloat: left;\n\t\t\t\tmargin-top: 10px;\n\t\t\t\ttext-align: center;\n\t\t\t\twidth: 33%;\n\t\t\t}\n\t\t\t#gallery-1 img {\n\t\t\t\tborder: 2px solid #cfcfcf;\n\t\t\t}\n\t\t\t#gallery-1 .gallery-caption {\n\t\t\t\tmargin-left: 0;\n\t\t\t}\n\t\t\t\/* see gallery_shortcode() in wp-includes\/media.php *\/\n\t\t<\/style>\n\t\t<div id='gallery-1' class='gallery galleryid-9056 gallery-columns-3 gallery-size-thumbnail'><dl class='gallery-item'>\n\t\t\t<dt class='gallery-icon landscape'>\n\t\t\t\t<a href='https:\/\/sinprofaz.org.br\/2024\/wp-content\/uploads\/2018\/12\/02-8.jpg'><img loading=\"lazy\" decoding=\"async\" width=\"150\" height=\"150\" src=\"https:\/\/sinprofaz.org.br\/2024\/wp-content\/uploads\/2018\/12\/02-8-150x150.jpg\" class=\"attachment-thumbnail size-thumbnail\" alt=\"\" \/><\/a>\n\t\t\t<\/dt><\/dl><dl class='gallery-item'>\n\t\t\t<dt class='gallery-icon landscape'>\n\t\t\t\t<a href='https:\/\/sinprofaz.org.br\/2024\/wp-content\/uploads\/2018\/12\/03-5.jpg'><img loading=\"lazy\" decoding=\"async\" width=\"150\" height=\"150\" src=\"https:\/\/sinprofaz.org.br\/2024\/wp-content\/uploads\/2018\/12\/03-5-150x150.jpg\" class=\"attachment-thumbnail size-thumbnail\" alt=\"\" \/><\/a>\n\t\t\t<\/dt><\/dl><dl class='gallery-item'>\n\t\t\t<dt class='gallery-icon landscape'>\n\t\t\t\t<a href='https:\/\/sinprofaz.org.br\/2024\/wp-content\/uploads\/2018\/12\/04-4.jpg'><img loading=\"lazy\" decoding=\"async\" width=\"150\" height=\"150\" src=\"https:\/\/sinprofaz.org.br\/2024\/wp-content\/uploads\/2018\/12\/04-4-150x150.jpg\" class=\"attachment-thumbnail size-thumbnail\" alt=\"\" \/><\/a>\n\t\t\t<\/dt><\/dl><br style=\"clear: both\" \/>\n\t\t<\/div>\n\n","protected":false},"excerpt":{"rendered":"<p>O SINPROFAZ participou hoje de reuni\u00e3o com o novo AGU, Andr\u00e9 Luiz de Almeida Mendon\u00e7a. Tamb\u00e9m estiveram presentes Jorge Oliveira, subchefe de Assuntos Jur\u00eddicos da Casa Civil no pr\u00f3ximo governo, e Renato de Lima Fran\u00e7a, indicado ao posto de vice-AGU.<\/p>\n","protected":false},"author":2,"featured_media":9057,"comment_status":"open","ping_status":"open","sticky":false,"template":"","format":"standard","meta":{"footnotes":""},"categories":[8],"tags":[43,32,25],"featured_image_url":"https:\/\/sinprofaz.org.br\/2024\/wp-content\/uploads\/2018\/12\/01-11-800x198.jpg","character_count":675,"formatted_date":"20\/12\/2018 - 15:06","contentNovo":"O SINPROFAZ, representado pelo presidente Achilles Frias e pelo diretor Roberto Rodrigues, participou hoje (20) de reuni\u00e3o com o novo advogado-geral da Uni\u00e3o, Andr\u00e9 Luiz de Almeida Mendon\u00e7a. Tamb\u00e9m estiveram presentes Jorge Oliveira, subchefe de Assuntos Jur\u00eddicos da Casa Civil no pr\u00f3ximo governo, e Renato de Lima Fran\u00e7a, consultor jur\u00eddico do Minist\u00e9rio da Transpar\u00eancia e Controladoria-Geral da Uni\u00e3o indicado ao posto de vice-AGU.\r\n\r\nO encontro contou ainda com a presen\u00e7a de dirigentes das demais entidades representativas da Advocacia P\u00fablica Federal, os quais, juntamente com o AGU, debateram assuntos de interesse das carreiras, relativos, especialmente, \u00e0s prerrogativas dos Membros da Institui\u00e7\u00e3o. Andr\u00e9 Mendon\u00e7a manifestou o desejo por bons canais de interlocu\u00e7\u00e3o com as entidades, de modo a fazer um trabalho conjunto em prol do Estado brasileiro e mant\u00ea-las informadas acerca da atua\u00e7\u00e3o em defesa da AGU e das carreiras que a comp\u00f5em.\r\n\r\n[gallery link=\"file\" ids=\"9058,9059,9060\"]","_links":{"self":[{"href":"https:\/\/sinprofaz.org.br\/2024\/wp-json\/wp\/v2\/posts\/9056"}],"collection":[{"href":"https:\/\/sinprofaz.org.br\/2024\/wp-json\/wp\/v2\/posts"}],"about":[{"href":"https:\/\/sinprofaz.org.br\/2024\/wp-json\/wp\/v2\/types\/post"}],"author":[{"embeddable":true,"href":"https:\/\/sinprofaz.org.br\/2024\/wp-json\/wp\/v2\/users\/2"}],"replies":[{"embeddable":true,"href":"https:\/\/sinprofaz.org.br\/2024\/wp-json\/wp\/v2\/comments?post=9056"}],"version-history":[{"count":1,"href":"https:\/\/sinprofaz.org.br\/2024\/wp-json\/wp\/v2\/posts\/9056\/revisions"}],"predecessor-version":[{"id":9061,"href":"https:\/\/sinprofaz.org.br\/2024\/wp-json\/wp\/v2\/posts\/9056\/revisions\/9061"}],"wp:featuredmedia":[{"embeddable":true,"href":"https:\/\/sinprofaz.org.br\/2024\/wp-json\/wp\/v2\/media\/9057"}],"wp:attachment":[{"href":"https:\/\/sinprofaz.org.br\/2024\/wp-json\/wp\/v2\/media?parent=9056"}],"wp:term":[{"taxonomy":"category","embeddable":true,"href":"https:\/\/sinprofaz.org.br\/2024\/wp-json\/wp\/v2\/categories?post=9056"},{"taxonomy":"post_tag","embeddable":true,"href":"https:\/\/sinprofaz.org.br\/2024\/wp-json\/wp\/v2\/tags?post=9056"}],"curies":[{"name":"wp","href":"https:\/\/api.w.org\/{rel}","templated":true}]}}