{"id":9045,"date":"2018-12-19T17:43:26","date_gmt":"2018-12-19T19:43:26","guid":{"rendered":"http:\/\/www.sinprofaz.org.br\/?p=9045"},"modified":"2018-12-20T09:08:16","modified_gmt":"2018-12-20T11:08:16","slug":"descaminhos-do-constitucionalismo-e-tema-de-palestra-no-18-encontro","status":"publish","type":"post","link":"https:\/\/sinprofaz.org.br\/2024\/noticias\/descaminhos-do-constitucionalismo-e-tema-de-palestra-no-18-encontro\/","title":{"rendered":"DESCAMINHOS DO CONSTITUCIONALISMO \u00c9 TEMA DE PALESTRA NO 18\u00ba ENCONTRO"},"content":{"rendered":"<p>A primeira noite do 18\u00ba Encontro do SINPROFAZ contou com palestra de Marcelo Neves, professor titular de Direito da Universidade de Bras\u00edlia \u2013 UnB. Marcelo Neves \u00e9 filho do PFN Jos\u00e9 Cavalcanti Neves, ex-procurador-geral da Fazenda Nacional (1963-1965), ex-presidente do Conselho Federal da OAB (1971-1973), ex-presidente da OAB-PE (1953-1971) e um dos mais antigos filiados do SINPROFAZ. No 18\u00ba Encontro Nacional dos Procuradores da Fazenda Nacional, Marcelo Neves palestrou sobre os \u201cDescaminhos do Constitucionalismo no Brasil\u201d.<\/p>\n<p>Segundo o professor, a inclus\u00e3o social \u00e9 um dos pressupostos do Constitucionalismo: ele n\u00e3o prospera em um contexto de ampla exclus\u00e3o. Ademais, a base conceitual do Constitucionalismo est\u00e1 na diferencia\u00e7\u00e3o funcional entre pol\u00edtica e Direito &#8211; diferencia\u00e7\u00e3o esta em que a corrup\u00e7\u00e3o sist\u00eamica \u00e9 o elemento problem\u00e1tico. &#8220;A corrup\u00e7\u00e3o sist\u00eamica em sentido estrito resulta do relacionamento do Estado com a sociedade civil. Nessa rela\u00e7\u00e3o, o Estado envolve-se de maneira que os c\u00f3digos do poder e do Direito s\u00e3o corrompidos nos planos eleitoral e jur\u00eddico, cen\u00e1rio em que a corrup\u00e7\u00e3o sist\u00eamica se generaliza. Sem estrutura p\u00fablica, n\u00e3o temos a capacidade de reagir a essa situa\u00e7\u00e3o&#8221;, explicou.<\/p>\n<p>Para Marcelo Neves, a corrup\u00e7\u00e3o sist\u00eamica \u00e9 insepar\u00e1vel de situa\u00e7\u00f5es de desigualdade profunda. Quanto maior \u00e9 a desigualdade e a exclus\u00e3o social, maior \u00e9 a corrup\u00e7\u00e3o. &#8220;A rela\u00e7\u00e3o desigual entre sobreinclu\u00eddos e subinclu\u00eddos implode a Constitui\u00e7\u00e3o brasileira e agrava-se nos momentos em que se vislumbra maior combate \u00e0 exclus\u00e3o social e \u00e0 corrup\u00e7\u00e3o.&#8221; Segundo o professor, a atual crise constitucional tem muito a ver com isso: pol\u00edticas includentes passam a ser dificilmente aceitas pelos dominantes, que utilizam o elemento &#8220;corrup\u00e7\u00e3o&#8221; como pretexto fundamental para romper com elas. <\/p>\n<p>Ao assumir o Estado, as for\u00e7as conservadoras tomaram os progressistas de esquerda como inimigos. \u00c9 o que defende o professor, segundo o qual o Judici\u00e1rio se alinhou aos conservadores e passou a atuar acima da Constitui\u00e7\u00e3o e da lei, relativizando, por exemplo, regras constitucionais protetoras de direitos. &#8220;O engano \u00e9 achar que a judicializa\u00e7\u00e3o da pol\u00edtica fortifica o Direito. O que ocorreu, na verdade, foi a politiza\u00e7\u00e3o do Judici\u00e1rio, que migrou do centro do sistema jur\u00eddico para o centro do sistema pol\u00edtico. Essa op\u00e7\u00e3o motivou a inconsist\u00eancia de suas decis\u00f5es, tomadas conforme a fluidez pol\u00edtica.&#8221; De acordo com Neves, quando o combate \u00e0 corrup\u00e7\u00e3o ocorre \u00e0 margem da Constitui\u00e7\u00e3o e da lei, d\u00e1-se um fen\u00f4meno t\u00edpico da corrup\u00e7\u00e3o sist\u00eamica e das sociedades autorit\u00e1rias.  <\/p>\n<p>Ao encerrar a exposi\u00e7\u00e3o, Marcelo Neves abordou tentativas de suspens\u00e3o constitucional, destacando como exemplos a pretendida subordina\u00e7\u00e3o da Carta Magna \u00e0 religi\u00e3o e \u00e0 tutela pol\u00edtico-militar. Outro exemplo utilizado foi a EC 95 que, sob o falso discurso de austeridade, imp\u00f5e uma &#8220;economia para poucos&#8221;, impedindo a realiza\u00e7\u00e3o de direitos como a educa\u00e7\u00e3o p\u00fablica gratuita e a sa\u00fade universal. &#8220;Tal desprezo \u00e0 Constitui\u00e7\u00e3o exige que reajamos. No Brasil, a elite n\u00e3o quer que os trabalhadores tenham o m\u00ednimo para sobreviver. Ela \u00e9 beneficiada pelo padr\u00e3o dominante, que \u00e9 o da ilegalidade. Para os trabalhadores, ent\u00e3o, a alternativa \u00e9 buscar a legalidade constitucionalmente fundada. N\u00e3o transformaremos este pa\u00eds sem pol\u00edticas radicais de inclus\u00e3o e sem lutar contra a politiza\u00e7\u00e3o do Direito.&#8221; <\/p>\n<p>Para assistir \u00e0 \u00edntegra da palestra, acesse o canal do SINPROFAZ no YouTube: <a href=\"http:\/\/bit.ly\/2QMaS7f\" rel=\"noopener\" target=\"_blank\">bit.ly\/2QMaS7f<\/a><\/p>\n\n\t\t<style type=\"text\/css\">\n\t\t\t#gallery-1 {\n\t\t\t\tmargin: auto;\n\t\t\t}\n\t\t\t#gallery-1 .gallery-item {\n\t\t\t\tfloat: left;\n\t\t\t\tmargin-top: 10px;\n\t\t\t\ttext-align: center;\n\t\t\t\twidth: 33%;\n\t\t\t}\n\t\t\t#gallery-1 img {\n\t\t\t\tborder: 2px solid #cfcfcf;\n\t\t\t}\n\t\t\t#gallery-1 .gallery-caption {\n\t\t\t\tmargin-left: 0;\n\t\t\t}\n\t\t\t\/* see gallery_shortcode() in wp-includes\/media.php *\/\n\t\t<\/style>\n\t\t<div id='gallery-1' class='gallery galleryid-9045 gallery-columns-3 gallery-size-thumbnail'><dl class='gallery-item'>\n\t\t\t<dt class='gallery-icon landscape'>\n\t\t\t\t<a href='https:\/\/sinprofaz.org.br\/2024\/wp-content\/uploads\/2018\/12\/02-7.jpg'><img loading=\"lazy\" decoding=\"async\" width=\"150\" height=\"150\" src=\"https:\/\/sinprofaz.org.br\/2024\/wp-content\/uploads\/2018\/12\/02-7-150x150.jpg\" class=\"attachment-thumbnail size-thumbnail\" alt=\"\" \/><\/a>\n\t\t\t<\/dt><\/dl><dl class='gallery-item'>\n\t\t\t<dt class='gallery-icon landscape'>\n\t\t\t\t<a href='https:\/\/sinprofaz.org.br\/2024\/wp-content\/uploads\/2018\/12\/03-4.jpg'><img loading=\"lazy\" decoding=\"async\" width=\"150\" height=\"150\" src=\"https:\/\/sinprofaz.org.br\/2024\/wp-content\/uploads\/2018\/12\/03-4-150x150.jpg\" class=\"attachment-thumbnail size-thumbnail\" alt=\"\" \/><\/a>\n\t\t\t<\/dt><\/dl><dl class='gallery-item'>\n\t\t\t<dt class='gallery-icon landscape'>\n\t\t\t\t<a href='https:\/\/sinprofaz.org.br\/2024\/wp-content\/uploads\/2018\/12\/04-3.jpg'><img loading=\"lazy\" decoding=\"async\" width=\"150\" height=\"150\" src=\"https:\/\/sinprofaz.org.br\/2024\/wp-content\/uploads\/2018\/12\/04-3-150x150.jpg\" class=\"attachment-thumbnail size-thumbnail\" alt=\"\" \/><\/a>\n\t\t\t<\/dt><\/dl><br style=\"clear: both\" \/>\n\t\t<\/div>\n\n","protected":false},"excerpt":{"rendered":"<p>A primeira noite do 18\u00ba Encontro Nacional dos Procuradores da Fazenda Nacional contou com palestra de Marcelo Neves. Professor titular de Direito da Universidade de Bras\u00edlia &#8211; UnB, ele palestrou sobre os &#8220;Descaminhos do Constitucionalismo no Brasil&#8221;.<\/p>\n","protected":false},"author":2,"featured_media":9046,"comment_status":"open","ping_status":"open","sticky":false,"template":"","format":"standard","meta":{"footnotes":""},"categories":[8],"tags":[32,62,25],"featured_image_url":"https:\/\/sinprofaz.org.br\/2024\/wp-content\/uploads\/2018\/12\/01-10-800x198.jpg","character_count":2031,"formatted_date":"19\/12\/2018 - 17:43","contentNovo":"A primeira noite do 18\u00ba Encontro do SINPROFAZ contou com palestra de Marcelo Neves, professor titular de Direito da Universidade de Bras\u00edlia \u2013 UnB. Marcelo Neves \u00e9 filho do PFN Jos\u00e9 Cavalcanti Neves, ex-procurador-geral da Fazenda Nacional (1963-1965), ex-presidente do Conselho Federal da OAB (1971-1973), ex-presidente da OAB-PE (1953-1971) e um dos mais antigos filiados do SINPROFAZ. No 18\u00ba Encontro Nacional dos Procuradores da Fazenda Nacional, Marcelo Neves palestrou sobre os \u201cDescaminhos do Constitucionalismo no Brasil\u201d.\r\n\r\nSegundo o professor, a inclus\u00e3o social \u00e9 um dos pressupostos do Constitucionalismo: ele n\u00e3o prospera em um contexto de ampla exclus\u00e3o. Ademais, a base conceitual do Constitucionalismo est\u00e1 na diferencia\u00e7\u00e3o funcional entre pol\u00edtica e Direito - diferencia\u00e7\u00e3o esta em que a corrup\u00e7\u00e3o sist\u00eamica \u00e9 o elemento problem\u00e1tico. \"A corrup\u00e7\u00e3o sist\u00eamica em sentido estrito resulta do relacionamento do Estado com a sociedade civil. Nessa rela\u00e7\u00e3o, o Estado envolve-se de maneira que os c\u00f3digos do poder e do Direito s\u00e3o corrompidos nos planos eleitoral e jur\u00eddico, cen\u00e1rio em que a corrup\u00e7\u00e3o sist\u00eamica se generaliza. Sem estrutura p\u00fablica, n\u00e3o temos a capacidade de reagir a essa situa\u00e7\u00e3o\", explicou.\r\n\r\nPara Marcelo Neves, a corrup\u00e7\u00e3o sist\u00eamica \u00e9 insepar\u00e1vel de situa\u00e7\u00f5es de desigualdade profunda. Quanto maior \u00e9 a desigualdade e a exclus\u00e3o social, maior \u00e9 a corrup\u00e7\u00e3o. \"A rela\u00e7\u00e3o desigual entre sobreinclu\u00eddos e subinclu\u00eddos implode a Constitui\u00e7\u00e3o brasileira e agrava-se nos momentos em que se vislumbra maior combate \u00e0 exclus\u00e3o social e \u00e0 corrup\u00e7\u00e3o.\" Segundo o professor, a atual crise constitucional tem muito a ver com isso: pol\u00edticas includentes passam a ser dificilmente aceitas pelos dominantes, que utilizam o elemento \"corrup\u00e7\u00e3o\" como pretexto fundamental para romper com elas. \r\n\r\nAo assumir o Estado, as for\u00e7as conservadoras tomaram os progressistas de esquerda como inimigos. \u00c9 o que defende o professor, segundo o qual o Judici\u00e1rio se alinhou aos conservadores e passou a atuar acima da Constitui\u00e7\u00e3o e da lei, relativizando, por exemplo, regras constitucionais protetoras de direitos. \"O engano \u00e9 achar que a judicializa\u00e7\u00e3o da pol\u00edtica fortifica o Direito. O que ocorreu, na verdade, foi a politiza\u00e7\u00e3o do Judici\u00e1rio, que migrou do centro do sistema jur\u00eddico para o centro do sistema pol\u00edtico. Essa op\u00e7\u00e3o motivou a inconsist\u00eancia de suas decis\u00f5es, tomadas conforme a fluidez pol\u00edtica.\" De acordo com Neves, quando o combate \u00e0 corrup\u00e7\u00e3o ocorre \u00e0 margem da Constitui\u00e7\u00e3o e da lei, d\u00e1-se um fen\u00f4meno t\u00edpico da corrup\u00e7\u00e3o sist\u00eamica e das sociedades autorit\u00e1rias.  \r\n\r\nAo encerrar a exposi\u00e7\u00e3o, Marcelo Neves abordou tentativas de suspens\u00e3o constitucional, destacando como exemplos a pretendida subordina\u00e7\u00e3o da Carta Magna \u00e0 religi\u00e3o e \u00e0 tutela pol\u00edtico-militar. Outro exemplo utilizado foi a EC 95 que, sob o falso discurso de austeridade, imp\u00f5e uma \"economia para poucos\", impedindo a realiza\u00e7\u00e3o de direitos como a educa\u00e7\u00e3o p\u00fablica gratuita e a sa\u00fade universal. \"Tal desprezo \u00e0 Constitui\u00e7\u00e3o exige que reajamos. No Brasil, a elite n\u00e3o quer que os trabalhadores tenham o m\u00ednimo para sobreviver. Ela \u00e9 beneficiada pelo padr\u00e3o dominante, que \u00e9 o da ilegalidade. Para os trabalhadores, ent\u00e3o, a alternativa \u00e9 buscar a legalidade constitucionalmente fundada. N\u00e3o transformaremos este pa\u00eds sem pol\u00edticas radicais de inclus\u00e3o e sem lutar contra a politiza\u00e7\u00e3o do Direito.\" \r\n\r\nPara assistir \u00e0 \u00edntegra da palestra, acesse o canal do SINPROFAZ no YouTube: <a href=\"http:\/\/bit.ly\/2QMaS7f\" rel=\"noopener\" target=\"_blank\">bit.ly\/2QMaS7f<\/a>\r\n\r\n[gallery link=\"file\" ids=\"9047,9048,9049\"]","_links":{"self":[{"href":"https:\/\/sinprofaz.org.br\/2024\/wp-json\/wp\/v2\/posts\/9045"}],"collection":[{"href":"https:\/\/sinprofaz.org.br\/2024\/wp-json\/wp\/v2\/posts"}],"about":[{"href":"https:\/\/sinprofaz.org.br\/2024\/wp-json\/wp\/v2\/types\/post"}],"author":[{"embeddable":true,"href":"https:\/\/sinprofaz.org.br\/2024\/wp-json\/wp\/v2\/users\/2"}],"replies":[{"embeddable":true,"href":"https:\/\/sinprofaz.org.br\/2024\/wp-json\/wp\/v2\/comments?post=9045"}],"version-history":[{"count":2,"href":"https:\/\/sinprofaz.org.br\/2024\/wp-json\/wp\/v2\/posts\/9045\/revisions"}],"predecessor-version":[{"id":9054,"href":"https:\/\/sinprofaz.org.br\/2024\/wp-json\/wp\/v2\/posts\/9045\/revisions\/9054"}],"wp:featuredmedia":[{"embeddable":true,"href":"https:\/\/sinprofaz.org.br\/2024\/wp-json\/wp\/v2\/media\/9046"}],"wp:attachment":[{"href":"https:\/\/sinprofaz.org.br\/2024\/wp-json\/wp\/v2\/media?parent=9045"}],"wp:term":[{"taxonomy":"category","embeddable":true,"href":"https:\/\/sinprofaz.org.br\/2024\/wp-json\/wp\/v2\/categories?post=9045"},{"taxonomy":"post_tag","embeddable":true,"href":"https:\/\/sinprofaz.org.br\/2024\/wp-json\/wp\/v2\/tags?post=9045"}],"curies":[{"name":"wp","href":"https:\/\/api.w.org\/{rel}","templated":true}]}}