{"id":9015,"date":"2018-12-13T14:00:13","date_gmt":"2018-12-13T16:00:13","guid":{"rendered":"http:\/\/www.sinprofaz.org.br\/?p=9015"},"modified":"2018-12-14T12:04:31","modified_gmt":"2018-12-14T14:04:31","slug":"sinprofaz-e-anauni-trancam-estrategias-para-defesa-dos-membros-da-agu","status":"publish","type":"post","link":"https:\/\/sinprofaz.org.br\/2024\/noticias\/sinprofaz-e-anauni-trancam-estrategias-para-defesa-dos-membros-da-agu\/","title":{"rendered":"SINPROFAZ E ANAUNI TRAN\u00c7AM ESTRAT\u00c9GIAS PARA DEFESA DOS MEMBROS DA AGU"},"content":{"rendered":"<p>O SINPROFAZ, representado pelo presidente Achilles Frias e pelo diretor Roberto Rodrigues, esteve reunido ontem (12) com M\u00e1rcia David, presidente da Associa\u00e7\u00e3o Nacional dos Advogados da Uni\u00e3o &#8211; ANAUNI.<\/p>\n<p>Tendo em vista os mais recentes acontecimentos, os dirigentes de SINPROFAZ e de ANAUNI tra\u00e7aram estrat\u00e9gias para defesa dos Membros da Advocacia-Geral da Uni\u00e3o &#8211; AGU. As entidades atuar\u00e3o conjuntamente para impedir que indiv\u00edduos de fora da Institui\u00e7\u00e3o, norteados unicamente por interesses pessoais, assumam, no \u00f3rg\u00e3o, cargos para os quais n\u00e3o est\u00e3o aptos.<\/p>\n\n\t\t<style type=\"text\/css\">\n\t\t\t#gallery-1 {\n\t\t\t\tmargin: auto;\n\t\t\t}\n\t\t\t#gallery-1 .gallery-item {\n\t\t\t\tfloat: left;\n\t\t\t\tmargin-top: 10px;\n\t\t\t\ttext-align: center;\n\t\t\t\twidth: 33%;\n\t\t\t}\n\t\t\t#gallery-1 img {\n\t\t\t\tborder: 2px solid #cfcfcf;\n\t\t\t}\n\t\t\t#gallery-1 .gallery-caption {\n\t\t\t\tmargin-left: 0;\n\t\t\t}\n\t\t\t\/* see gallery_shortcode() in wp-includes\/media.php *\/\n\t\t<\/style>\n\t\t<div id='gallery-1' class='gallery galleryid-9015 gallery-columns-3 gallery-size-thumbnail'><dl class='gallery-item'>\n\t\t\t<dt class='gallery-icon landscape'>\n\t\t\t\t<a href='https:\/\/sinprofaz.org.br\/2024\/wp-content\/uploads\/2018\/12\/02-5.jpg'><img loading=\"lazy\" decoding=\"async\" width=\"150\" height=\"150\" src=\"https:\/\/sinprofaz.org.br\/2024\/wp-content\/uploads\/2018\/12\/02-5-150x150.jpg\" class=\"attachment-thumbnail size-thumbnail\" alt=\"\" \/><\/a>\n\t\t\t<\/dt><\/dl>\n\t\t\t<br style='clear: both' \/>\n\t\t<\/div>\n\n","protected":false},"excerpt":{"rendered":"<p>O SINPROFAZ se reuniu com M\u00e1rcia David, presidente da ANAUNI. As entidades atuar\u00e3o conjuntamente para impedir que indiv\u00edduos de fora da Institui\u00e7\u00e3o, norteados unicamente por interesses pessoais, assumam, no \u00f3rg\u00e3o, cargos para os quais n\u00e3o est\u00e3o aptos.<\/p>\n","protected":false},"author":2,"featured_media":9017,"comment_status":"open","ping_status":"open","sticky":false,"template":"","format":"standard","meta":{"footnotes":""},"categories":[8],"tags":[43,23,25],"featured_image_url":"https:\/\/sinprofaz.org.br\/2024\/wp-content\/uploads\/2018\/12\/01-8-800x198.jpg","character_count":471,"formatted_date":"13\/12\/2018 - 14:00","contentNovo":"O SINPROFAZ, representado pelo presidente Achilles Frias e pelo diretor Roberto Rodrigues, esteve reunido ontem (12) com M\u00e1rcia David, presidente da Associa\u00e7\u00e3o Nacional dos Advogados da Uni\u00e3o - ANAUNI.\r\n\r\nTendo em vista os mais recentes acontecimentos, os dirigentes de SINPROFAZ e de ANAUNI tra\u00e7aram estrat\u00e9gias para defesa dos Membros da Advocacia-Geral da Uni\u00e3o - AGU. As entidades atuar\u00e3o conjuntamente para impedir que indiv\u00edduos de fora da Institui\u00e7\u00e3o, norteados unicamente por interesses pessoais, assumam, no \u00f3rg\u00e3o, cargos para os quais n\u00e3o est\u00e3o aptos.\r\n\r\n[gallery link=\"file\" ids=\"9016\"]","_links":{"self":[{"href":"https:\/\/sinprofaz.org.br\/2024\/wp-json\/wp\/v2\/posts\/9015"}],"collection":[{"href":"https:\/\/sinprofaz.org.br\/2024\/wp-json\/wp\/v2\/posts"}],"about":[{"href":"https:\/\/sinprofaz.org.br\/2024\/wp-json\/wp\/v2\/types\/post"}],"author":[{"embeddable":true,"href":"https:\/\/sinprofaz.org.br\/2024\/wp-json\/wp\/v2\/users\/2"}],"replies":[{"embeddable":true,"href":"https:\/\/sinprofaz.org.br\/2024\/wp-json\/wp\/v2\/comments?post=9015"}],"version-history":[{"count":1,"href":"https:\/\/sinprofaz.org.br\/2024\/wp-json\/wp\/v2\/posts\/9015\/revisions"}],"predecessor-version":[{"id":9018,"href":"https:\/\/sinprofaz.org.br\/2024\/wp-json\/wp\/v2\/posts\/9015\/revisions\/9018"}],"wp:featuredmedia":[{"embeddable":true,"href":"https:\/\/sinprofaz.org.br\/2024\/wp-json\/wp\/v2\/media\/9017"}],"wp:attachment":[{"href":"https:\/\/sinprofaz.org.br\/2024\/wp-json\/wp\/v2\/media?parent=9015"}],"wp:term":[{"taxonomy":"category","embeddable":true,"href":"https:\/\/sinprofaz.org.br\/2024\/wp-json\/wp\/v2\/categories?post=9015"},{"taxonomy":"post_tag","embeddable":true,"href":"https:\/\/sinprofaz.org.br\/2024\/wp-json\/wp\/v2\/tags?post=9015"}],"curies":[{"name":"wp","href":"https:\/\/api.w.org\/{rel}","templated":true}]}}