{"id":8986,"date":"2018-12-06T08:55:38","date_gmt":"2018-12-06T10:55:38","guid":{"rendered":"http:\/\/www.sinprofaz.org.br\/?p=8986"},"modified":"2018-12-07T08:43:42","modified_gmt":"2018-12-07T10:43:42","slug":"sinprofaz-discute-parceria-com-diretor-do-congresso-em-foco","status":"publish","type":"post","link":"https:\/\/sinprofaz.org.br\/2024\/noticias\/sinprofaz-discute-parceria-com-diretor-do-congresso-em-foco\/","title":{"rendered":"SINPROFAZ DISCUTE PARCERIA COM DIRETOR DO CONGRESSO EM FOCO"},"content":{"rendered":"<p>O SINPROFAZ, representado pelo presidente Achilles Frias, reuniu-se na quarta-feira (5) com Sylvio Costa, diretor e fundador do Congresso em Foco \u2013 principal site de not\u00edcias do pa\u00eds a realizar a cobertura jornal\u00edstica do Congresso Nacional. Na ocasi\u00e3o, discutiu-se a parceria entre o SINPROFAZ e o portal para a realiza\u00e7\u00e3o do Pr\u00eamio Congresso em Foco 2019.<\/p>\n<p>Em 19 de setembro do ano que vem, o Pr\u00eamio Congresso em Foco ser\u00e1 entregue pela 12\u00aa vez. O projeto mobiliza internautas, jornalistas, congressistas e analistas pol\u00edticos em torno de objetivos como incentivar os cidad\u00e3os a acompanhar o desempenho dos congressistas, condecorar os parlamentares federais de destaque do ano e refor\u00e7ar a import\u00e2ncia do Poder Legislativo para a Democracia.<\/p>\n<p><strong>Sobre o Congresso em Foco<\/strong><\/p>\n<p>Criado em 2004, o site foi vencedor do Pr\u00eamio Esso de Melhor Contribui\u00e7\u00e3o \u00e0 Imprensa em 2009. No mesmo ano, tornou-se o primeiro ve\u00edculo online a receber o Trof\u00e9u Tim Lopes, destinado ao melhor trabalho de jornalismo investigativo. Desde 2011, a equipe publica, em vers\u00f5es impressa e digital, a Revista Congresso em Foco, que leva conte\u00fado exclusivo aos assinantes.<\/p>\n\n\t\t<style type=\"text\/css\">\n\t\t\t#gallery-1 {\n\t\t\t\tmargin: auto;\n\t\t\t}\n\t\t\t#gallery-1 .gallery-item {\n\t\t\t\tfloat: left;\n\t\t\t\tmargin-top: 10px;\n\t\t\t\ttext-align: center;\n\t\t\t\twidth: 33%;\n\t\t\t}\n\t\t\t#gallery-1 img {\n\t\t\t\tborder: 2px solid #cfcfcf;\n\t\t\t}\n\t\t\t#gallery-1 .gallery-caption {\n\t\t\t\tmargin-left: 0;\n\t\t\t}\n\t\t\t\/* see gallery_shortcode() in wp-includes\/media.php *\/\n\t\t<\/style>\n\t\t<div id='gallery-1' class='gallery galleryid-8986 gallery-columns-3 gallery-size-thumbnail'><dl class='gallery-item'>\n\t\t\t<dt class='gallery-icon landscape'>\n\t\t\t\t<a href='https:\/\/sinprofaz.org.br\/2024\/wp-content\/uploads\/2018\/12\/02-3.jpg'><img loading=\"lazy\" decoding=\"async\" width=\"150\" height=\"150\" src=\"https:\/\/sinprofaz.org.br\/2024\/wp-content\/uploads\/2018\/12\/02-3-150x150.jpg\" class=\"attachment-thumbnail size-thumbnail\" alt=\"\" \/><\/a>\n\t\t\t<\/dt><\/dl>\n\t\t\t<br style='clear: both' \/>\n\t\t<\/div>\n\n","protected":false},"excerpt":{"rendered":"<p>O Pr\u00eamio Congresso em Foco ser\u00e1 entregue pela 12\u00aa vez. O projeto objetiva incentivar os cidad\u00e3os a acompanhar o desempenho dos congressistas, condecorar os parlamentares de destaque do ano e refor\u00e7ar a import\u00e2ncia do Poder Legislativo para a Democracia.<\/p>\n","protected":false},"author":2,"featured_media":8987,"comment_status":"open","ping_status":"open","sticky":false,"template":"","format":"standard","meta":{"footnotes":""},"categories":[8],"tags":[45,25],"featured_image_url":"https:\/\/sinprofaz.org.br\/2024\/wp-content\/uploads\/2018\/12\/01-5-800x198.jpg","character_count":758,"formatted_date":"06\/12\/2018 - 08:55","contentNovo":"O SINPROFAZ, representado pelo presidente Achilles Frias, reuniu-se na quarta-feira (5) com Sylvio Costa, diretor e fundador do Congresso em Foco \u2013 principal site de not\u00edcias do pa\u00eds a realizar a cobertura jornal\u00edstica do Congresso Nacional. Na ocasi\u00e3o, discutiu-se a parceria entre o SINPROFAZ e o portal para a realiza\u00e7\u00e3o do Pr\u00eamio Congresso em Foco 2019.\r\n\r\nEm 19 de setembro do ano que vem, o Pr\u00eamio Congresso em Foco ser\u00e1 entregue pela 12\u00aa vez. O projeto mobiliza internautas, jornalistas, congressistas e analistas pol\u00edticos em torno de objetivos como incentivar os cidad\u00e3os a acompanhar o desempenho dos congressistas, condecorar os parlamentares federais de destaque do ano e refor\u00e7ar a import\u00e2ncia do Poder Legislativo para a Democracia.\r\n\r\n<strong>Sobre o Congresso em Foco<\/strong>\r\n\r\nCriado em 2004, o site foi vencedor do Pr\u00eamio Esso de Melhor Contribui\u00e7\u00e3o \u00e0 Imprensa em 2009. No mesmo ano, tornou-se o primeiro ve\u00edculo online a receber o Trof\u00e9u Tim Lopes, destinado ao melhor trabalho de jornalismo investigativo. Desde 2011, a equipe publica, em vers\u00f5es impressa e digital, a Revista Congresso em Foco, que leva conte\u00fado exclusivo aos assinantes.\r\n\r\n[gallery link=\"file\" ids=\"8989\"]","_links":{"self":[{"href":"https:\/\/sinprofaz.org.br\/2024\/wp-json\/wp\/v2\/posts\/8986"}],"collection":[{"href":"https:\/\/sinprofaz.org.br\/2024\/wp-json\/wp\/v2\/posts"}],"about":[{"href":"https:\/\/sinprofaz.org.br\/2024\/wp-json\/wp\/v2\/types\/post"}],"author":[{"embeddable":true,"href":"https:\/\/sinprofaz.org.br\/2024\/wp-json\/wp\/v2\/users\/2"}],"replies":[{"embeddable":true,"href":"https:\/\/sinprofaz.org.br\/2024\/wp-json\/wp\/v2\/comments?post=8986"}],"version-history":[{"count":3,"href":"https:\/\/sinprofaz.org.br\/2024\/wp-json\/wp\/v2\/posts\/8986\/revisions"}],"predecessor-version":[{"id":8991,"href":"https:\/\/sinprofaz.org.br\/2024\/wp-json\/wp\/v2\/posts\/8986\/revisions\/8991"}],"wp:featuredmedia":[{"embeddable":true,"href":"https:\/\/sinprofaz.org.br\/2024\/wp-json\/wp\/v2\/media\/8987"}],"wp:attachment":[{"href":"https:\/\/sinprofaz.org.br\/2024\/wp-json\/wp\/v2\/media?parent=8986"}],"wp:term":[{"taxonomy":"category","embeddable":true,"href":"https:\/\/sinprofaz.org.br\/2024\/wp-json\/wp\/v2\/categories?post=8986"},{"taxonomy":"post_tag","embeddable":true,"href":"https:\/\/sinprofaz.org.br\/2024\/wp-json\/wp\/v2\/tags?post=8986"}],"curies":[{"name":"wp","href":"https:\/\/api.w.org\/{rel}","templated":true}]}}