{"id":895,"date":"2012-07-05T14:12:21","date_gmt":"2012-07-05T14:12:21","guid":{"rendered":""},"modified":"-0001-11-30T00:00:00","modified_gmt":"-0001-11-30T03:00:00","slug":"dirigentes-da-advocacia-publica-tracam-estrategias-para-atuacao-no-segundo-semestre","status":"publish","type":"post","link":"https:\/\/sinprofaz.org.br\/2024\/noticias\/dirigentes-da-advocacia-publica-tracam-estrategias-para-atuacao-no-segundo-semestre\/","title":{"rendered":"Dirigentes da Advocacia P\u00fablica tra\u00e7am estrat\u00e9gias para atua\u00e7\u00e3o no segundo semestre"},"content":{"rendered":"<p>Participaram do encontro representantes do Forvm Nacional da Advocacia P\u00fablica Federal (Anajur &#8211; Anpprev &#8211; Anpaf &#8211; Apaferj &#8211; Apbc &#8211; Sinprofaz), da Unafe, da Anauni, da Anape e da Anpm.<\/p>\n<p>O grupo discutiu os trabalhos que devem ser realizados pela Frente Parlamentar Mista em Defesa da Advocacia P\u00fablica e tra\u00e7ou estrat\u00e9gias para atua\u00e7\u00e3o conjunta no Congresso Nacional no segundo semestre.<\/p>\n<p>Os dirigentes tamb\u00e9m debateram detalhes sobre a audi\u00eancia p\u00fablica que ser\u00e1 realizada na Comiss\u00e3o de Constitui\u00e7\u00e3o e Justi\u00e7a da C\u00e2mara dos Deputados no pr\u00f3ximo dia 10 de julho para tratar da Lei Org\u00e2nica da Advocacia P\u00fablica em suas tr\u00eas esferas &#8211; municipal, estadual e federal.<\/p>\n<p>A necessidade de unir representantes da Advocacia P\u00fablica de todos os n\u00edveis na luta pelas prerrogativas das carreiras refor\u00e7ou o tom de integra\u00e7\u00e3o e articula\u00e7\u00e3o com os dirigentes eleitos da Anape e da Anpm.<\/p>\n<p>Os dirigentes conclu\u00edram que os pleitos da categoria s\u00f3 ganhar\u00e3o for\u00e7a se houver coordena\u00e7\u00e3o entre as entidades e engajamento dos profissionais em todo o pa\u00eds, e n\u00e3o apenas em Bras\u00edlia, sendo importante que os colegas dos Estados tamb\u00e9m se mobilizem e contactem os Parlamentares que atuam nas Comiss\u00f5es atinentes aos Projetos de interesse da Advocacia P\u00fablica.<\/p>\n<p style=\"margin-top: 80px; text-align: center;\"><img decoding=\"async\" title=\"Mobiliza\u00e7\u00e3o\" alt=\"Banner Mobiliza\u00e7\u00e3o\" src=\"\/images\/noticias\/mobilizacao2.gif\" \/><\/p>\n","protected":false},"excerpt":{"rendered":"<p>Representantes das entidades da Advocacia P\u00fablica se reuniram ontem, 4 de julho, para discutir assuntos de interesse das carreiras.<\/p>\n","protected":false},"author":1,"featured_media":0,"comment_status":"closed","ping_status":"open","sticky":false,"template":"","format":"standard","meta":{"footnotes":""},"categories":[8],"tags":[],"featured_image_url":"https:\/\/dummyimage.com\/720x400","character_count":654,"formatted_date":"05\/07\/2012 - 14:12","contentNovo":"\r\n<p>Participaram do encontro representantes do Forvm Nacional da Advocacia P\u00fablica Federal (Anajur - Anpprev - Anpaf - Apaferj - Apbc - Sinprofaz), da Unafe, da Anauni, da Anape e da Anpm.<\/p>\r\n<p>O grupo discutiu os trabalhos que devem ser realizados pela Frente Parlamentar Mista em Defesa da Advocacia P\u00fablica e tra\u00e7ou estrat\u00e9gias para atua\u00e7\u00e3o conjunta no Congresso Nacional no segundo semestre.<\/p>\r\n<p>Os dirigentes tamb\u00e9m debateram detalhes sobre a audi\u00eancia p\u00fablica que ser\u00e1 realizada na Comiss\u00e3o de Constitui\u00e7\u00e3o e Justi\u00e7a da C\u00e2mara dos Deputados no pr\u00f3ximo dia 10 de julho para tratar da Lei Org\u00e2nica da Advocacia P\u00fablica em suas tr\u00eas esferas - municipal, estadual e federal.<\/p>\r\n<p>A necessidade de unir representantes da Advocacia P\u00fablica de todos os n\u00edveis na luta pelas prerrogativas das carreiras refor\u00e7ou o tom de integra\u00e7\u00e3o e articula\u00e7\u00e3o com os dirigentes eleitos da Anape e da Anpm.<\/p>\r\n<p>Os dirigentes conclu\u00edram que os pleitos da categoria s\u00f3 ganhar\u00e3o for\u00e7a se houver coordena\u00e7\u00e3o entre as entidades e engajamento dos profissionais em todo o pa\u00eds, e n\u00e3o apenas em Bras\u00edlia, sendo importante que os colegas dos Estados tamb\u00e9m se mobilizem e contactem os Parlamentares que atuam nas Comiss\u00f5es atinentes aos Projetos de interesse da Advocacia P\u00fablica.<\/p>\r\n<p style=\"margin-top: 80px; text-align: center;\"><\/p>","_links":{"self":[{"href":"https:\/\/sinprofaz.org.br\/2024\/wp-json\/wp\/v2\/posts\/895"}],"collection":[{"href":"https:\/\/sinprofaz.org.br\/2024\/wp-json\/wp\/v2\/posts"}],"about":[{"href":"https:\/\/sinprofaz.org.br\/2024\/wp-json\/wp\/v2\/types\/post"}],"author":[{"embeddable":true,"href":"https:\/\/sinprofaz.org.br\/2024\/wp-json\/wp\/v2\/users\/1"}],"replies":[{"embeddable":true,"href":"https:\/\/sinprofaz.org.br\/2024\/wp-json\/wp\/v2\/comments?post=895"}],"version-history":[{"count":0,"href":"https:\/\/sinprofaz.org.br\/2024\/wp-json\/wp\/v2\/posts\/895\/revisions"}],"wp:attachment":[{"href":"https:\/\/sinprofaz.org.br\/2024\/wp-json\/wp\/v2\/media?parent=895"}],"wp:term":[{"taxonomy":"category","embeddable":true,"href":"https:\/\/sinprofaz.org.br\/2024\/wp-json\/wp\/v2\/categories?post=895"},{"taxonomy":"post_tag","embeddable":true,"href":"https:\/\/sinprofaz.org.br\/2024\/wp-json\/wp\/v2\/tags?post=895"}],"curies":[{"name":"wp","href":"https:\/\/api.w.org\/{rel}","templated":true}]}}