{"id":8940,"date":"2018-11-30T08:45:04","date_gmt":"2018-11-30T10:45:04","guid":{"rendered":"http:\/\/www.sinprofaz.org.br\/?p=8940"},"modified":"2018-12-03T09:29:22","modified_gmt":"2018-12-03T11:29:22","slug":"enquete-sobre-entrega-de-cargos-e-compromisso-de-nao-assumir-chefias","status":"publish","type":"post","link":"https:\/\/sinprofaz.org.br\/2024\/noticias\/enquete-sobre-entrega-de-cargos-e-compromisso-de-nao-assumir-chefias\/","title":{"rendered":"ENQUETE SOBRE ENTREGA DE CARGOS E COMPROMISSO DE N\u00c3O ASSUMIR CHEFIAS"},"content":{"rendered":"<p>Foi com incredulidade e estarrecimento que a Carreira recebeu a not\u00edcia da possibilidade de nomea\u00e7\u00e3o, pelo Governo eleito, de um indiv\u00edduo alheio \u00e0 PGFN para o posto m\u00e1ximo da Institui\u00e7\u00e3o: o cargo de Procurador-Geral da Fazenda Nacional. Em Nota P\u00fablica amplamente divulgada, o SINPROFAZ manifestou veementemente seu rep\u00fadio \u00e0 indica\u00e7\u00e3o. <\/p>\n<p>H\u00e1 praticamente duas d\u00e9cadas, a chefia da Procuradoria-Geral da Fazenda Nacional \u00e9 ocupada por um Procurador da Fazenda Nacional (PFN). Qualquer possibilidade de mudan\u00e7a nessa cultura representa um retrocesso para a Institui\u00e7\u00e3o, ao qual a Carreira n\u00e3o pode, em hip\u00f3tese alguma, submeter-se, sob o risco de ter extintas tamb\u00e9m outras prerrogativas conquistadas. <\/p>\n<p>\u00c9 com o desejo maior de defender a Procuradoria-Geral da Fazenda Nacional e seus filiados, que o SINPROFAZ convoca agora a Carreira a participar em massa de uma consulta, mediante enquete, sobre a ades\u00e3o dos Procuradores da Fazenda Nacional a um Movimento de Entrega de Cargos. <\/p>\n<p>Se obtido o respaldo dos PFNs, os chefes solicitar\u00e3o sua exonera\u00e7\u00e3o e nenhum Procurador da Fazenda Nacional assumir\u00e1 cargo ou fun\u00e7\u00e3o de chefia, em qualquer n\u00edvel da PGFN, deixando a Institui\u00e7\u00e3o completamente ac\u00e9fala e inviabilizando, assim, o trabalho do Procurador-Geral da Fazenda Nacional. A medida s\u00f3 ter\u00e1 fim quando nomeado para o cargo um membro da Carreira.<\/p>\n<p>A consulta ter\u00e1 in\u00edcio na segunda-feira (3), \u00e0s 13h, e estar\u00e1 aberta at\u00e9 a quinta-feira (6), \u00e0s 23h59.<strong> Todos os Procuradores da Fazenda Nacional, filiados ou n\u00e3o, poder\u00e3o participar da enquete.<\/strong><\/p>\n<p>A enquete, a ser respondida com &#8220;Sim&#8221; ou &#8220;N\u00e3o&#8221;, trar\u00e1 a seguinte afirma\u00e7\u00e3o: <em>Diante da possibilidade de nomea\u00e7\u00e3o, para o cargo de Procurador-Geral da Fazenda Nacional, de pessoa alheia ao quadro da PGFN, concordo em requerer minha imediata exonera\u00e7\u00e3o do cargo\/fun\u00e7\u00e3o que, porventura, ocupe. Firmo ainda o compromisso de n\u00e3o assumir fun\u00e7\u00e3o ou cargo de chefia, em qualquer unidade da PGFN, enquanto n\u00e3o for nomeado, para o cargo m\u00e1ximo da Institui\u00e7\u00e3o, um Procurador da Fazenda Nacional.<\/em><\/p>\n<p>Expostas as provid\u00eancias, o SINPROFAZ conclama: os Procuradores da Fazenda Nacional, defensores do Estado Brasileiro, da Rep\u00fablica e da t\u00e9cnica como crit\u00e9rio para nomea\u00e7\u00e3o aos cargos p\u00fablicos, devem inviabilizar a administra\u00e7\u00e3o de algu\u00e9m estranho \u00e0 Carreira que ouse assumir o posto de Procurador-Geral da Fazenda Nacional.<\/p>\n","protected":false},"excerpt":{"rendered":"<p>\u00c9 com o desejo maior de defender a Procuradoria-Geral da Fazenda Nacional e os filiados, que o SINPROFAZ convoca a Carreira a participar de consulta, mediante enquete, sobre a ades\u00e3o dos Procuradores da Fazenda Nacional ao Movimento de Entrega de Cargos. <\/p>\n","protected":false},"author":2,"featured_media":2626,"comment_status":"open","ping_status":"open","sticky":false,"template":"","format":"standard","meta":{"footnotes":""},"categories":[8],"tags":[32,44,25],"featured_image_url":"https:\/\/sinprofaz.org.br\/2024\/wp-content\/uploads\/2016\/01\/logo-sinprofaz.jpg","character_count":1222,"formatted_date":"30\/11\/2018 - 08:45","contentNovo":"Foi com incredulidade e estarrecimento que a Carreira recebeu a not\u00edcia da possibilidade de nomea\u00e7\u00e3o, pelo Governo eleito, de um indiv\u00edduo alheio \u00e0 PGFN para o posto m\u00e1ximo da Institui\u00e7\u00e3o: o cargo de Procurador-Geral da Fazenda Nacional. Em Nota P\u00fablica amplamente divulgada, o SINPROFAZ manifestou veementemente seu rep\u00fadio \u00e0 indica\u00e7\u00e3o. \r\n\r\nH\u00e1 praticamente duas d\u00e9cadas, a chefia da Procuradoria-Geral da Fazenda Nacional \u00e9 ocupada por um Procurador da Fazenda Nacional (PFN). Qualquer possibilidade de mudan\u00e7a nessa cultura representa um retrocesso para a Institui\u00e7\u00e3o, ao qual a Carreira n\u00e3o pode, em hip\u00f3tese alguma, submeter-se, sob o risco de ter extintas tamb\u00e9m outras prerrogativas conquistadas. \r\n\r\n\u00c9 com o desejo maior de defender a Procuradoria-Geral da Fazenda Nacional e seus filiados, que o SINPROFAZ convoca agora a Carreira a participar em massa de uma consulta, mediante enquete, sobre a ades\u00e3o dos Procuradores da Fazenda Nacional a um Movimento de Entrega de Cargos. \r\n\r\nSe obtido o respaldo dos PFNs, os chefes solicitar\u00e3o sua exonera\u00e7\u00e3o e nenhum Procurador da Fazenda Nacional assumir\u00e1 cargo ou fun\u00e7\u00e3o de chefia, em qualquer n\u00edvel da PGFN, deixando a Institui\u00e7\u00e3o completamente ac\u00e9fala e inviabilizando, assim, o trabalho do Procurador-Geral da Fazenda Nacional. A medida s\u00f3 ter\u00e1 fim quando nomeado para o cargo um membro da Carreira.\r\n\r\nA consulta ter\u00e1 in\u00edcio na segunda-feira (3), \u00e0s 13h, e estar\u00e1 aberta at\u00e9 a quinta-feira (6), \u00e0s 23h59.<strong> Todos os Procuradores da Fazenda Nacional, filiados ou n\u00e3o, poder\u00e3o participar da enquete.<\/strong>\r\n\r\nA enquete, a ser respondida com \"Sim\" ou \"N\u00e3o\", trar\u00e1 a seguinte afirma\u00e7\u00e3o: <em>Diante da possibilidade de nomea\u00e7\u00e3o, para o cargo de Procurador-Geral da Fazenda Nacional, de pessoa alheia ao quadro da PGFN, concordo em requerer minha imediata exonera\u00e7\u00e3o do cargo\/fun\u00e7\u00e3o que, porventura, ocupe. Firmo ainda o compromisso de n\u00e3o assumir fun\u00e7\u00e3o ou cargo de chefia, em qualquer unidade da PGFN, enquanto n\u00e3o for nomeado, para o cargo m\u00e1ximo da Institui\u00e7\u00e3o, um Procurador da Fazenda Nacional.<\/em>\r\n\r\nExpostas as provid\u00eancias, o SINPROFAZ conclama: os Procuradores da Fazenda Nacional, defensores do Estado Brasileiro, da Rep\u00fablica e da t\u00e9cnica como crit\u00e9rio para nomea\u00e7\u00e3o aos cargos p\u00fablicos, devem inviabilizar a administra\u00e7\u00e3o de algu\u00e9m estranho \u00e0 Carreira que ouse assumir o posto de Procurador-Geral da Fazenda Nacional.\r\n","_links":{"self":[{"href":"https:\/\/sinprofaz.org.br\/2024\/wp-json\/wp\/v2\/posts\/8940"}],"collection":[{"href":"https:\/\/sinprofaz.org.br\/2024\/wp-json\/wp\/v2\/posts"}],"about":[{"href":"https:\/\/sinprofaz.org.br\/2024\/wp-json\/wp\/v2\/types\/post"}],"author":[{"embeddable":true,"href":"https:\/\/sinprofaz.org.br\/2024\/wp-json\/wp\/v2\/users\/2"}],"replies":[{"embeddable":true,"href":"https:\/\/sinprofaz.org.br\/2024\/wp-json\/wp\/v2\/comments?post=8940"}],"version-history":[{"count":2,"href":"https:\/\/sinprofaz.org.br\/2024\/wp-json\/wp\/v2\/posts\/8940\/revisions"}],"predecessor-version":[{"id":8951,"href":"https:\/\/sinprofaz.org.br\/2024\/wp-json\/wp\/v2\/posts\/8940\/revisions\/8951"}],"wp:featuredmedia":[{"embeddable":true,"href":"https:\/\/sinprofaz.org.br\/2024\/wp-json\/wp\/v2\/media\/2626"}],"wp:attachment":[{"href":"https:\/\/sinprofaz.org.br\/2024\/wp-json\/wp\/v2\/media?parent=8940"}],"wp:term":[{"taxonomy":"category","embeddable":true,"href":"https:\/\/sinprofaz.org.br\/2024\/wp-json\/wp\/v2\/categories?post=8940"},{"taxonomy":"post_tag","embeddable":true,"href":"https:\/\/sinprofaz.org.br\/2024\/wp-json\/wp\/v2\/tags?post=8940"}],"curies":[{"name":"wp","href":"https:\/\/api.w.org\/{rel}","templated":true}]}}