{"id":891,"date":"2012-07-03T16:31:04","date_gmt":"2012-07-03T16:31:04","guid":{"rendered":""},"modified":"-0001-11-30T00:00:00","modified_gmt":"-0001-11-30T03:00:00","slug":"marcada-audiencia-sobre-lei-organica-nacional-da-advocacia-publica","status":"publish","type":"post","link":"https:\/\/sinprofaz.org.br\/2024\/noticias\/marcada-audiencia-sobre-lei-organica-nacional-da-advocacia-publica\/","title":{"rendered":"Marcada audi\u00eancia sobre Lei Org\u00e2nica Nacional da Advocacia P\u00fablica"},"content":{"rendered":"<p>A audi\u00eancia p\u00fablica est\u00e1 marcada para come\u00e7ar \u00e0s 14h30, e ir\u00e1 debater a implementa\u00e7\u00e3o de uma lei org\u00e2nica para a advocacia p\u00fablica em suas tr\u00eas esferas &#8211; municipal, estadual e federal.<\/p>\n<p>O requerimento 84\/2012, que sugeriu a realiza\u00e7\u00e3o da audi\u00eancia, foi apresentado pelo deputado F\u00e1bio Trad (PMDB\/MS), que \u00e9 o coordenador da Frente Parlamentar Mista em Defesa da Advocacia P\u00fablica.<\/p>\n<p>Trad apresentou o requerimento ap\u00f3s intensa articula\u00e7\u00e3o do Forvm Nacional da Advocacia P\u00fablica Federal (Anajur, Anpprev, Anpaf, Apaferj, APBC e Sinprofaz) e demais entidades associativas da Advocacia P\u00fablica, como Unafe e Anauni, Anape e ANPM.<\/p>\n<p>Na oportunidade, o Forvm ser\u00e1 representado pelo presidente Allan Titonelli que externar\u00e1 cr\u00edticas ao projeto de altera\u00e7\u00e3o da Lei Complementar da Advocacia Geral da Uni\u00e3o, especialmente no que diz respeito \u00e0 permiss\u00e3o de que membros estranhos \u00e0s carreiras exer\u00e7am a fun\u00e7\u00e3o de Advogado P\u00fablico Federal, o que hoje \u00e9 atribui\u00e7\u00e3o exclusiva de Procuradores da Fazenda, Advogados da Uni\u00e3o, Procuradores Federais e Procuradores do Banco Central aprovados em concurso p\u00fablico.<\/p>\n<p>Nas justificativas do requerimento, Trad defendeu que &#8220;a cria\u00e7\u00e3o de uma lei org\u00e2nica da Advocacia Publica Federal \u00e9 medida premente, tendo em vista que apesar de seu status constitucional de Fun\u00e7\u00e3o Essencial a Justi\u00e7a, n\u00e3o disp\u00f5e de um diploma Jur\u00eddico que traga elementos b\u00e1sicos sobre a sua atua\u00e7\u00e3o ou prerrogativas&#8221;.<\/p>\n<p style=\"margin-top: 80px; text-align: center;\"><img decoding=\"async\" style=\"border: 1px solid #000000;\" title=\"Mobiliza\u00e7\u00e3o\" alt=\"Banner Mobiliza\u00e7\u00e3o\" src=\"\/images\/noticias\/mobilizacao2.gif\" \/><\/p>\n","protected":false},"excerpt":{"rendered":"<p>Ser\u00e1 na pr\u00f3xima ter\u00e7a-feira, 10 de julho, na Comiss\u00e3o de Constitui\u00e7\u00e3o e Justi\u00e7a e de Cidadania (CCJ) da C\u00e2mara dos Deputados. Representantes do Forvm Nacional v\u00e3o participar.<\/p>\n","protected":false},"author":1,"featured_media":0,"comment_status":"closed","ping_status":"open","sticky":false,"template":"","format":"standard","meta":{"footnotes":""},"categories":[8],"tags":[],"featured_image_url":"https:\/\/dummyimage.com\/720x400","character_count":742,"formatted_date":"03\/07\/2012 - 16:31","contentNovo":"\r\n<p>A audi\u00eancia p\u00fablica est\u00e1 marcada para come\u00e7ar \u00e0s 14h30, e ir\u00e1 debater a implementa\u00e7\u00e3o de uma lei org\u00e2nica para a advocacia p\u00fablica em suas tr\u00eas esferas - municipal, estadual e federal.<\/p>\r\n<p>O requerimento 84\/2012, que sugeriu a realiza\u00e7\u00e3o da audi\u00eancia, foi apresentado pelo deputado F\u00e1bio Trad (PMDB\/MS), que \u00e9 o coordenador da Frente Parlamentar Mista em Defesa da Advocacia P\u00fablica.<\/p>\r\n<p>Trad apresentou o requerimento ap\u00f3s intensa articula\u00e7\u00e3o do Forvm Nacional da Advocacia P\u00fablica Federal (Anajur, Anpprev, Anpaf, Apaferj, APBC e Sinprofaz) e demais entidades associativas da Advocacia P\u00fablica, como Unafe e Anauni, Anape e ANPM.<\/p>\r\n<p>Na oportunidade, o Forvm ser\u00e1 representado pelo presidente Allan Titonelli que externar\u00e1 cr\u00edticas ao projeto de altera\u00e7\u00e3o da Lei Complementar da Advocacia Geral da Uni\u00e3o, especialmente no que diz respeito \u00e0 permiss\u00e3o de que membros estranhos \u00e0s carreiras exer\u00e7am a fun\u00e7\u00e3o de Advogado P\u00fablico Federal, o que hoje \u00e9 atribui\u00e7\u00e3o exclusiva de Procuradores da Fazenda, Advogados da Uni\u00e3o, Procuradores Federais e Procuradores do Banco Central aprovados em concurso p\u00fablico.<\/p>\r\n<p>Nas justificativas do requerimento, Trad defendeu que \"a cria\u00e7\u00e3o de uma lei org\u00e2nica da Advocacia Publica Federal \u00e9 medida premente, tendo em vista que apesar de seu status constitucional de Fun\u00e7\u00e3o Essencial a Justi\u00e7a, n\u00e3o disp\u00f5e de um diploma Jur\u00eddico que traga elementos b\u00e1sicos sobre a sua atua\u00e7\u00e3o ou prerrogativas\".<\/p>\r\n<p style=\"margin-top: 80px; text-align: center;\"><\/p>","_links":{"self":[{"href":"https:\/\/sinprofaz.org.br\/2024\/wp-json\/wp\/v2\/posts\/891"}],"collection":[{"href":"https:\/\/sinprofaz.org.br\/2024\/wp-json\/wp\/v2\/posts"}],"about":[{"href":"https:\/\/sinprofaz.org.br\/2024\/wp-json\/wp\/v2\/types\/post"}],"author":[{"embeddable":true,"href":"https:\/\/sinprofaz.org.br\/2024\/wp-json\/wp\/v2\/users\/1"}],"replies":[{"embeddable":true,"href":"https:\/\/sinprofaz.org.br\/2024\/wp-json\/wp\/v2\/comments?post=891"}],"version-history":[{"count":0,"href":"https:\/\/sinprofaz.org.br\/2024\/wp-json\/wp\/v2\/posts\/891\/revisions"}],"wp:attachment":[{"href":"https:\/\/sinprofaz.org.br\/2024\/wp-json\/wp\/v2\/media?parent=891"}],"wp:term":[{"taxonomy":"category","embeddable":true,"href":"https:\/\/sinprofaz.org.br\/2024\/wp-json\/wp\/v2\/categories?post=891"},{"taxonomy":"post_tag","embeddable":true,"href":"https:\/\/sinprofaz.org.br\/2024\/wp-json\/wp\/v2\/tags?post=891"}],"curies":[{"name":"wp","href":"https:\/\/api.w.org\/{rel}","templated":true}]}}