{"id":8907,"date":"2018-11-26T13:30:49","date_gmt":"2018-11-26T15:30:49","guid":{"rendered":"http:\/\/www.sinprofaz.org.br\/?p=8907"},"modified":"2018-11-27T08:42:38","modified_gmt":"2018-11-27T10:42:38","slug":"durante-18-encontro-procurador-geral-fala-sobre-futuros-desafios-da-pgfn","status":"publish","type":"post","link":"https:\/\/sinprofaz.org.br\/2024\/noticias\/durante-18-encontro-procurador-geral-fala-sobre-futuros-desafios-da-pgfn\/","title":{"rendered":"DURANTE 18\u00ba ENCONTRO, PROCURADOR-GERAL FALA SOBRE FUTUROS DESAFIOS DA PGFN"},"content":{"rendered":"<p>O 18\u00ba Encontro Nacional dos Procuradores da Fazenda Nacional chegou ao fim. O evento, promovido pelo SINPROFAZ no Grand Palladium Imbassa\u00ed Resort &#038; Spa, na Bahia, foi realizado de 22 a 25 de novembro e teve por tema \u201cPGFN: Uma Nova Concep\u00e7\u00e3o de Fazenda P\u00fablica\u201d. Entre as autoridades presentes, esteve Fabr\u00edcio Da Soller. Em palestra no primeiro dia de evento, o procurador-geral da Fazenda Nacional fez um balan\u00e7o da gest\u00e3o \u00e0 frente da PGFN e abordou principalmente alguns dos desafios que a Procuradoria-Geral deve enfrentar a partir do pr\u00f3ximo ano.<\/p>\n<p>Como anfitri\u00e3o do Encontro, coube ao presidente do SINPROFAZ, Achilles Frias, abrir as atividades da noite. &#8220;Houve um grande acerto da Administra\u00e7\u00e3o que, reconhecendo pontos a melhorar, implantou pol\u00edticas como a do RDCC, a prioriza\u00e7\u00e3o da cobran\u00e7a de d\u00edvidas superiores a R$ 1 milh\u00e3o, a op\u00e7\u00e3o por n\u00e3o judicializar todas as quest\u00f5es. Essas medidas fizeram com que, tanto na defesa, quando na execu\u00e7\u00e3o, tiv\u00e9ssemos uma nova concep\u00e7\u00e3o de Fazenda P\u00fablica, mais \u00e1gil e mais eficiente. O retorno para o er\u00e1rio tem sido sentido e n\u00f3s, na ponta e na Administra\u00e7\u00e3o, somos os respons\u00e1veis por essa nova cara da Advocacia P\u00fablica Fiscal Federal&#8221;, discusou Achilles Frias.<\/p>\n<p>Ao iniciar a exposi\u00e7\u00e3o, Fabr\u00edcio Da Soller agradeceu ao SINPROFAZ pela oportunidade de, pelo terceiro ano consecutivo, participar como palestrante do Encontro. Levando em conta o fim da gest\u00e3o, o procurador-geral destacou alguns desafios que a PGFN ainda tem a enfrentar: &#8220;\u00c9 fundamental que a equipe \u00e0 frente da Institui\u00e7\u00e3o a partir do pr\u00f3ximo ano seja caracterizada pela diversidade de pensamentos e pela abertura em rela\u00e7\u00e3o \u00e0 opini\u00e3o das chefias regionais, dos Colegas e das entidades representativas da Carreira. Enquanto Institui\u00e7\u00e3o, acredito tamb\u00e9m que a PGFN deva se preocupar em preservar-se como polo de consultoria jur\u00eddica do novo Minist\u00e9rio da Fazenda. O amplo investimento em tecnologia tamb\u00e9m \u00e9 quest\u00e3o fundamental \u00e0 Procuradoria-Geral da Fazenda Nacional&#8221;.<\/p>\n<p>Ao concluir a fala, Fabr\u00edcio Da Soller reconheceu o trabalho e o apoio da equipe do \u00f3rg\u00e3o central, dos chefes e dos Colegas que, ao longo da gest\u00e3o, entenderam que os projetos apresentados eram interessantes para a Institui\u00e7\u00e3o. O procurador-geral encerrou manifestando gratid\u00e3o \u00e0 parceria do SINPROFAZ. &#8220;Com certeza, erramos em muitos momentos e a cr\u00edtica, fundamental, foi sempre muito bem-vinda. Agrade\u00e7o especialmente ao SINPROFAZ, grande parceiro ao longo desta nossa gest\u00e3o. Sua Diretoria fez cr\u00edticas quando necess\u00e1rias e soube compreender e apoiar quando entendeu que nossas a\u00e7\u00f5es visavam t\u00e3o somente o avan\u00e7o da Institui\u00e7\u00e3o&#8221;, concluiu Fabr\u00edcio Da Soller. <\/p>\n\n\t\t<style type=\"text\/css\">\n\t\t\t#gallery-1 {\n\t\t\t\tmargin: auto;\n\t\t\t}\n\t\t\t#gallery-1 .gallery-item {\n\t\t\t\tfloat: left;\n\t\t\t\tmargin-top: 10px;\n\t\t\t\ttext-align: center;\n\t\t\t\twidth: 33%;\n\t\t\t}\n\t\t\t#gallery-1 img {\n\t\t\t\tborder: 2px solid #cfcfcf;\n\t\t\t}\n\t\t\t#gallery-1 .gallery-caption {\n\t\t\t\tmargin-left: 0;\n\t\t\t}\n\t\t\t\/* see gallery_shortcode() in wp-includes\/media.php *\/\n\t\t<\/style>\n\t\t<div id='gallery-1' class='gallery galleryid-8907 gallery-columns-3 gallery-size-thumbnail'><dl class='gallery-item'>\n\t\t\t<dt class='gallery-icon landscape'>\n\t\t\t\t<a href='https:\/\/sinprofaz.org.br\/2024\/wp-content\/uploads\/2018\/11\/02-11.jpg'><img loading=\"lazy\" decoding=\"async\" width=\"150\" height=\"150\" src=\"https:\/\/sinprofaz.org.br\/2024\/wp-content\/uploads\/2018\/11\/02-11-150x150.jpg\" class=\"attachment-thumbnail size-thumbnail\" alt=\"\" \/><\/a>\n\t\t\t<\/dt><\/dl><dl class='gallery-item'>\n\t\t\t<dt class='gallery-icon landscape'>\n\t\t\t\t<a href='https:\/\/sinprofaz.org.br\/2024\/wp-content\/uploads\/2018\/11\/03-8.jpg'><img loading=\"lazy\" decoding=\"async\" width=\"150\" height=\"150\" src=\"https:\/\/sinprofaz.org.br\/2024\/wp-content\/uploads\/2018\/11\/03-8-150x150.jpg\" class=\"attachment-thumbnail size-thumbnail\" alt=\"\" \/><\/a>\n\t\t\t<\/dt><\/dl><dl class='gallery-item'>\n\t\t\t<dt class='gallery-icon landscape'>\n\t\t\t\t<a href='https:\/\/sinprofaz.org.br\/2024\/wp-content\/uploads\/2018\/11\/04-3.jpg'><img loading=\"lazy\" decoding=\"async\" width=\"150\" height=\"150\" src=\"https:\/\/sinprofaz.org.br\/2024\/wp-content\/uploads\/2018\/11\/04-3-150x150.jpg\" class=\"attachment-thumbnail size-thumbnail\" alt=\"\" \/><\/a>\n\t\t\t<\/dt><\/dl><br style=\"clear: both\" \/>\n\t\t<\/div>\n\n","protected":false},"excerpt":{"rendered":"<p>Em palestra no primeiro dia de Encontro, o procurador-geral da Fazenda Nacional, Fabr\u00edcio Da Soller, fez um balan\u00e7o da gest\u00e3o \u00e0 frente da PGFN e abordou principalmente alguns desafios que a Procuradoria-Geral deve enfrentar a partir do pr\u00f3ximo ano.<\/p>\n","protected":false},"author":2,"featured_media":8908,"comment_status":"open","ping_status":"open","sticky":false,"template":"","format":"standard","meta":{"footnotes":""},"categories":[8],"tags":[32,62,25],"featured_image_url":"https:\/\/sinprofaz.org.br\/2024\/wp-content\/uploads\/2018\/11\/01-11-800x198.jpg","character_count":1574,"formatted_date":"26\/11\/2018 - 13:30","contentNovo":"O 18\u00ba Encontro Nacional dos Procuradores da Fazenda Nacional chegou ao fim. O evento, promovido pelo SINPROFAZ no Grand Palladium Imbassa\u00ed Resort & Spa, na Bahia, foi realizado de 22 a 25 de novembro e teve por tema \u201cPGFN: Uma Nova Concep\u00e7\u00e3o de Fazenda P\u00fablica\u201d. Entre as autoridades presentes, esteve Fabr\u00edcio Da Soller. Em palestra no primeiro dia de evento, o procurador-geral da Fazenda Nacional fez um balan\u00e7o da gest\u00e3o \u00e0 frente da PGFN e abordou principalmente alguns dos desafios que a Procuradoria-Geral deve enfrentar a partir do pr\u00f3ximo ano.\r\n\r\nComo anfitri\u00e3o do Encontro, coube ao presidente do SINPROFAZ, Achilles Frias, abrir as atividades da noite. \"Houve um grande acerto da Administra\u00e7\u00e3o que, reconhecendo pontos a melhorar, implantou pol\u00edticas como a do RDCC, a prioriza\u00e7\u00e3o da cobran\u00e7a de d\u00edvidas superiores a R$ 1 milh\u00e3o, a op\u00e7\u00e3o por n\u00e3o judicializar todas as quest\u00f5es. Essas medidas fizeram com que, tanto na defesa, quando na execu\u00e7\u00e3o, tiv\u00e9ssemos uma nova concep\u00e7\u00e3o de Fazenda P\u00fablica, mais \u00e1gil e mais eficiente. O retorno para o er\u00e1rio tem sido sentido e n\u00f3s, na ponta e na Administra\u00e7\u00e3o, somos os respons\u00e1veis por essa nova cara da Advocacia P\u00fablica Fiscal Federal\", discusou Achilles Frias.\r\n\r\nAo iniciar a exposi\u00e7\u00e3o, Fabr\u00edcio Da Soller agradeceu ao SINPROFAZ pela oportunidade de, pelo terceiro ano consecutivo, participar como palestrante do Encontro. Levando em conta o fim da gest\u00e3o, o procurador-geral destacou alguns desafios que a PGFN ainda tem a enfrentar: \"\u00c9 fundamental que a equipe \u00e0 frente da Institui\u00e7\u00e3o a partir do pr\u00f3ximo ano seja caracterizada pela diversidade de pensamentos e pela abertura em rela\u00e7\u00e3o \u00e0 opini\u00e3o das chefias regionais, dos Colegas e das entidades representativas da Carreira. Enquanto Institui\u00e7\u00e3o, acredito tamb\u00e9m que a PGFN deva se preocupar em preservar-se como polo de consultoria jur\u00eddica do novo Minist\u00e9rio da Fazenda. O amplo investimento em tecnologia tamb\u00e9m \u00e9 quest\u00e3o fundamental \u00e0 Procuradoria-Geral da Fazenda Nacional\".\r\n\r\nAo concluir a fala, Fabr\u00edcio Da Soller reconheceu o trabalho e o apoio da equipe do \u00f3rg\u00e3o central, dos chefes e dos Colegas que, ao longo da gest\u00e3o, entenderam que os projetos apresentados eram interessantes para a Institui\u00e7\u00e3o. O procurador-geral encerrou manifestando gratid\u00e3o \u00e0 parceria do SINPROFAZ. \"Com certeza, erramos em muitos momentos e a cr\u00edtica, fundamental, foi sempre muito bem-vinda. Agrade\u00e7o especialmente ao SINPROFAZ, grande parceiro ao longo desta nossa gest\u00e3o. Sua Diretoria fez cr\u00edticas quando necess\u00e1rias e soube compreender e apoiar quando entendeu que nossas a\u00e7\u00f5es visavam t\u00e3o somente o avan\u00e7o da Institui\u00e7\u00e3o\", concluiu Fabr\u00edcio Da Soller. \r\n\r\n[gallery link=\"file\" ids=\"8909,8910,8911\"]","_links":{"self":[{"href":"https:\/\/sinprofaz.org.br\/2024\/wp-json\/wp\/v2\/posts\/8907"}],"collection":[{"href":"https:\/\/sinprofaz.org.br\/2024\/wp-json\/wp\/v2\/posts"}],"about":[{"href":"https:\/\/sinprofaz.org.br\/2024\/wp-json\/wp\/v2\/types\/post"}],"author":[{"embeddable":true,"href":"https:\/\/sinprofaz.org.br\/2024\/wp-json\/wp\/v2\/users\/2"}],"replies":[{"embeddable":true,"href":"https:\/\/sinprofaz.org.br\/2024\/wp-json\/wp\/v2\/comments?post=8907"}],"version-history":[{"count":1,"href":"https:\/\/sinprofaz.org.br\/2024\/wp-json\/wp\/v2\/posts\/8907\/revisions"}],"predecessor-version":[{"id":8912,"href":"https:\/\/sinprofaz.org.br\/2024\/wp-json\/wp\/v2\/posts\/8907\/revisions\/8912"}],"wp:featuredmedia":[{"embeddable":true,"href":"https:\/\/sinprofaz.org.br\/2024\/wp-json\/wp\/v2\/media\/8908"}],"wp:attachment":[{"href":"https:\/\/sinprofaz.org.br\/2024\/wp-json\/wp\/v2\/media?parent=8907"}],"wp:term":[{"taxonomy":"category","embeddable":true,"href":"https:\/\/sinprofaz.org.br\/2024\/wp-json\/wp\/v2\/categories?post=8907"},{"taxonomy":"post_tag","embeddable":true,"href":"https:\/\/sinprofaz.org.br\/2024\/wp-json\/wp\/v2\/tags?post=8907"}],"curies":[{"name":"wp","href":"https:\/\/api.w.org\/{rel}","templated":true}]}}