{"id":8881,"date":"2018-11-21T14:22:37","date_gmt":"2018-11-21T16:22:37","guid":{"rendered":"http:\/\/www.sinprofaz.org.br\/?p=8881"},"modified":"2018-11-22T14:38:53","modified_gmt":"2018-11-22T16:38:53","slug":"forum-nacional-da-advocacia-publica-federal-congratula-novo-advogado-geral-da-uniao","status":"publish","type":"post","link":"https:\/\/sinprofaz.org.br\/2024\/noticias\/forum-nacional-da-advocacia-publica-federal-congratula-novo-advogado-geral-da-uniao\/","title":{"rendered":"F\u00d3RUM NACIONAL DA ADVOCACIA P\u00daBLICA FEDERAL CONGRATULA NOVO ADVOGADO-GERAL DA UNI\u00c3O"},"content":{"rendered":"<p>O F\u00f3rum Nacional da Advocacia P\u00fablica Federal &#8211; FORVM, que congrega a ANAJUR, a ANAUNI, a ANPPREV e o SINPROFAZ, entidades representativas de mais de 6 mil membros ativos e inativos das carreiras advocat\u00edcias federais de Advogado da Uni\u00e3o, Procurador da Fazenda Nacional e Procurador Federal, d\u00e1 as boas-vindas ao dr. Andr\u00e9 Luiz de Almeida Mendon\u00e7a, designado pelo Presidente da Rep\u00fablica eleito, Jair Bolsonaro, para o mais alto cargo da Advocacia P\u00fablica Federal: o de Advogado-Geral da Uni\u00e3o.<\/p>\n<p>Andr\u00e9 Luiz de Almeida Mendon\u00e7a figurou entre os tr\u00eas mais votados pelos Advogados da Uni\u00e3o para a composi\u00e7\u00e3o da Lista Tr\u00edplice entregue ao Presidente eleito. A Lista, de iniciativa do F\u00f3rum Nacional da Advocacia P\u00fablica Federal, foi composta por um membro de cada uma das tr\u00eas carreiras da AGU. Tendo isso em vista, \u00e9 com muito bons olhos que o F\u00f3rum enxerga a indica\u00e7\u00e3o de Andr\u00e9 Luiz Mendon\u00e7a, ilibado Advogado da Uni\u00e3o benquisto pelos colegas e profundamente conhecedor da Institui\u00e7\u00e3o. <\/p>\n<p>Para o Presidente do FORVM, o Procurador da Fazenda Nacional Achilles Frias, a escolha de Jair Bolsonaro atendeu \u00e0s solicita\u00e7\u00f5es dos Advogados P\u00fablicos Federais na medida em que foi pautada essencialmente pela t\u00e9cnica e n\u00e3o pelo apadrinhamento pol\u00edtico. \u201cDesignou-se um membro da carreira reconhecido, assim como os demais 8 mil Advogados P\u00fablicos Federais na ativa, pela extrema compet\u00eancia t\u00e9cnica com que atua. A escolha do Presidente eleito vai ao encontro da constru\u00e7\u00e3o de um pa\u00eds republicano, onde institui\u00e7\u00f5es de elevada import\u00e2ncia como a AGU s\u00e3o chefiadas por indiv\u00edduos capazes e sens\u00edveis \u00e0s demandas de seus chefiados.&#8221; <\/p>\n<p>Como Advogado da Uni\u00e3o, Andr\u00e9 Luiz Mendon\u00e7a j\u00e1 exerceu as fun\u00e7\u00f5es de Procurador Seccional da Uni\u00e3o em Londrina\/PR, Diretor do Departamento de Patrim\u00f4nio e Probidade da AGU, Vice-Diretor da Escola Superior da AGU e Corregedor-Geral da AGU. Desde 2016, \u00e9 Assessor Especial do Ministro da Transpar\u00eancia e Controladoria-Geral da Uni\u00e3o. Destacou-se ao coordenar as equipes de negocia\u00e7\u00e3o dos Acordos de Leni\u00eancia celebrados pela CGU em conjunto com a AGU e, este ano, ao representar o Brasil em miss\u00f5es internacionais perante o Working Group on Bribery da OCDE.<\/p>\n<p>O F\u00f3rum Nacional da Advocacia P\u00fablica Federal, portanto, parabeniza o Presidente eleito pela excelente escolha. O perfil t\u00e9cnico de Andr\u00e9 Luiz Mendon\u00e7a vai ao encontro dos anseios dos Advogados P\u00fablicos Federais, para os quais a designa\u00e7\u00e3o de um integrante da pr\u00f3pria Institui\u00e7\u00e3o para sua chefia representa n\u00e3o apenas o compromisso do novo Governo com uma AGU de Estado, como tamb\u00e9m a responsabilidade do Presidente eleito para com os membros da Institui\u00e7\u00e3o republicana respons\u00e1vel pela t\u00e3o honrosa miss\u00e3o de representar a Uni\u00e3o, judicial e extrajudicialmente, e prestar-lhe consultoria e assessoramento jur\u00eddico do mais alto n\u00edvel.<\/p>\n<p>Ao dr. Andr\u00e9 Luiz de Almeida Mendon\u00e7a, o F\u00f3rum Nacional da Advocacia P\u00fablica Federal deseja enorme sucesso. Em nome dos Advogados P\u00fablicos Federais, o FORVM se coloca \u00e0 disposi\u00e7\u00e3o para o trabalho conjunto em prol de uma AGU cada vez mais eficiente, voltada \u00e0 defesa dos interesses do povo brasileiro e do fortalecimento do Estado Democr\u00e1tico de Direito.<\/p>\n","protected":false},"excerpt":{"rendered":"<p>O F\u00f3rum Nacional da Advocacia P\u00fablica Federal d\u00e1 as boas-vindas ao dr. Andr\u00e9 Luiz de Almeida Mendon\u00e7a, designado pelo Presidente eleito, Jair Bolsonaro, para o mais alto cargo da Advocacia P\u00fablica Federal: o de Advogado-Geral da Uni\u00e3o.<\/p>\n","protected":false},"author":2,"featured_media":8080,"comment_status":"open","ping_status":"open","sticky":false,"template":"","format":"standard","meta":{"footnotes":""},"categories":[8],"tags":[43,126,25],"featured_image_url":"https:\/\/sinprofaz.org.br\/2024\/wp-content\/uploads\/2018\/04\/logo-forvm1.jpg","character_count":1635,"formatted_date":"21\/11\/2018 - 14:22","contentNovo":"O F\u00f3rum Nacional da Advocacia P\u00fablica Federal - FORVM, que congrega a ANAJUR, a ANAUNI, a ANPPREV e o SINPROFAZ, entidades representativas de mais de 6 mil membros ativos e inativos das carreiras advocat\u00edcias federais de Advogado da Uni\u00e3o, Procurador da Fazenda Nacional e Procurador Federal, d\u00e1 as boas-vindas ao dr. Andr\u00e9 Luiz de Almeida Mendon\u00e7a, designado pelo Presidente da Rep\u00fablica eleito, Jair Bolsonaro, para o mais alto cargo da Advocacia P\u00fablica Federal: o de Advogado-Geral da Uni\u00e3o.\r\n\r\nAndr\u00e9 Luiz de Almeida Mendon\u00e7a figurou entre os tr\u00eas mais votados pelos Advogados da Uni\u00e3o para a composi\u00e7\u00e3o da Lista Tr\u00edplice entregue ao Presidente eleito. A Lista, de iniciativa do F\u00f3rum Nacional da Advocacia P\u00fablica Federal, foi composta por um membro de cada uma das tr\u00eas carreiras da AGU. Tendo isso em vista, \u00e9 com muito bons olhos que o F\u00f3rum enxerga a indica\u00e7\u00e3o de Andr\u00e9 Luiz Mendon\u00e7a, ilibado Advogado da Uni\u00e3o benquisto pelos colegas e profundamente conhecedor da Institui\u00e7\u00e3o. \r\n\r\nPara o Presidente do FORVM, o Procurador da Fazenda Nacional Achilles Frias, a escolha de Jair Bolsonaro atendeu \u00e0s solicita\u00e7\u00f5es dos Advogados P\u00fablicos Federais na medida em que foi pautada essencialmente pela t\u00e9cnica e n\u00e3o pelo apadrinhamento pol\u00edtico. \u201cDesignou-se um membro da carreira reconhecido, assim como os demais 8 mil Advogados P\u00fablicos Federais na ativa, pela extrema compet\u00eancia t\u00e9cnica com que atua. A escolha do Presidente eleito vai ao encontro da constru\u00e7\u00e3o de um pa\u00eds republicano, onde institui\u00e7\u00f5es de elevada import\u00e2ncia como a AGU s\u00e3o chefiadas por indiv\u00edduos capazes e sens\u00edveis \u00e0s demandas de seus chefiados.\" \r\n\r\nComo Advogado da Uni\u00e3o, Andr\u00e9 Luiz Mendon\u00e7a j\u00e1 exerceu as fun\u00e7\u00f5es de Procurador Seccional da Uni\u00e3o em Londrina\/PR, Diretor do Departamento de Patrim\u00f4nio e Probidade da AGU, Vice-Diretor da Escola Superior da AGU e Corregedor-Geral da AGU. Desde 2016, \u00e9 Assessor Especial do Ministro da Transpar\u00eancia e Controladoria-Geral da Uni\u00e3o. Destacou-se ao coordenar as equipes de negocia\u00e7\u00e3o dos Acordos de Leni\u00eancia celebrados pela CGU em conjunto com a AGU e, este ano, ao representar o Brasil em miss\u00f5es internacionais perante o Working Group on Bribery da OCDE.\r\n\r\nO F\u00f3rum Nacional da Advocacia P\u00fablica Federal, portanto, parabeniza o Presidente eleito pela excelente escolha. O perfil t\u00e9cnico de Andr\u00e9 Luiz Mendon\u00e7a vai ao encontro dos anseios dos Advogados P\u00fablicos Federais, para os quais a designa\u00e7\u00e3o de um integrante da pr\u00f3pria Institui\u00e7\u00e3o para sua chefia representa n\u00e3o apenas o compromisso do novo Governo com uma AGU de Estado, como tamb\u00e9m a responsabilidade do Presidente eleito para com os membros da Institui\u00e7\u00e3o republicana respons\u00e1vel pela t\u00e3o honrosa miss\u00e3o de representar a Uni\u00e3o, judicial e extrajudicialmente, e prestar-lhe consultoria e assessoramento jur\u00eddico do mais alto n\u00edvel.\r\n\r\nAo dr. Andr\u00e9 Luiz de Almeida Mendon\u00e7a, o F\u00f3rum Nacional da Advocacia P\u00fablica Federal deseja enorme sucesso. Em nome dos Advogados P\u00fablicos Federais, o FORVM se coloca \u00e0 disposi\u00e7\u00e3o para o trabalho conjunto em prol de uma AGU cada vez mais eficiente, voltada \u00e0 defesa dos interesses do povo brasileiro e do fortalecimento do Estado Democr\u00e1tico de Direito.","_links":{"self":[{"href":"https:\/\/sinprofaz.org.br\/2024\/wp-json\/wp\/v2\/posts\/8881"}],"collection":[{"href":"https:\/\/sinprofaz.org.br\/2024\/wp-json\/wp\/v2\/posts"}],"about":[{"href":"https:\/\/sinprofaz.org.br\/2024\/wp-json\/wp\/v2\/types\/post"}],"author":[{"embeddable":true,"href":"https:\/\/sinprofaz.org.br\/2024\/wp-json\/wp\/v2\/users\/2"}],"replies":[{"embeddable":true,"href":"https:\/\/sinprofaz.org.br\/2024\/wp-json\/wp\/v2\/comments?post=8881"}],"version-history":[{"count":1,"href":"https:\/\/sinprofaz.org.br\/2024\/wp-json\/wp\/v2\/posts\/8881\/revisions"}],"predecessor-version":[{"id":8882,"href":"https:\/\/sinprofaz.org.br\/2024\/wp-json\/wp\/v2\/posts\/8881\/revisions\/8882"}],"wp:featuredmedia":[{"embeddable":true,"href":"https:\/\/sinprofaz.org.br\/2024\/wp-json\/wp\/v2\/media\/8080"}],"wp:attachment":[{"href":"https:\/\/sinprofaz.org.br\/2024\/wp-json\/wp\/v2\/media?parent=8881"}],"wp:term":[{"taxonomy":"category","embeddable":true,"href":"https:\/\/sinprofaz.org.br\/2024\/wp-json\/wp\/v2\/categories?post=8881"},{"taxonomy":"post_tag","embeddable":true,"href":"https:\/\/sinprofaz.org.br\/2024\/wp-json\/wp\/v2\/tags?post=8881"}],"curies":[{"name":"wp","href":"https:\/\/api.w.org\/{rel}","templated":true}]}}