{"id":8841,"date":"2018-11-09T09:10:23","date_gmt":"2018-11-09T11:10:23","guid":{"rendered":"http:\/\/www.sinprofaz.org.br\/?p=8841"},"modified":"2018-11-09T15:28:45","modified_gmt":"2018-11-09T17:28:45","slug":"defesa-de-prerrogativas-da-carreira-pauta-reuniao-juridica-no-sinprofaz","status":"publish","type":"post","link":"https:\/\/sinprofaz.org.br\/2024\/noticias\/defesa-de-prerrogativas-da-carreira-pauta-reuniao-juridica-no-sinprofaz\/","title":{"rendered":"DEFESA DE PRERROGATIVAS DA CARREIRA PAUTA REUNI\u00c3O JUR\u00cdDICA NO SINPROFAZ"},"content":{"rendered":"<p>O SINPROFAZ, representado pelo diretor-jur\u00eddico Roberto Rodrigues, pelo presidente Achilles Frias e pelo diretor Giuliano Menezes, esteve reunido ontem (8) com Hugo Plutarco, advogado do Sindicato. Ao longo do encontro, discutiram-se o andamento das a\u00e7\u00f5es judiciais em curso &#8211; em especial, daquelas que tratam dos 28,86% &#8211; e as medidas poss\u00edveis para conferir celeridade a elas. <\/p>\n<p>A defesa das prerrogativas da Carreira, as quais v\u00eam sendo objeto de questionamentos no \u00e2mbito judici\u00e1rio, foi pauta principal da reuni\u00e3o. Sobre esse tema, os dirigentes do SINPROFAZ tra\u00e7aram com o advogado as estrat\u00e9gias para atua\u00e7\u00e3o do Sindicato em defesa dos filiados.<\/p>\n\n\t\t<style type=\"text\/css\">\n\t\t\t#gallery-1 {\n\t\t\t\tmargin: auto;\n\t\t\t}\n\t\t\t#gallery-1 .gallery-item {\n\t\t\t\tfloat: left;\n\t\t\t\tmargin-top: 10px;\n\t\t\t\ttext-align: center;\n\t\t\t\twidth: 33%;\n\t\t\t}\n\t\t\t#gallery-1 img {\n\t\t\t\tborder: 2px solid #cfcfcf;\n\t\t\t}\n\t\t\t#gallery-1 .gallery-caption {\n\t\t\t\tmargin-left: 0;\n\t\t\t}\n\t\t\t\/* see gallery_shortcode() in wp-includes\/media.php *\/\n\t\t<\/style>\n\t\t<div id='gallery-1' class='gallery galleryid-8841 gallery-columns-3 gallery-size-thumbnail'><dl class='gallery-item'>\n\t\t\t<dt class='gallery-icon landscape'>\n\t\t\t\t<a href='https:\/\/sinprofaz.org.br\/2024\/wp-content\/uploads\/2018\/11\/02-7.jpg'><img loading=\"lazy\" decoding=\"async\" width=\"150\" height=\"150\" src=\"https:\/\/sinprofaz.org.br\/2024\/wp-content\/uploads\/2018\/11\/02-7-150x150.jpg\" class=\"attachment-thumbnail size-thumbnail\" alt=\"\" \/><\/a>\n\t\t\t<\/dt><\/dl><dl class='gallery-item'>\n\t\t\t<dt class='gallery-icon landscape'>\n\t\t\t\t<a href='https:\/\/sinprofaz.org.br\/2024\/wp-content\/uploads\/2018\/11\/03-4.jpg'><img loading=\"lazy\" decoding=\"async\" width=\"150\" height=\"150\" src=\"https:\/\/sinprofaz.org.br\/2024\/wp-content\/uploads\/2018\/11\/03-4-150x150.jpg\" class=\"attachment-thumbnail size-thumbnail\" alt=\"\" \/><\/a>\n\t\t\t<\/dt><\/dl>\n\t\t\t<br style='clear: both' \/>\n\t\t<\/div>\n\n","protected":false},"excerpt":{"rendered":"<p>A defesa das prerrogativas da Carreira, as quais v\u00eam sendo objeto de questionamentos no \u00e2mbito judici\u00e1rio, foi pauta principal da reuni\u00e3o. Sobre esse tema, os dirigentes do SINPROFAZ tra\u00e7aram com o advogado as estrat\u00e9gias para atua\u00e7\u00e3o em defesa dos filiados.<\/p>\n","protected":false},"author":2,"featured_media":8842,"comment_status":"open","ping_status":"open","sticky":false,"template":"","format":"standard","meta":{"footnotes":""},"categories":[8],"tags":[27,26,25],"featured_image_url":"https:\/\/sinprofaz.org.br\/2024\/wp-content\/uploads\/2018\/11\/01-3-800x198.jpg","character_count":523,"formatted_date":"09\/11\/2018 - 09:10","contentNovo":"O SINPROFAZ, representado pelo diretor-jur\u00eddico Roberto Rodrigues, pelo presidente Achilles Frias e pelo diretor Giuliano Menezes, esteve reunido ontem (8) com Hugo Plutarco, advogado do Sindicato. Ao longo do encontro, discutiram-se o andamento das a\u00e7\u00f5es judiciais em curso - em especial, daquelas que tratam dos 28,86% - e as medidas poss\u00edveis para conferir celeridade a elas. \r\n\r\nA defesa das prerrogativas da Carreira, as quais v\u00eam sendo objeto de questionamentos no \u00e2mbito judici\u00e1rio, foi pauta principal da reuni\u00e3o. Sobre esse tema, os dirigentes do SINPROFAZ tra\u00e7aram com o advogado as estrat\u00e9gias para atua\u00e7\u00e3o do Sindicato em defesa dos filiados.\r\n\r\n[gallery link=\"file\" ids=\"8843,8844\"]","_links":{"self":[{"href":"https:\/\/sinprofaz.org.br\/2024\/wp-json\/wp\/v2\/posts\/8841"}],"collection":[{"href":"https:\/\/sinprofaz.org.br\/2024\/wp-json\/wp\/v2\/posts"}],"about":[{"href":"https:\/\/sinprofaz.org.br\/2024\/wp-json\/wp\/v2\/types\/post"}],"author":[{"embeddable":true,"href":"https:\/\/sinprofaz.org.br\/2024\/wp-json\/wp\/v2\/users\/2"}],"replies":[{"embeddable":true,"href":"https:\/\/sinprofaz.org.br\/2024\/wp-json\/wp\/v2\/comments?post=8841"}],"version-history":[{"count":2,"href":"https:\/\/sinprofaz.org.br\/2024\/wp-json\/wp\/v2\/posts\/8841\/revisions"}],"predecessor-version":[{"id":8846,"href":"https:\/\/sinprofaz.org.br\/2024\/wp-json\/wp\/v2\/posts\/8841\/revisions\/8846"}],"wp:featuredmedia":[{"embeddable":true,"href":"https:\/\/sinprofaz.org.br\/2024\/wp-json\/wp\/v2\/media\/8842"}],"wp:attachment":[{"href":"https:\/\/sinprofaz.org.br\/2024\/wp-json\/wp\/v2\/media?parent=8841"}],"wp:term":[{"taxonomy":"category","embeddable":true,"href":"https:\/\/sinprofaz.org.br\/2024\/wp-json\/wp\/v2\/categories?post=8841"},{"taxonomy":"post_tag","embeddable":true,"href":"https:\/\/sinprofaz.org.br\/2024\/wp-json\/wp\/v2\/tags?post=8841"}],"curies":[{"name":"wp","href":"https:\/\/api.w.org\/{rel}","templated":true}]}}