{"id":882,"date":"2012-06-29T14:07:57","date_gmt":"2012-06-29T14:07:57","guid":{"rendered":""},"modified":"-0001-11-30T00:00:00","modified_gmt":"-0001-11-30T03:00:00","slug":"em-ato-no-mpog-advogados-publicos-cobram-respeito-a-cf","status":"publish","type":"post","link":"https:\/\/sinprofaz.org.br\/2024\/noticias\/em-ato-no-mpog-advogados-publicos-cobram-respeito-a-cf\/","title":{"rendered":"Em ato no MPOG, advogados p\u00fablicos cobram respeito \u00e0 CF"},"content":{"rendered":"<p><img loading=\"lazy\" decoding=\"async\" style=\"margin-right: 10px; border: 1px solid #000000; float: left;\" alt=\"Em ato no MPOG, advogados p\u00fablicos cobram respeito \u00e0 CF\" src=\"images\/noticias\/ato-publico-mpog-28-06-2012\/ato-publico-28-06-2012-foto-01.jpg\" height=\"154\" width=\"218\" \/>O ato reuniu servidores de v\u00e1rios segmentos, alguns j\u00e1 em greve. Assim como os membros da Advocacia, todos exigem mudan\u00e7a de postura do governo frente \u00e0s reivindica\u00e7\u00f5es salariais.<\/p>\n<p>Os Dirigentes do F\u00f3rum Nacional da Advocacia P\u00fablica Federal (Anpaf \u2013 Anpprev \u2013 Sinprofaz \u2013 Apaferj \u2013 Anajur \u2013 APBC), da Unafe e Anadef participaram ontem, 28, de grande Ato P\u00fablico promovido tamb\u00e9m pelas carreiras de Delegado e Perito da Pol\u00edcia Federal, Fiscaliza\u00e7\u00e3o da Receita Federal e do Trabalho, Rela\u00e7\u00f5es Exteriores, Oficiais da Intelig\u00eancia, Ciclo de Gest\u00e3o, N\u00facleo Financeiro e Ag\u00eancias Reguladoras, em frente ao pr\u00e9dio do Minist\u00e9rio do Planejamento, em Bras\u00edlia.<\/p>\n<p>Cerca de dois mil integrantes dessas carreiras participaram da manifesta\u00e7\u00e3o. O objetivo comum \u00e9 reverter a condu\u00e7\u00e3o das negocia\u00e7\u00f5es salariais que vem ocorrendo em mesas separadas com cada grupo de carreira, mas com o mesmo tratamento de descaso pelo Governo Federal.<img loading=\"lazy\" decoding=\"async\" style=\"margin-left: 10px; border: 1px solid #000000; float: right;\" alt=\"Em ato no MPOG, advogados p\u00fablicos cobram respeito \u00e0 CF\" src=\"images\/noticias\/ato-publico-mpog-28-06-2012\/ato-publico-28-06-2012-foto-03.jpg\" height=\"154\" width=\"218\" \/><\/p>\n<p>Os representantes da Advocacia P\u00fablica Federal ressaltaram a import\u00e2ncia da Advocacia de Estado para o pleno funcionamento do Pa\u00eds e conclamaram o respeito \u00e0 Constitui\u00e7\u00e3o Federal, que garante percentual de reajuste anual a todos os servidores p\u00fablicos e tratamento ison\u00f4mico entre as Fun\u00e7\u00f5es Essenciais \u00e0 Justi\u00e7a.<\/p>\n<p>Os representantes associativos e sindicais das carreiras que participaram desse grande Ato P\u00fablico enfatizaram tamb\u00e9m a intransig\u00eancia do Governo Federal em apresentar qualquer proposta remunerat\u00f3ria nas mesas de negocia\u00e7\u00e3o, que acontecem separadamente, mas que recebem at\u00e9 agora o mesmo tratamento por parte do Governo. E fizeram duras cr\u00edticas \u00e0 contrata\u00e7\u00e3o de n\u00e3o concursados para compor os quadros do servi\u00e7o p\u00fablico federal.<\/p>\n<p>Os Dirigentes das entidades e sindicatos tamb\u00e9m destacaram a import\u00e2ncia estrat\u00e9gica desempenhada por cada carreira e que \u00e9 um momento hist\u00f3rico para o funcionalismo federal, j\u00e1 que os interesses da sociedade est\u00e3o em risco com o sucateamento e enfraquecimento das institui\u00e7\u00f5es e de seus servidores.<\/p>\n<p>\u201cEm sua posse, o atual ministro do Supremo conclamou representantes de todos os Poderes a fazerem um pacto de respeito \u00e0 Constitui\u00e7\u00e3o Federal. Mas o que vemos hoje \u00e9 um total desrespeito ao que traz a Carta Magna, principalmente no tocante \u00e0 falta da revis\u00e3o geral anual e tratamento ison\u00f4mico entre as Fun\u00e7\u00f5es Essenciais \u00e0 Justi\u00e7a\u201d, afirmou Allan Titonelli, presidente do SINPROFAZ e do F\u00f3rum Nacional da Advocacia P\u00fablica Federal.<\/p>\n<p>&nbsp;<\/p>\n<p style=\"text-align: center;\"><img loading=\"lazy\" decoding=\"async\" style=\"margin-right: 5px; border: 1px solid #000000;\" alt=\"Em ato no MPOG, advogados p\u00fablicos cobram respeito \u00e0 CF\" src=\"images\/noticias\/ato-publico-mpog-28-06-2012\/ato-publico-28-06-2012-foto-04.jpg\" height=\"154\" width=\"218\" \/><img loading=\"lazy\" decoding=\"async\" style=\"border: 1px solid #000000;\" alt=\"\" src=\"images\/noticias\/ato-publico-mpog-28-06-2012\/ato-publico-28-06-2012-foto-05.jpg\" height=\"154\" width=\"218\" \/><\/p>\n<p style=\"margin-top: 80px; text-align: center;\"><img decoding=\"async\" title=\"Mobiliza\u00e7\u00e3o\" alt=\"Banner Mobiliza\u00e7\u00e3o\" src=\"\/images\/noticias\/mobilizacao2.gif\" \/><\/p>\n","protected":false},"excerpt":{"rendered":"<p>O ato reuniu servidores de v\u00e1rios segmentos, alguns j\u00e1 em greve. Assim como os membros da Advocacia, todos exigem mudan\u00e7a de postura do governo frente \u00e0s reivindica\u00e7\u00f5es salariais.<\/p>\n","protected":false},"author":1,"featured_media":0,"comment_status":"closed","ping_status":"open","sticky":false,"template":"","format":"standard","meta":{"footnotes":""},"categories":[8],"tags":[],"featured_image_url":"https:\/\/dummyimage.com\/720x400","character_count":1249,"formatted_date":"29\/06\/2012 - 14:07","contentNovo":"\r\n<p>O ato reuniu servidores de v\u00e1rios segmentos, alguns j\u00e1 em greve. Assim como os membros da Advocacia, todos exigem mudan\u00e7a de postura do governo frente \u00e0s reivindica\u00e7\u00f5es salariais.<\/p>\r\n<p>Os Dirigentes do F\u00f3rum Nacional da Advocacia P\u00fablica Federal (Anpaf \u2013 Anpprev \u2013 Sinprofaz \u2013 Apaferj \u2013 Anajur \u2013 APBC), da Unafe e Anadef participaram ontem, 28, de grande Ato P\u00fablico promovido tamb\u00e9m pelas carreiras de Delegado e Perito da Pol\u00edcia Federal, Fiscaliza\u00e7\u00e3o da Receita Federal e do Trabalho, Rela\u00e7\u00f5es Exteriores, Oficiais da Intelig\u00eancia, Ciclo de Gest\u00e3o, N\u00facleo Financeiro e Ag\u00eancias Reguladoras, em frente ao pr\u00e9dio do Minist\u00e9rio do Planejamento, em Bras\u00edlia.<\/p>\r\n<p>Cerca de dois mil integrantes dessas carreiras participaram da manifesta\u00e7\u00e3o. O objetivo comum \u00e9 reverter a condu\u00e7\u00e3o das negocia\u00e7\u00f5es salariais que vem ocorrendo em mesas separadas com cada grupo de carreira, mas com o mesmo tratamento de descaso pelo Governo Federal.<\/p>\r\n<p>Os representantes da Advocacia P\u00fablica Federal ressaltaram a import\u00e2ncia da Advocacia de Estado para o pleno funcionamento do Pa\u00eds e conclamaram o respeito \u00e0 Constitui\u00e7\u00e3o Federal, que garante percentual de reajuste anual a todos os servidores p\u00fablicos e tratamento ison\u00f4mico entre as Fun\u00e7\u00f5es Essenciais \u00e0 Justi\u00e7a.<\/p>\r\n<p>Os representantes associativos e sindicais das carreiras que participaram desse grande Ato P\u00fablico enfatizaram tamb\u00e9m a intransig\u00eancia do Governo Federal em apresentar qualquer proposta remunerat\u00f3ria nas mesas de negocia\u00e7\u00e3o, que acontecem separadamente, mas que recebem at\u00e9 agora o mesmo tratamento por parte do Governo. E fizeram duras cr\u00edticas \u00e0 contrata\u00e7\u00e3o de n\u00e3o concursados para compor os quadros do servi\u00e7o p\u00fablico federal.<\/p>\r\n<p>Os Dirigentes das entidades e sindicatos tamb\u00e9m destacaram a import\u00e2ncia estrat\u00e9gica desempenhada por cada carreira e que \u00e9 um momento hist\u00f3rico para o funcionalismo federal, j\u00e1 que os interesses da sociedade est\u00e3o em risco com o sucateamento e enfraquecimento das institui\u00e7\u00f5es e de seus servidores.<\/p>\r\n<p>\u201cEm sua posse, o atual ministro do Supremo conclamou representantes de todos os Poderes a fazerem um pacto de respeito \u00e0 Constitui\u00e7\u00e3o Federal. Mas o que vemos hoje \u00e9 um total desrespeito ao que traz a Carta Magna, principalmente no tocante \u00e0 falta da revis\u00e3o geral anual e tratamento ison\u00f4mico entre as Fun\u00e7\u00f5es Essenciais \u00e0 Justi\u00e7a\u201d, afirmou Allan Titonelli, presidente do SINPROFAZ e do F\u00f3rum Nacional da Advocacia P\u00fablica Federal.<\/p>\r\n<p>&nbsp;<\/p>\r\n<p style=\"text-align: center;\"><\/p>\r\n<p style=\"margin-top: 80px; text-align: center;\"><\/p>","_links":{"self":[{"href":"https:\/\/sinprofaz.org.br\/2024\/wp-json\/wp\/v2\/posts\/882"}],"collection":[{"href":"https:\/\/sinprofaz.org.br\/2024\/wp-json\/wp\/v2\/posts"}],"about":[{"href":"https:\/\/sinprofaz.org.br\/2024\/wp-json\/wp\/v2\/types\/post"}],"author":[{"embeddable":true,"href":"https:\/\/sinprofaz.org.br\/2024\/wp-json\/wp\/v2\/users\/1"}],"replies":[{"embeddable":true,"href":"https:\/\/sinprofaz.org.br\/2024\/wp-json\/wp\/v2\/comments?post=882"}],"version-history":[{"count":0,"href":"https:\/\/sinprofaz.org.br\/2024\/wp-json\/wp\/v2\/posts\/882\/revisions"}],"wp:attachment":[{"href":"https:\/\/sinprofaz.org.br\/2024\/wp-json\/wp\/v2\/media?parent=882"}],"wp:term":[{"taxonomy":"category","embeddable":true,"href":"https:\/\/sinprofaz.org.br\/2024\/wp-json\/wp\/v2\/categories?post=882"},{"taxonomy":"post_tag","embeddable":true,"href":"https:\/\/sinprofaz.org.br\/2024\/wp-json\/wp\/v2\/tags?post=882"}],"curies":[{"name":"wp","href":"https:\/\/api.w.org\/{rel}","templated":true}]}}