{"id":8818,"date":"2018-11-08T11:34:37","date_gmt":"2018-11-08T13:34:37","guid":{"rendered":"http:\/\/www.sinprofaz.org.br\/?p=8818"},"modified":"2018-11-08T14:23:47","modified_gmt":"2018-11-08T16:23:47","slug":"forvm-divulga-eleitos-para-lista-triplice-do-novo-advogado-geral-da-uniao","status":"publish","type":"post","link":"https:\/\/sinprofaz.org.br\/2024\/noticias\/forvm-divulga-eleitos-para-lista-triplice-do-novo-advogado-geral-da-uniao\/","title":{"rendered":"FORVM DIVULGA ELEITOS PARA LISTA TR\u00cdPLICE DO NOVO ADVOGADO-GERAL DA UNI\u00c3O"},"content":{"rendered":"<p>O F\u00f3rum Nacional da Advocacia P\u00fablica Federal, composto por SINPROFAZ, ANAUNI, ANAJUR e ANPPREV, divulgou o resultado das elei\u00e7\u00f5es para a Lista Tr\u00edplice do novo Advogado-Geral da Uni\u00e3o. A Lista cont\u00e9m o nome preferido por cada uma das tr\u00eas carreiras representadas pelo F\u00d3RVM, sendo elas as de procurador da Fazenda Nacional, advogado da Uni\u00e3o e procurador federal. Confira os eleitos:<\/p>\n<p><strong>Fabr\u00edcio Da Soller<\/strong> &#8211; Procurador da Fazenda Nacional<br \/>\n<strong>Izabel Vinchon<\/strong> &#8211; Advogada da Uni\u00e3o<br \/>\n<strong>S\u00e9rgio Bueno<\/strong> &#8211; Procurador Federal<\/p>\n<p>A Lista Tr\u00edplice ser\u00e1 entregue ao presidente da Rep\u00fablica eleito, Jair Bolsonaro. Aos filiados do SINPROFAZ, agradecemos a participa\u00e7\u00e3o nas elei\u00e7\u00f5es!<\/p>\n","protected":false},"excerpt":{"rendered":"<p>O F\u00f3rum Nacional da Advocacia P\u00fablica Federal, composto por SINPROFAZ, ANAUNI, ANAJUR e ANPPREV, divulgou o resultado das elei\u00e7\u00f5es para a Lista Tr\u00edplice do novo Advogado-Geral da Uni\u00e3o. A Lista cont\u00e9m o nome preferido por cada uma das tr\u00eas carreiras. Confira!<\/p>\n","protected":false},"author":2,"featured_media":8819,"comment_status":"open","ping_status":"open","sticky":false,"template":"","format":"standard","meta":{"footnotes":""},"categories":[8],"tags":[32,126,25],"featured_image_url":"https:\/\/sinprofaz.org.br\/2024\/wp-content\/uploads\/2018\/11\/02-3-464x198.jpg","character_count":347,"formatted_date":"08\/11\/2018 - 11:34","contentNovo":"O F\u00f3rum Nacional da Advocacia P\u00fablica Federal, composto por SINPROFAZ, ANAUNI, ANAJUR e ANPPREV, divulgou o resultado das elei\u00e7\u00f5es para a Lista Tr\u00edplice do novo Advogado-Geral da Uni\u00e3o. A Lista cont\u00e9m o nome preferido por cada uma das tr\u00eas carreiras representadas pelo F\u00d3RVM, sendo elas as de procurador da Fazenda Nacional, advogado da Uni\u00e3o e procurador federal. Confira os eleitos:\r\n\r\n<strong>Fabr\u00edcio Da Soller<\/strong> - Procurador da Fazenda Nacional\r\n<strong>Izabel Vinchon<\/strong> - Advogada da Uni\u00e3o\r\n<strong>S\u00e9rgio Bueno<\/strong> - Procurador Federal\r\n\r\nA Lista Tr\u00edplice ser\u00e1 entregue ao presidente da Rep\u00fablica eleito, Jair Bolsonaro. Aos filiados do SINPROFAZ, agradecemos a participa\u00e7\u00e3o nas elei\u00e7\u00f5es!","_links":{"self":[{"href":"https:\/\/sinprofaz.org.br\/2024\/wp-json\/wp\/v2\/posts\/8818"}],"collection":[{"href":"https:\/\/sinprofaz.org.br\/2024\/wp-json\/wp\/v2\/posts"}],"about":[{"href":"https:\/\/sinprofaz.org.br\/2024\/wp-json\/wp\/v2\/types\/post"}],"author":[{"embeddable":true,"href":"https:\/\/sinprofaz.org.br\/2024\/wp-json\/wp\/v2\/users\/2"}],"replies":[{"embeddable":true,"href":"https:\/\/sinprofaz.org.br\/2024\/wp-json\/wp\/v2\/comments?post=8818"}],"version-history":[{"count":1,"href":"https:\/\/sinprofaz.org.br\/2024\/wp-json\/wp\/v2\/posts\/8818\/revisions"}],"predecessor-version":[{"id":8820,"href":"https:\/\/sinprofaz.org.br\/2024\/wp-json\/wp\/v2\/posts\/8818\/revisions\/8820"}],"wp:featuredmedia":[{"embeddable":true,"href":"https:\/\/sinprofaz.org.br\/2024\/wp-json\/wp\/v2\/media\/8819"}],"wp:attachment":[{"href":"https:\/\/sinprofaz.org.br\/2024\/wp-json\/wp\/v2\/media?parent=8818"}],"wp:term":[{"taxonomy":"category","embeddable":true,"href":"https:\/\/sinprofaz.org.br\/2024\/wp-json\/wp\/v2\/categories?post=8818"},{"taxonomy":"post_tag","embeddable":true,"href":"https:\/\/sinprofaz.org.br\/2024\/wp-json\/wp\/v2\/tags?post=8818"}],"curies":[{"name":"wp","href":"https:\/\/api.w.org\/{rel}","templated":true}]}}