{"id":8803,"date":"2018-11-06T16:05:50","date_gmt":"2018-11-06T18:05:50","guid":{"rendered":"http:\/\/www.sinprofaz.org.br\/?p=8803"},"modified":"2018-11-08T09:12:45","modified_gmt":"2018-11-08T11:12:45","slug":"sinprofaz-comparece-a-oabsp-para-vii-congresso-da-advocacia-publica","status":"publish","type":"post","link":"https:\/\/sinprofaz.org.br\/2024\/noticias\/sinprofaz-comparece-a-oabsp-para-vii-congresso-da-advocacia-publica\/","title":{"rendered":"SINPROFAZ COMPARECE \u00c0 OAB\/SP PARA VII CONGRESSO DA ADVOCACIA P\u00daBLICA"},"content":{"rendered":"<p>O presidente do SINPROFAZ, Achilles Frias, discursou, na segunda-feira (5), durante a abertura do VII Congresso da Advocacia P\u00fablica, evento realizado na sede da Ordem dos Advogados do Brasil em S\u00e3o Paulo\/SP. Com o tema \u201cConstitucionalidade e o papel da Advocacia P\u00fablica na contemporaneidade\u201d, o congresso teve o apoio do SINPROFAZ e reuniu advogados p\u00fablicos de todos os n\u00edveis da Federa\u00e7\u00e3o.<\/p>\n<p>O evento contou com cinco pain\u00e9is de discuss\u00e3o, sendo &#8220;A profissionaliza\u00e7\u00e3o e a exclusividade da Advocacia P\u00fablica&#8221; tema do primeiro deles. Do painel inaugural participou a ex-diretora do SINPROFAZ Regina Hirose, mestre em Direito Constitucional e Internacional pela PUC\/SP. O procurador-chefe da Defesa na PRFN da 3\u00aa Regi\u00e3o, Phelippe Toledo, representou a Carreira no painel &#8220;O Advogado P\u00fablico e as alternativas nas solu\u00e7\u00f5es de conflitos&#8221;. Toledo \u00e9 mestre em Direito Tribut\u00e1rio pela Universidade de Paris I Sorbonne e em Direito Econ\u00f4mico, Financeiro e Tribut\u00e1rio pela USP.<\/p>\n<p>Liderado pelo presidente da Comiss\u00e3o de Advocacia P\u00fablica da OAB\/SP, Carlos Figueiredo Mour\u00e3o, o evento foi al\u00e9m dos debates, sendo oportunidade tamb\u00e9m para o lan\u00e7amento da obra \u201cAdvocacia P\u00fablica Contempor\u00e2nea\u201d, uma colet\u00e2nea de artigos produzidos pelos membros da Comiss\u00e3o. A Advocacia P\u00fablica como Fun\u00e7\u00e3o Essencial \u00e0 Justi\u00e7a, a transpar\u00eancia e a responsabilidade institucional da Advocacia de Estado e a atua\u00e7\u00e3o da Advocacia P\u00fablica nas a\u00e7\u00f5es de improbidade foram os temas dos demais pain\u00e9is realizados.<\/p>\n\n\t\t<style type=\"text\/css\">\n\t\t\t#gallery-1 {\n\t\t\t\tmargin: auto;\n\t\t\t}\n\t\t\t#gallery-1 .gallery-item {\n\t\t\t\tfloat: left;\n\t\t\t\tmargin-top: 10px;\n\t\t\t\ttext-align: center;\n\t\t\t\twidth: 33%;\n\t\t\t}\n\t\t\t#gallery-1 img {\n\t\t\t\tborder: 2px solid #cfcfcf;\n\t\t\t}\n\t\t\t#gallery-1 .gallery-caption {\n\t\t\t\tmargin-left: 0;\n\t\t\t}\n\t\t\t\/* see gallery_shortcode() in wp-includes\/media.php *\/\n\t\t<\/style>\n\t\t<div id='gallery-1' class='gallery galleryid-8803 gallery-columns-3 gallery-size-thumbnail'><dl class='gallery-item'>\n\t\t\t<dt class='gallery-icon landscape'>\n\t\t\t\t<a href='https:\/\/sinprofaz.org.br\/2024\/wp-content\/uploads\/2018\/11\/02-1.jpg'><img loading=\"lazy\" decoding=\"async\" width=\"150\" height=\"150\" src=\"https:\/\/sinprofaz.org.br\/2024\/wp-content\/uploads\/2018\/11\/02-1-150x150.jpg\" class=\"attachment-thumbnail size-thumbnail\" alt=\"\" \/><\/a>\n\t\t\t<\/dt><\/dl><dl class='gallery-item'>\n\t\t\t<dt class='gallery-icon landscape'>\n\t\t\t\t<a href='https:\/\/sinprofaz.org.br\/2024\/wp-content\/uploads\/2018\/11\/03.jpg'><img loading=\"lazy\" decoding=\"async\" width=\"150\" height=\"150\" src=\"https:\/\/sinprofaz.org.br\/2024\/wp-content\/uploads\/2018\/11\/03-150x150.jpg\" class=\"attachment-thumbnail size-thumbnail\" alt=\"\" \/><\/a>\n\t\t\t<\/dt><\/dl><dl class='gallery-item'>\n\t\t\t<dt class='gallery-icon landscape'>\n\t\t\t\t<a href='https:\/\/sinprofaz.org.br\/2024\/wp-content\/uploads\/2018\/11\/04.jpg'><img loading=\"lazy\" decoding=\"async\" width=\"150\" height=\"150\" src=\"https:\/\/sinprofaz.org.br\/2024\/wp-content\/uploads\/2018\/11\/04-150x150.jpg\" class=\"attachment-thumbnail size-thumbnail\" alt=\"\" \/><\/a>\n\t\t\t<\/dt><\/dl><br style=\"clear: both\" \/>\n\t\t<\/div>\n\n","protected":false},"excerpt":{"rendered":"<p>Achilles Frias discursou durante a abertura do VII Congresso da Advocacia P\u00fablica, evento realizado na sede da Ordem dos Advogados do Brasil em S\u00e3o Paulo. O congresso teve o apoio do SINPROFAZ e reuniu advogados p\u00fablicos de todos os n\u00edveis da Federa\u00e7\u00e3o.<\/p>\n","protected":false},"author":2,"featured_media":8804,"comment_status":"open","ping_status":"open","sticky":false,"template":"","format":"standard","meta":{"footnotes":""},"categories":[8],"tags":[22,25],"featured_image_url":"https:\/\/sinprofaz.org.br\/2024\/wp-content\/uploads\/2018\/11\/01-1-800x198.jpg","character_count":965,"formatted_date":"06\/11\/2018 - 16:05","contentNovo":"O presidente do SINPROFAZ, Achilles Frias, discursou, na segunda-feira (5), durante a abertura do VII Congresso da Advocacia P\u00fablica, evento realizado na sede da Ordem dos Advogados do Brasil em S\u00e3o Paulo\/SP. Com o tema \u201cConstitucionalidade e o papel da Advocacia P\u00fablica na contemporaneidade\u201d, o congresso teve o apoio do SINPROFAZ e reuniu advogados p\u00fablicos de todos os n\u00edveis da Federa\u00e7\u00e3o.\r\n\r\nO evento contou com cinco pain\u00e9is de discuss\u00e3o, sendo \"A profissionaliza\u00e7\u00e3o e a exclusividade da Advocacia P\u00fablica\" tema do primeiro deles. Do painel inaugural participou a ex-diretora do SINPROFAZ Regina Hirose, mestre em Direito Constitucional e Internacional pela PUC\/SP. O procurador-chefe da Defesa na PRFN da 3\u00aa Regi\u00e3o, Phelippe Toledo, representou a Carreira no painel \"O Advogado P\u00fablico e as alternativas nas solu\u00e7\u00f5es de conflitos\". Toledo \u00e9 mestre em Direito Tribut\u00e1rio pela Universidade de Paris I Sorbonne e em Direito Econ\u00f4mico, Financeiro e Tribut\u00e1rio pela USP.\r\n\r\nLiderado pelo presidente da Comiss\u00e3o de Advocacia P\u00fablica da OAB\/SP, Carlos Figueiredo Mour\u00e3o, o evento foi al\u00e9m dos debates, sendo oportunidade tamb\u00e9m para o lan\u00e7amento da obra \u201cAdvocacia P\u00fablica Contempor\u00e2nea\u201d, uma colet\u00e2nea de artigos produzidos pelos membros da Comiss\u00e3o. A Advocacia P\u00fablica como Fun\u00e7\u00e3o Essencial \u00e0 Justi\u00e7a, a transpar\u00eancia e a responsabilidade institucional da Advocacia de Estado e a atua\u00e7\u00e3o da Advocacia P\u00fablica nas a\u00e7\u00f5es de improbidade foram os temas dos demais pain\u00e9is realizados.\r\n\r\n[gallery link=\"file\" ids=\"8805,8806,8807\"]","_links":{"self":[{"href":"https:\/\/sinprofaz.org.br\/2024\/wp-json\/wp\/v2\/posts\/8803"}],"collection":[{"href":"https:\/\/sinprofaz.org.br\/2024\/wp-json\/wp\/v2\/posts"}],"about":[{"href":"https:\/\/sinprofaz.org.br\/2024\/wp-json\/wp\/v2\/types\/post"}],"author":[{"embeddable":true,"href":"https:\/\/sinprofaz.org.br\/2024\/wp-json\/wp\/v2\/users\/2"}],"replies":[{"embeddable":true,"href":"https:\/\/sinprofaz.org.br\/2024\/wp-json\/wp\/v2\/comments?post=8803"}],"version-history":[{"count":3,"href":"https:\/\/sinprofaz.org.br\/2024\/wp-json\/wp\/v2\/posts\/8803\/revisions"}],"predecessor-version":[{"id":8810,"href":"https:\/\/sinprofaz.org.br\/2024\/wp-json\/wp\/v2\/posts\/8803\/revisions\/8810"}],"wp:featuredmedia":[{"embeddable":true,"href":"https:\/\/sinprofaz.org.br\/2024\/wp-json\/wp\/v2\/media\/8804"}],"wp:attachment":[{"href":"https:\/\/sinprofaz.org.br\/2024\/wp-json\/wp\/v2\/media?parent=8803"}],"wp:term":[{"taxonomy":"category","embeddable":true,"href":"https:\/\/sinprofaz.org.br\/2024\/wp-json\/wp\/v2\/categories?post=8803"},{"taxonomy":"post_tag","embeddable":true,"href":"https:\/\/sinprofaz.org.br\/2024\/wp-json\/wp\/v2\/tags?post=8803"}],"curies":[{"name":"wp","href":"https:\/\/api.w.org\/{rel}","templated":true}]}}