{"id":880,"date":"2012-06-28T11:38:20","date_gmt":"2012-06-28T11:38:20","guid":{"rendered":""},"modified":"-0001-11-30T00:00:00","modified_gmt":"-0001-11-30T03:00:00","slug":"sinprofaz-ativo-no-dia-a-dia-parlamentar","status":"publish","type":"post","link":"https:\/\/sinprofaz.org.br\/2024\/noticias\/sinprofaz-ativo-no-dia-a-dia-parlamentar\/","title":{"rendered":"SINPROFAZ ativo no dia a dia parlamentar"},"content":{"rendered":"<p><img loading=\"lazy\" decoding=\"async\" style=\"margin-right: 10px; border: 1px solid #000000; float: left;\" alt=\"SINPROFAZ ativo no dia a dia parlamentar\" src=\"images\/noticias\/dia-parlamentar-sinprofaz-27-06\/agenda-congresso-01.jpg\" height=\"154\" width=\"218\" \/>Presidente Allan Titonelli cumpriu agenda parlamentar no Congresso ressaltando a necessidade de o Governo Federal implementar equil\u00edbrio entre as Fun\u00e7\u00f5es Essenciais \u00e0 Justi\u00e7a.<\/p>\n<p>Esta semana, o presidente do SINPROFAZ fez novas gest\u00f5es junto a deputados solicitando o apoio para articularem, dentro da C\u00e2mara, a\u00e7\u00f5es favor\u00e1veis \u00e0s carreiras da Advocacia P\u00fablica Federal.<\/p>\n<p>Conforme determina a pr\u00f3pria Constitui\u00e7\u00e3o, \u00e9 preciso assegurar equil\u00edbrio no tratamento conferido ao Minist\u00e9rio P\u00fablico, \u00e0 Magistratura e \u00e0 Advocacia P\u00fablica Federal, tanto na quest\u00e3o de infraestrutura quanto no padr\u00e3o remunerat\u00f3rio.<\/p>\n<p>Mais uma vez, Titonelli ressaltou aos deputados que o art. 29, \u00a7 2\u00ba, do ADCT e o Cap\u00edtulo IV, do T\u00edtulo IV, da Carta Magna, deixam claro o tratamento ison\u00f4mico entre as Fun\u00e7\u00f5es Essenciais \u00e0 Justi\u00e7a. Soma-se a isso o que disp\u00f5e o art. 37, XII, da CF\/88, o qual determina que a remunera\u00e7\u00e3o entre o Poder Legislativo e Judici\u00e1rio n\u00e3o poder\u00e3o ser superiores ao Poder Executivo.<img loading=\"lazy\" decoding=\"async\" style=\"margin-left: 10px; margin-bottom: 5px; margin-top: 5px; border: 1px solid #000000; float: right;\" alt=\"SINPROFAZ ativo no dia a dia parlamentar\" src=\"images\/noticias\/dia-parlamentar-sinprofaz-27-06\/agenda-congresso-02.jpg\" height=\"113\" width=\"150\" \/><\/p>\n<p>Todavia, os Advogados do Senado possuem remunera\u00e7\u00e3o igual aos Magistrados e membros do Minist\u00e9rio P\u00fablico, motivo pelo qual se deve concretizar esse preceito em rela\u00e7\u00e3o \u00e0 Advocacia e Defensoria P\u00fablica Federais.<\/p>\n<p>O presidente do SINPROFAZ informou aos deputados que as negocia\u00e7\u00f5es salariais n\u00e3o tem avan\u00e7ado e que s\u00f3 vem crescendo a insatisfa\u00e7\u00e3o das carreiras da AGU com o descaso do governo.<\/p>\n<p>A interven\u00e7\u00e3o dos parlamentares, na opini\u00e3o de Titonelli, poder\u00e1 concretizar na pr\u00e1tica a isonomia entre as Fun\u00e7\u00f5es Essenciais \u00e0 Justi\u00e7a, seja atrav\u00e9s de refor\u00e7o junto ao governo dos nossos pleitos, seja por meio do apoio \u00e0s propostas em tramita\u00e7\u00e3o no Congresso Nacional.<\/p>\n<p style=\"text-align: center;\"><img loading=\"lazy\" decoding=\"async\" style=\"margin-right: 5px; border: 1px solid #000000;\" alt=\"SINPROFAZ ativo no dia a dia parlamentar\" src=\"images\/noticias\/dia-parlamentar-sinprofaz-27-06\/agenda-congresso-03.jpg\" height=\"150\" width=\"200\" \/><img loading=\"lazy\" decoding=\"async\" style=\"margin-right: 5px; border: 1px solid #000000;\" alt=\"SINPROFAZ ativo no dia a dia parlamentar\" src=\"images\/noticias\/dia-parlamentar-sinprofaz-27-06\/agenda-congresso-04.jpg\" height=\"150\" width=\"200\" \/><img loading=\"lazy\" decoding=\"async\" style=\"border: 1px solid #000000;\" alt=\"SINPROFAZ ativo no dia a dia parlamentar\" src=\"images\/noticias\/dia-parlamentar-sinprofaz-27-06\/agenda-congresso-05.jpg\" height=\"150\" width=\"200\" \/><\/p>\n<p style=\"margin-top: 80px; text-align: center;\"><img decoding=\"async\" style=\"border: 1px solid #000000;\" title=\"Mobiliza\u00e7\u00e3o\" alt=\"Banner Mobiliza\u00e7\u00e3o\" src=\"\/images\/noticias\/mobilizacao2.gif\" \/><\/p>\n","protected":false},"excerpt":{"rendered":"<p>Presidente Allan Titonelli cumpriu agenda parlamentar no Congresso ressaltando a necessidade de o Governo Federal implementar equil\u00edbrio entre as Fun\u00e7\u00f5es Essenciais \u00e0 Justi\u00e7a.<\/p>\n","protected":false},"author":1,"featured_media":0,"comment_status":"closed","ping_status":"open","sticky":false,"template":"","format":"standard","meta":{"footnotes":""},"categories":[8],"tags":[],"featured_image_url":"https:\/\/dummyimage.com\/720x400","character_count":855,"formatted_date":"28\/06\/2012 - 11:38","contentNovo":"\r\n<p>Presidente Allan Titonelli cumpriu agenda parlamentar no Congresso ressaltando a necessidade de o Governo Federal implementar equil\u00edbrio entre as Fun\u00e7\u00f5es Essenciais \u00e0 Justi\u00e7a.<\/p>\r\n<p>Esta semana, o presidente do SINPROFAZ fez novas gest\u00f5es junto a deputados solicitando o apoio para articularem, dentro da C\u00e2mara, a\u00e7\u00f5es favor\u00e1veis \u00e0s carreiras da Advocacia P\u00fablica Federal.<\/p>\r\n<p>Conforme determina a pr\u00f3pria Constitui\u00e7\u00e3o, \u00e9 preciso assegurar equil\u00edbrio no tratamento conferido ao Minist\u00e9rio P\u00fablico, \u00e0 Magistratura e \u00e0 Advocacia P\u00fablica Federal, tanto na quest\u00e3o de infraestrutura quanto no padr\u00e3o remunerat\u00f3rio.<\/p>\r\n<p>Mais uma vez, Titonelli ressaltou aos deputados que o art. 29, \u00a7 2\u00ba, do ADCT e o Cap\u00edtulo IV, do T\u00edtulo IV, da Carta Magna, deixam claro o tratamento ison\u00f4mico entre as Fun\u00e7\u00f5es Essenciais \u00e0 Justi\u00e7a. Soma-se a isso o que disp\u00f5e o art. 37, XII, da CF\/88, o qual determina que a remunera\u00e7\u00e3o entre o Poder Legislativo e Judici\u00e1rio n\u00e3o poder\u00e3o ser superiores ao Poder Executivo.<\/p>\r\n<p>Todavia, os Advogados do Senado possuem remunera\u00e7\u00e3o igual aos Magistrados e membros do Minist\u00e9rio P\u00fablico, motivo pelo qual se deve concretizar esse preceito em rela\u00e7\u00e3o \u00e0 Advocacia e Defensoria P\u00fablica Federais.<\/p>\r\n<p>O presidente do SINPROFAZ informou aos deputados que as negocia\u00e7\u00f5es salariais n\u00e3o tem avan\u00e7ado e que s\u00f3 vem crescendo a insatisfa\u00e7\u00e3o das carreiras da AGU com o descaso do governo.<\/p>\r\n<p>A interven\u00e7\u00e3o dos parlamentares, na opini\u00e3o de Titonelli, poder\u00e1 concretizar na pr\u00e1tica a isonomia entre as Fun\u00e7\u00f5es Essenciais \u00e0 Justi\u00e7a, seja atrav\u00e9s de refor\u00e7o junto ao governo dos nossos pleitos, seja por meio do apoio \u00e0s propostas em tramita\u00e7\u00e3o no Congresso Nacional.<\/p>\r\n<p style=\"text-align: center;\"><\/p>\r\n<p style=\"margin-top: 80px; text-align: center;\"><\/p>","_links":{"self":[{"href":"https:\/\/sinprofaz.org.br\/2024\/wp-json\/wp\/v2\/posts\/880"}],"collection":[{"href":"https:\/\/sinprofaz.org.br\/2024\/wp-json\/wp\/v2\/posts"}],"about":[{"href":"https:\/\/sinprofaz.org.br\/2024\/wp-json\/wp\/v2\/types\/post"}],"author":[{"embeddable":true,"href":"https:\/\/sinprofaz.org.br\/2024\/wp-json\/wp\/v2\/users\/1"}],"replies":[{"embeddable":true,"href":"https:\/\/sinprofaz.org.br\/2024\/wp-json\/wp\/v2\/comments?post=880"}],"version-history":[{"count":0,"href":"https:\/\/sinprofaz.org.br\/2024\/wp-json\/wp\/v2\/posts\/880\/revisions"}],"wp:attachment":[{"href":"https:\/\/sinprofaz.org.br\/2024\/wp-json\/wp\/v2\/media?parent=880"}],"wp:term":[{"taxonomy":"category","embeddable":true,"href":"https:\/\/sinprofaz.org.br\/2024\/wp-json\/wp\/v2\/categories?post=880"},{"taxonomy":"post_tag","embeddable":true,"href":"https:\/\/sinprofaz.org.br\/2024\/wp-json\/wp\/v2\/tags?post=880"}],"curies":[{"name":"wp","href":"https:\/\/api.w.org\/{rel}","templated":true}]}}