{"id":8786,"date":"2018-11-01T09:04:50","date_gmt":"2018-11-01T12:04:50","guid":{"rendered":"http:\/\/www.sinprofaz.org.br\/?p=8786"},"modified":"2018-11-06T16:06:18","modified_gmt":"2018-11-06T18:06:18","slug":"sinprofaz-e-anauni-discutem-atuacao-diante-do-novo-executivo-federal","status":"publish","type":"post","link":"https:\/\/sinprofaz.org.br\/2024\/noticias\/sinprofaz-e-anauni-discutem-atuacao-diante-do-novo-executivo-federal\/","title":{"rendered":"SINPROFAZ E ANAUNI DISCUTEM ATUA\u00c7\u00c3O DIANTE DO NOVO EXECUTIVO FEDERAL"},"content":{"rendered":"<p>O SINPROFAZ, representado pelo presidente Achilles Frias, reuniu-se na quarta-feira (31) com M\u00e1rcia David, presidente da Associa\u00e7\u00e3o Nacional dos Advogados da Uni\u00e3o &#8211; ANAUNI. O encontro ocorreu em Bras\u00edlia\/DF, na sede do SINPROFAZ.<\/p>\n<p>No intuito de dar continuidade ao trabalho em prol do fortalecimento das Carreiras da AGU, os presidentes de SINPROFAZ e ANAUNI debateram estrat\u00e9gias para atua\u00e7\u00e3o conjunta levando em conta a nova estrutura\u00e7\u00e3o do Executivo.<\/p>\n<p>Nesse mesmo sentido, discutiram-se detalhes das elei\u00e7\u00f5es para a Lista Tr\u00edplice do novo AGU. Os filiados t\u00eam at\u00e9 quarta-feira (7) para acessarem o site <a href=\"https:\/\/www.listatripliceagu.com.br\/\" target=\"_blank\" rel=\"noopener\">www.listatripliceagu.com.br<\/a> e indicarem tr\u00eas PFNs que gostariam de ver no cargo de advogado-geral da Uni\u00e3o. Os <a href=\"https:\/\/www.sinprofaz.org.br\/noticias\/comecou-a-votacao-para-a-ultima-fase-da-lista-triplice-do-novo-agu\/\" target=\"_blank\" rel=\"noopener\">onze candidatos<\/a> pass\u00edveis de vota\u00e7\u00e3o foram escolhidos na primeira fase da elei\u00e7\u00e3o.<\/p>\n\n\t\t<style type=\"text\/css\">\n\t\t\t#gallery-1 {\n\t\t\t\tmargin: auto;\n\t\t\t}\n\t\t\t#gallery-1 .gallery-item {\n\t\t\t\tfloat: left;\n\t\t\t\tmargin-top: 10px;\n\t\t\t\ttext-align: center;\n\t\t\t\twidth: 100%;\n\t\t\t}\n\t\t\t#gallery-1 img {\n\t\t\t\tborder: 2px solid #cfcfcf;\n\t\t\t}\n\t\t\t#gallery-1 .gallery-caption {\n\t\t\t\tmargin-left: 0;\n\t\t\t}\n\t\t\t\/* see gallery_shortcode() in wp-includes\/media.php *\/\n\t\t<\/style>\n\t\t<div id='gallery-1' class='gallery galleryid-8786 gallery-columns-1 gallery-size-thumbnail'><dl class='gallery-item'>\n\t\t\t<dt class='gallery-icon landscape'>\n\t\t\t\t<a href='https:\/\/sinprofaz.org.br\/2024\/wp-content\/uploads\/2018\/11\/02.jpg'><img loading=\"lazy\" decoding=\"async\" width=\"150\" height=\"150\" src=\"https:\/\/sinprofaz.org.br\/2024\/wp-content\/uploads\/2018\/11\/02-150x150.jpg\" class=\"attachment-thumbnail size-thumbnail\" alt=\"\" \/><\/a>\n\t\t\t<\/dt><\/dl><br style=\"clear: both\" \/>\n\t\t<\/div>\n\n","protected":false},"excerpt":{"rendered":"<p>No intuito de dar continuidade ao trabalho em prol do fortalecimento das Carreiras da AGU, os presidentes de SINPROFAZ e ANAUNI, Achilles Frias e M\u00e1rcia David, debateram estrat\u00e9gias para atua\u00e7\u00e3o conjunta levando em conta a nova estrutura\u00e7\u00e3o do Executivo.<\/p>\n","protected":false},"author":2,"featured_media":8787,"comment_status":"open","ping_status":"open","sticky":false,"template":"","format":"standard","meta":{"footnotes":""},"categories":[8],"tags":[43,126,25],"featured_image_url":"https:\/\/sinprofaz.org.br\/2024\/wp-content\/uploads\/2018\/11\/01-800x198.jpg","character_count":590,"formatted_date":"01\/11\/2018 - 09:04","contentNovo":"O SINPROFAZ, representado pelo presidente Achilles Frias, reuniu-se na quarta-feira (31) com M\u00e1rcia David, presidente da Associa\u00e7\u00e3o Nacional dos Advogados da Uni\u00e3o - ANAUNI. O encontro ocorreu em Bras\u00edlia\/DF, na sede do SINPROFAZ.\r\n\r\nNo intuito de dar continuidade ao trabalho em prol do fortalecimento das Carreiras da AGU, os presidentes de SINPROFAZ e ANAUNI debateram estrat\u00e9gias para atua\u00e7\u00e3o conjunta levando em conta a nova estrutura\u00e7\u00e3o do Executivo.\r\n\r\nNesse mesmo sentido, discutiram-se detalhes das elei\u00e7\u00f5es para a Lista Tr\u00edplice do novo AGU. Os filiados t\u00eam at\u00e9 quarta-feira (7) para acessarem o site <a href=\"https:\/\/www.listatripliceagu.com.br\/\" target=\"_blank\" rel=\"noopener\">www.listatripliceagu.com.br<\/a> e indicarem tr\u00eas PFNs que gostariam de ver no cargo de advogado-geral da Uni\u00e3o. Os <a href=\"https:\/\/www.sinprofaz.org.br\/noticias\/comecou-a-votacao-para-a-ultima-fase-da-lista-triplice-do-novo-agu\/\" target=\"_blank\" rel=\"noopener\">onze candidatos<\/a> pass\u00edveis de vota\u00e7\u00e3o foram escolhidos na primeira fase da elei\u00e7\u00e3o.\r\n\r\n[gallery link=\"file\" columns=\"1\" ids=\"8788\"]","_links":{"self":[{"href":"https:\/\/sinprofaz.org.br\/2024\/wp-json\/wp\/v2\/posts\/8786"}],"collection":[{"href":"https:\/\/sinprofaz.org.br\/2024\/wp-json\/wp\/v2\/posts"}],"about":[{"href":"https:\/\/sinprofaz.org.br\/2024\/wp-json\/wp\/v2\/types\/post"}],"author":[{"embeddable":true,"href":"https:\/\/sinprofaz.org.br\/2024\/wp-json\/wp\/v2\/users\/2"}],"replies":[{"embeddable":true,"href":"https:\/\/sinprofaz.org.br\/2024\/wp-json\/wp\/v2\/comments?post=8786"}],"version-history":[{"count":2,"href":"https:\/\/sinprofaz.org.br\/2024\/wp-json\/wp\/v2\/posts\/8786\/revisions"}],"predecessor-version":[{"id":8790,"href":"https:\/\/sinprofaz.org.br\/2024\/wp-json\/wp\/v2\/posts\/8786\/revisions\/8790"}],"wp:featuredmedia":[{"embeddable":true,"href":"https:\/\/sinprofaz.org.br\/2024\/wp-json\/wp\/v2\/media\/8787"}],"wp:attachment":[{"href":"https:\/\/sinprofaz.org.br\/2024\/wp-json\/wp\/v2\/media?parent=8786"}],"wp:term":[{"taxonomy":"category","embeddable":true,"href":"https:\/\/sinprofaz.org.br\/2024\/wp-json\/wp\/v2\/categories?post=8786"},{"taxonomy":"post_tag","embeddable":true,"href":"https:\/\/sinprofaz.org.br\/2024\/wp-json\/wp\/v2\/tags?post=8786"}],"curies":[{"name":"wp","href":"https:\/\/api.w.org\/{rel}","templated":true}]}}