{"id":8782,"date":"2018-10-31T14:00:01","date_gmt":"2018-10-31T17:00:01","guid":{"rendered":"http:\/\/www.sinprofaz.org.br\/?p=8782"},"modified":"2018-11-01T09:32:29","modified_gmt":"2018-11-01T12:32:29","slug":"comecou-a-votacao-para-a-ultima-fase-da-lista-triplice-do-novo-agu","status":"publish","type":"post","link":"https:\/\/sinprofaz.org.br\/2024\/noticias\/comecou-a-votacao-para-a-ultima-fase-da-lista-triplice-do-novo-agu\/","title":{"rendered":"COME\u00c7OU A VOTA\u00c7\u00c3O PARA A \u00daLTIMA FASE DA LISTA TR\u00cdPLICE DO NOVO AGU"},"content":{"rendered":"<p>O SINPROFAZ e o F\u00f3rum Nacional da Advocacia P\u00fablica Federal comunicam que est\u00e1 aberta a vota\u00e7\u00e3o para a \u00faltima etapa do processo de forma\u00e7\u00e3o da Lista Tr\u00edplice. Os filiados t\u00eam at\u00e9 quarta-feira (7) para acessarem o site <a href=\"http:\/\/www.listatripliceagu.com.br\/\" target=\"_blank\" rel=\"noopener\">www.listatripliceagu.com.br<\/a> e indicarem tr\u00eas PFNs que gostariam de ver no cargo de advogado-geral da Uni\u00e3o. Os onze candidatos pass\u00edveis de vota\u00e7\u00e3o foram escolhidos na primeira fase da elei\u00e7\u00e3o. S\u00e3o eles (em ordem alfab\u00e9tica):<\/p>\n<p>Andr\u00e9 Emmanuel Batista Barreto Campello<br \/>\nAnelize Lenzi Ruas de Almeida<br \/>\nClaudio Xavier Seefelder Filho<br \/>\nCristiano Neuenschwander Lins de Morais<br \/>\nDaniel de Saboia Xavier<br \/>\nFabricio Da Soller<br \/>\nHer\u00e1clio Mendes de Camargo Neto<br \/>\nJos\u00e9 Carlos Costa Loch<br \/>\nJos\u00e9 Levi Mello do Amaral J\u00fanior<br \/>\nRoberto Rodrigues de Oliveira<br \/>\nRog\u00e9rio Campos<\/p>\n<p>Assim como na primeira etapa, os filiados do SINPROFAZ poder\u00e3o votar apenas em procuradores da Fazenda Nacional; os associados da ANAUNI e da ANAJUR votar\u00e3o em advogados da Uni\u00e3o; os associados da ANPPREV e os procuradores federais associados \u00e0 ANAJUR poder\u00e3o indicar procuradores federais. O mais votado de cada Carreira integrar\u00e1 a Lista Tr\u00edplice a ser entregue ao presidente da Rep\u00fablica eleito, Jair Bolsonaro.<\/p>\n","protected":false},"excerpt":{"rendered":"<p>O SINPROFAZ e o F\u00f3rum Nacional da Advocacia P\u00fablica Federal comunicam que est\u00e1 aberta a vota\u00e7\u00e3o da \u00faltima etapa do processo de forma\u00e7\u00e3o da Lista Tr\u00edplice. Os filiados t\u00eam at\u00e9 dia 7 para indicarem tr\u00eas PFNs que gostariam de ver no cargo de advogado-geral da Uni\u00e3o.<\/p>\n","protected":false},"author":2,"featured_media":8783,"comment_status":"open","ping_status":"open","sticky":false,"template":"","format":"standard","meta":{"footnotes":""},"categories":[8],"tags":[43,126,25],"featured_image_url":"https:\/\/sinprofaz.org.br\/2024\/wp-content\/uploads\/2018\/10\/Representatividade-Democr\u00e1ticaEssencial-\u00e0-Justi\u00e7a.png","character_count":605,"formatted_date":"31\/10\/2018 - 14:00","contentNovo":"O SINPROFAZ e o F\u00f3rum Nacional da Advocacia P\u00fablica Federal comunicam que est\u00e1 aberta a vota\u00e7\u00e3o para a \u00faltima etapa do processo de forma\u00e7\u00e3o da Lista Tr\u00edplice. Os filiados t\u00eam at\u00e9 quarta-feira (7) para acessarem o site <a href=\"http:\/\/www.listatripliceagu.com.br\/\" target=\"_blank\" rel=\"noopener\">www.listatripliceagu.com.br<\/a> e indicarem tr\u00eas PFNs que gostariam de ver no cargo de advogado-geral da Uni\u00e3o. Os onze candidatos pass\u00edveis de vota\u00e7\u00e3o foram escolhidos na primeira fase da elei\u00e7\u00e3o. S\u00e3o eles (em ordem alfab\u00e9tica):\r\n\r\nAndr\u00e9 Emmanuel Batista Barreto Campello\r\nAnelize Lenzi Ruas de Almeida\r\nClaudio Xavier Seefelder Filho\r\nCristiano Neuenschwander Lins de Morais\r\nDaniel de Saboia Xavier\r\nFabricio Da Soller\r\nHer\u00e1clio Mendes de Camargo Neto\r\nJos\u00e9 Carlos Costa Loch\r\nJos\u00e9 Levi Mello do Amaral J\u00fanior\r\nRoberto Rodrigues de Oliveira\r\nRog\u00e9rio Campos\r\n\r\nAssim como na primeira etapa, os filiados do SINPROFAZ poder\u00e3o votar apenas em procuradores da Fazenda Nacional; os associados da ANAUNI e da ANAJUR votar\u00e3o em advogados da Uni\u00e3o; os associados da ANPPREV e os procuradores federais associados \u00e0 ANAJUR poder\u00e3o indicar procuradores federais. O mais votado de cada Carreira integrar\u00e1 a Lista Tr\u00edplice a ser entregue ao presidente da Rep\u00fablica eleito, Jair Bolsonaro.","_links":{"self":[{"href":"https:\/\/sinprofaz.org.br\/2024\/wp-json\/wp\/v2\/posts\/8782"}],"collection":[{"href":"https:\/\/sinprofaz.org.br\/2024\/wp-json\/wp\/v2\/posts"}],"about":[{"href":"https:\/\/sinprofaz.org.br\/2024\/wp-json\/wp\/v2\/types\/post"}],"author":[{"embeddable":true,"href":"https:\/\/sinprofaz.org.br\/2024\/wp-json\/wp\/v2\/users\/2"}],"replies":[{"embeddable":true,"href":"https:\/\/sinprofaz.org.br\/2024\/wp-json\/wp\/v2\/comments?post=8782"}],"version-history":[{"count":1,"href":"https:\/\/sinprofaz.org.br\/2024\/wp-json\/wp\/v2\/posts\/8782\/revisions"}],"predecessor-version":[{"id":8785,"href":"https:\/\/sinprofaz.org.br\/2024\/wp-json\/wp\/v2\/posts\/8782\/revisions\/8785"}],"wp:featuredmedia":[{"embeddable":true,"href":"https:\/\/sinprofaz.org.br\/2024\/wp-json\/wp\/v2\/media\/8783"}],"wp:attachment":[{"href":"https:\/\/sinprofaz.org.br\/2024\/wp-json\/wp\/v2\/media?parent=8782"}],"wp:term":[{"taxonomy":"category","embeddable":true,"href":"https:\/\/sinprofaz.org.br\/2024\/wp-json\/wp\/v2\/categories?post=8782"},{"taxonomy":"post_tag","embeddable":true,"href":"https:\/\/sinprofaz.org.br\/2024\/wp-json\/wp\/v2\/tags?post=8782"}],"curies":[{"name":"wp","href":"https:\/\/api.w.org\/{rel}","templated":true}]}}