{"id":8773,"date":"2018-10-30T17:08:49","date_gmt":"2018-10-30T20:08:49","guid":{"rendered":"http:\/\/www.sinprofaz.org.br\/?p=8773"},"modified":"2018-10-31T11:51:08","modified_gmt":"2018-10-31T14:51:08","slug":"sinprofaz-divulga-resultado-do-3o-concurso-de-monografias","status":"publish","type":"post","link":"https:\/\/sinprofaz.org.br\/2024\/noticias\/sinprofaz-divulga-resultado-do-3o-concurso-de-monografias\/","title":{"rendered":"SINPROFAZ DIVULGA RESULTADO DO 3\u00ba CONCURSO DE MONOGRAFIAS"},"content":{"rendered":"<p>O 3\u00ba Concurso de Monografias do SINPROFAZ convidou a Carreira a escrever sobre \u201cA Cobran\u00e7a da D\u00edvida Ativa como Direito Inalien\u00e1vel do Poder P\u00fablico no Brasil e no Direito Comparado\u201d. Hoje, a Comiss\u00e3o Julgadora do Concurso, composta pelos professores Adilson Rodrigues Pires, Denise Lucena, Maria L\u00facia de Paula Oliveira e Ricardo Lodi Ribeiro e presidida pelo diretor S\u00e9rgio Carneiro, torna p\u00fablico o resultado do certame:<\/p>\n<p><strong>1\u00aa Coloca\u00e7\u00e3o &#8211; Agostinho do Nascimento Netto<\/strong>, com a monografia &#8220;Inalienabilidade da D\u00edvida Ativa: Enfoque do Direito Nacional e do Direito Comparado&#8221;. <\/p>\n<p><strong>2\u00aa Coloca\u00e7\u00e3o &#8211; Daniel Giotti de Paula<\/strong>, com a monografia &#8220;A Cobran\u00e7a da D\u00edvida Ativa no Brasil e no Direito Comparado: A Compet\u00eancia Constitucionalmente Adequada Atribu\u00edda ao Poder P\u00fablico&#8221;.<\/p>\n<p><strong>3\u00aa Coloca\u00e7\u00e3o &#8211; Rafael Pedroso Colembergue<\/strong>, com a monografia &#8220;A Cobran\u00e7a Tribut\u00e1ria como Atividade T\u00edpica de Estado. Simplifica\u00e7\u00e3o como Caminho&#8221;.<\/p>\n<p>A Comiss\u00e3o Julgadora parabeniza todos os candidatos do 3\u00b0 Concurso de Monografias do SINPROFAZ pela qualidade dos trabalhos apresentados e espera novas contribui\u00e7\u00f5es para os pr\u00f3ximos concursos! <\/p>\n","protected":false},"excerpt":{"rendered":"<p>A Comiss\u00e3o Julgadora do 3\u00ba Concurso de Monografias do SINPROFAZ, composta pelos professores Adilson Rodrigues Pires, Denise Lucena, Maria L\u00facia de Paula Oliveira e Ricardo Lodi Ribeiro e presidida pelo diretor S\u00e9rgio Carneiro, torna p\u00fablico o resultado.<\/p>\n","protected":false},"author":2,"featured_media":8774,"comment_status":"open","ping_status":"open","sticky":false,"template":"","format":"standard","meta":{"footnotes":""},"categories":[8],"tags":[32,63,25],"featured_image_url":"https:\/\/sinprofaz.org.br\/2024\/wp-content\/uploads\/2018\/10\/01-12-800x198.jpg","character_count":599,"formatted_date":"30\/10\/2018 - 17:08","contentNovo":"O 3\u00ba Concurso de Monografias do SINPROFAZ convidou a Carreira a escrever sobre \u201cA Cobran\u00e7a da D\u00edvida Ativa como Direito Inalien\u00e1vel do Poder P\u00fablico no Brasil e no Direito Comparado\u201d. Hoje, a Comiss\u00e3o Julgadora do Concurso, composta pelos professores Adilson Rodrigues Pires, Denise Lucena, Maria L\u00facia de Paula Oliveira e Ricardo Lodi Ribeiro e presidida pelo diretor S\u00e9rgio Carneiro, torna p\u00fablico o resultado do certame:\r\n\r\n<strong>1\u00aa Coloca\u00e7\u00e3o - Agostinho do Nascimento Netto<\/strong>, com a monografia \"Inalienabilidade da D\u00edvida Ativa: Enfoque do Direito Nacional e do Direito Comparado\". \r\n\r\n<strong>2\u00aa Coloca\u00e7\u00e3o - Daniel Giotti de Paula<\/strong>, com a monografia \"A Cobran\u00e7a da D\u00edvida Ativa no Brasil e no Direito Comparado: A Compet\u00eancia Constitucionalmente Adequada Atribu\u00edda ao Poder P\u00fablico\".\r\n\r\n<strong>3\u00aa Coloca\u00e7\u00e3o - Rafael Pedroso Colembergue<\/strong>, com a monografia \"A Cobran\u00e7a Tribut\u00e1ria como Atividade T\u00edpica de Estado. Simplifica\u00e7\u00e3o como Caminho\".\r\n\r\nA Comiss\u00e3o Julgadora parabeniza todos os candidatos do 3\u00b0 Concurso de Monografias do SINPROFAZ pela qualidade dos trabalhos apresentados e espera novas contribui\u00e7\u00f5es para os pr\u00f3ximos concursos! ","_links":{"self":[{"href":"https:\/\/sinprofaz.org.br\/2024\/wp-json\/wp\/v2\/posts\/8773"}],"collection":[{"href":"https:\/\/sinprofaz.org.br\/2024\/wp-json\/wp\/v2\/posts"}],"about":[{"href":"https:\/\/sinprofaz.org.br\/2024\/wp-json\/wp\/v2\/types\/post"}],"author":[{"embeddable":true,"href":"https:\/\/sinprofaz.org.br\/2024\/wp-json\/wp\/v2\/users\/2"}],"replies":[{"embeddable":true,"href":"https:\/\/sinprofaz.org.br\/2024\/wp-json\/wp\/v2\/comments?post=8773"}],"version-history":[{"count":1,"href":"https:\/\/sinprofaz.org.br\/2024\/wp-json\/wp\/v2\/posts\/8773\/revisions"}],"predecessor-version":[{"id":8775,"href":"https:\/\/sinprofaz.org.br\/2024\/wp-json\/wp\/v2\/posts\/8773\/revisions\/8775"}],"wp:featuredmedia":[{"embeddable":true,"href":"https:\/\/sinprofaz.org.br\/2024\/wp-json\/wp\/v2\/media\/8774"}],"wp:attachment":[{"href":"https:\/\/sinprofaz.org.br\/2024\/wp-json\/wp\/v2\/media?parent=8773"}],"wp:term":[{"taxonomy":"category","embeddable":true,"href":"https:\/\/sinprofaz.org.br\/2024\/wp-json\/wp\/v2\/categories?post=8773"},{"taxonomy":"post_tag","embeddable":true,"href":"https:\/\/sinprofaz.org.br\/2024\/wp-json\/wp\/v2\/tags?post=8773"}],"curies":[{"name":"wp","href":"https:\/\/api.w.org\/{rel}","templated":true}]}}