{"id":8769,"date":"2018-10-30T09:31:05","date_gmt":"2018-10-30T12:31:05","guid":{"rendered":"http:\/\/www.sinprofaz.org.br\/?p=8769"},"modified":"2018-10-30T17:09:06","modified_gmt":"2018-10-30T20:09:06","slug":"filiado-destaca-importancia-do-sindicato-na-defesa-de-pleitos-nacionais-e-regionais","status":"publish","type":"post","link":"https:\/\/sinprofaz.org.br\/2024\/noticias\/filiado-destaca-importancia-do-sindicato-na-defesa-de-pleitos-nacionais-e-regionais\/","title":{"rendered":"FILIADO DESTACA IMPORT\u00c2NCIA DO SINDICATO NA DEFESA DE PLEITOS NACIONAIS E REGIONAIS"},"content":{"rendered":"<p>A participa\u00e7\u00e3o dos filiados na apresenta\u00e7\u00e3o de sugest\u00f5es e de cr\u00edticas \u00e9 essencial. \u00c9 o que destaca Arthur Porto, associado lotado no Estado do Par\u00e1. Segundo ele, a import\u00e2ncia do Sindicato est\u00e1 nessa representatividade que leva em conta tanto os problemas peculiares de cada Regi\u00e3o, quanto as quest\u00f5es comuns a todas elas. <\/p>\n<p>&#8220;No Par\u00e1, temos a quest\u00e3o da defasagem no n\u00famero de procuradores e o problema da carreira de apoio, o qual \u00e9 comum na PFN, mas que, infelizmente, agrava-se no Estado e prejudica nossa atividade fim.&#8221; <\/p>\n<p>Assista: <a href=\"http:\/\/bit.ly\/2JlRFTt\" rel=\"noopener\" target=\"_blank\">bit.ly\/2JlRFTt<\/a><\/p>\n","protected":false},"excerpt":{"rendered":"<p>&#8220;No Par\u00e1, temos a quest\u00e3o da defasagem no n\u00famero de procuradores e o problema da carreira de apoio, o qual \u00e9 comum na PFN, mas que, infelizmente, agrava-se no Estado e prejudica nossa atividade fim&#8221;, explicou Arthur Porto.<\/p>\n","protected":false},"author":2,"featured_media":8770,"comment_status":"open","ping_status":"open","sticky":false,"template":"","format":"standard","meta":{"footnotes":""},"categories":[8],"tags":[41,32,25],"featured_image_url":"https:\/\/sinprofaz.org.br\/2024\/wp-content\/uploads\/2018\/10\/01-11-800x198.jpg","character_count":290,"formatted_date":"30\/10\/2018 - 09:31","contentNovo":"A participa\u00e7\u00e3o dos filiados na apresenta\u00e7\u00e3o de sugest\u00f5es e de cr\u00edticas \u00e9 essencial. \u00c9 o que destaca Arthur Porto, associado lotado no Estado do Par\u00e1. Segundo ele, a import\u00e2ncia do Sindicato est\u00e1 nessa representatividade que leva em conta tanto os problemas peculiares de cada Regi\u00e3o, quanto as quest\u00f5es comuns a todas elas. \r\n\r\n\"No Par\u00e1, temos a quest\u00e3o da defasagem no n\u00famero de procuradores e o problema da carreira de apoio, o qual \u00e9 comum na PFN, mas que, infelizmente, agrava-se no Estado e prejudica nossa atividade fim.\" \r\n\r\nAssista: <a href=\"http:\/\/bit.ly\/2JlRFTt\" rel=\"noopener\" target=\"_blank\">bit.ly\/2JlRFTt<\/a>","_links":{"self":[{"href":"https:\/\/sinprofaz.org.br\/2024\/wp-json\/wp\/v2\/posts\/8769"}],"collection":[{"href":"https:\/\/sinprofaz.org.br\/2024\/wp-json\/wp\/v2\/posts"}],"about":[{"href":"https:\/\/sinprofaz.org.br\/2024\/wp-json\/wp\/v2\/types\/post"}],"author":[{"embeddable":true,"href":"https:\/\/sinprofaz.org.br\/2024\/wp-json\/wp\/v2\/users\/2"}],"replies":[{"embeddable":true,"href":"https:\/\/sinprofaz.org.br\/2024\/wp-json\/wp\/v2\/comments?post=8769"}],"version-history":[{"count":1,"href":"https:\/\/sinprofaz.org.br\/2024\/wp-json\/wp\/v2\/posts\/8769\/revisions"}],"predecessor-version":[{"id":8771,"href":"https:\/\/sinprofaz.org.br\/2024\/wp-json\/wp\/v2\/posts\/8769\/revisions\/8771"}],"wp:featuredmedia":[{"embeddable":true,"href":"https:\/\/sinprofaz.org.br\/2024\/wp-json\/wp\/v2\/media\/8770"}],"wp:attachment":[{"href":"https:\/\/sinprofaz.org.br\/2024\/wp-json\/wp\/v2\/media?parent=8769"}],"wp:term":[{"taxonomy":"category","embeddable":true,"href":"https:\/\/sinprofaz.org.br\/2024\/wp-json\/wp\/v2\/categories?post=8769"},{"taxonomy":"post_tag","embeddable":true,"href":"https:\/\/sinprofaz.org.br\/2024\/wp-json\/wp\/v2\/tags?post=8769"}],"curies":[{"name":"wp","href":"https:\/\/api.w.org\/{rel}","templated":true}]}}