{"id":8742,"date":"2018-10-24T08:46:33","date_gmt":"2018-10-24T11:46:33","guid":{"rendered":"http:\/\/www.sinprofaz.org.br\/?p=8742"},"modified":"2018-10-24T14:57:30","modified_gmt":"2018-10-24T17:57:30","slug":"disponibilizacao-de-vpn-a-carreira-e-tema-de-reuniao-do-sinprofaz-na-pgfn","status":"publish","type":"post","link":"https:\/\/sinprofaz.org.br\/2024\/noticias\/disponibilizacao-de-vpn-a-carreira-e-tema-de-reuniao-do-sinprofaz-na-pgfn\/","title":{"rendered":"DISPONIBILIZA\u00c7\u00c3O DE VPN \u00c0 CARREIRA \u00c9 TEMA DE REUNI\u00c3O DO SINPROFAZ NA PGFN"},"content":{"rendered":"<p>O SINPROFAZ, representado pelo presidente Achilles Frias, esteve reunido ontem (23) com a diretora do Departamento de Gest\u00e3o Corporativa da PGFN, I\u00eada Cagni. Estiveram presentes tamb\u00e9m os diretores substitutos do DGC Ronaldo Baptista e Jersilene Moura, respectivamente coordenador de Desenvolvimento Institucional (CODIN) e coordenadora de Gest\u00e3o de Pessoas (COGEP) da Institui\u00e7\u00e3o.<\/p>\n<p>Ao iniciar a reuni\u00e3o, o presidente do SINPROFAZ reiterou o pleito pela disponibiliza\u00e7\u00e3o da conex\u00e3o VPN aos Colegas, tendo recebido, ent\u00e3o, uma boa not\u00edcia. De acordo com os diretores, a Portaria sobre a VPN est\u00e1 sendo conclu\u00edda e deve ser assinada no in\u00edcio do m\u00eas de novembro. O comunicado trar\u00e1 detalhes do regramento para utiliza\u00e7\u00e3o da ferramenta, a qual ser\u00e1 ofertada sob demanda aos PFNs.<\/p>\n\n\t\t<style type=\"text\/css\">\n\t\t\t#gallery-1 {\n\t\t\t\tmargin: auto;\n\t\t\t}\n\t\t\t#gallery-1 .gallery-item {\n\t\t\t\tfloat: left;\n\t\t\t\tmargin-top: 10px;\n\t\t\t\ttext-align: center;\n\t\t\t\twidth: 33%;\n\t\t\t}\n\t\t\t#gallery-1 img {\n\t\t\t\tborder: 2px solid #cfcfcf;\n\t\t\t}\n\t\t\t#gallery-1 .gallery-caption {\n\t\t\t\tmargin-left: 0;\n\t\t\t}\n\t\t\t\/* see gallery_shortcode() in wp-includes\/media.php *\/\n\t\t<\/style>\n\t\t<div id='gallery-1' class='gallery galleryid-8742 gallery-columns-3 gallery-size-thumbnail'><dl class='gallery-item'>\n\t\t\t<dt class='gallery-icon landscape'>\n\t\t\t\t<a href='https:\/\/sinprofaz.org.br\/2024\/wp-content\/uploads\/2018\/10\/02-6.jpg'><img loading=\"lazy\" decoding=\"async\" width=\"150\" height=\"150\" src=\"https:\/\/sinprofaz.org.br\/2024\/wp-content\/uploads\/2018\/10\/02-6-150x150.jpg\" class=\"attachment-thumbnail size-thumbnail\" alt=\"\" \/><\/a>\n\t\t\t<\/dt><\/dl><dl class='gallery-item'>\n\t\t\t<dt class='gallery-icon landscape'>\n\t\t\t\t<a href='https:\/\/sinprofaz.org.br\/2024\/wp-content\/uploads\/2018\/10\/03-6.jpg'><img loading=\"lazy\" decoding=\"async\" width=\"150\" height=\"150\" src=\"https:\/\/sinprofaz.org.br\/2024\/wp-content\/uploads\/2018\/10\/03-6-150x150.jpg\" class=\"attachment-thumbnail size-thumbnail\" alt=\"\" \/><\/a>\n\t\t\t<\/dt><\/dl>\n\t\t\t<br style='clear: both' \/>\n\t\t<\/div>\n\n","protected":false},"excerpt":{"rendered":"<p>O SINPROFAZ, representado pelo presidente Achilles Frias, esteve reunido ontem (23) com a diretora do Departamento de Gest\u00e3o Corporativa da PGFN, I\u00eada Cagni. Estiveram presentes tamb\u00e9m os diretores substitutos do DGC Ronaldo Baptista e Jersilene Moura.<\/p>\n","protected":false},"author":2,"featured_media":8745,"comment_status":"open","ping_status":"open","sticky":false,"template":"","format":"standard","meta":{"footnotes":""},"categories":[8],"tags":[32,44,25],"featured_image_url":"https:\/\/sinprofaz.org.br\/2024\/wp-content\/uploads\/2018\/10\/01-7-800x198.jpg","character_count":583,"formatted_date":"24\/10\/2018 - 08:46","contentNovo":"O SINPROFAZ, representado pelo presidente Achilles Frias, esteve reunido ontem (23) com a diretora do Departamento de Gest\u00e3o Corporativa da PGFN, I\u00eada Cagni. Estiveram presentes tamb\u00e9m os diretores substitutos do DGC Ronaldo Baptista e Jersilene Moura, respectivamente coordenador de Desenvolvimento Institucional (CODIN) e coordenadora de Gest\u00e3o de Pessoas (COGEP) da Institui\u00e7\u00e3o.\r\n\r\nAo iniciar a reuni\u00e3o, o presidente do SINPROFAZ reiterou o pleito pela disponibiliza\u00e7\u00e3o da conex\u00e3o VPN aos Colegas, tendo recebido, ent\u00e3o, uma boa not\u00edcia. De acordo com os diretores, a Portaria sobre a VPN est\u00e1 sendo conclu\u00edda e deve ser assinada no in\u00edcio do m\u00eas de novembro. O comunicado trar\u00e1 detalhes do regramento para utiliza\u00e7\u00e3o da ferramenta, a qual ser\u00e1 ofertada sob demanda aos PFNs.\r\n\r\n[gallery link=\"file\" ids=\"8743,8744\"]","_links":{"self":[{"href":"https:\/\/sinprofaz.org.br\/2024\/wp-json\/wp\/v2\/posts\/8742"}],"collection":[{"href":"https:\/\/sinprofaz.org.br\/2024\/wp-json\/wp\/v2\/posts"}],"about":[{"href":"https:\/\/sinprofaz.org.br\/2024\/wp-json\/wp\/v2\/types\/post"}],"author":[{"embeddable":true,"href":"https:\/\/sinprofaz.org.br\/2024\/wp-json\/wp\/v2\/users\/2"}],"replies":[{"embeddable":true,"href":"https:\/\/sinprofaz.org.br\/2024\/wp-json\/wp\/v2\/comments?post=8742"}],"version-history":[{"count":3,"href":"https:\/\/sinprofaz.org.br\/2024\/wp-json\/wp\/v2\/posts\/8742\/revisions"}],"predecessor-version":[{"id":8748,"href":"https:\/\/sinprofaz.org.br\/2024\/wp-json\/wp\/v2\/posts\/8742\/revisions\/8748"}],"wp:featuredmedia":[{"embeddable":true,"href":"https:\/\/sinprofaz.org.br\/2024\/wp-json\/wp\/v2\/media\/8745"}],"wp:attachment":[{"href":"https:\/\/sinprofaz.org.br\/2024\/wp-json\/wp\/v2\/media?parent=8742"}],"wp:term":[{"taxonomy":"category","embeddable":true,"href":"https:\/\/sinprofaz.org.br\/2024\/wp-json\/wp\/v2\/categories?post=8742"},{"taxonomy":"post_tag","embeddable":true,"href":"https:\/\/sinprofaz.org.br\/2024\/wp-json\/wp\/v2\/tags?post=8742"}],"curies":[{"name":"wp","href":"https:\/\/api.w.org\/{rel}","templated":true}]}}