{"id":8722,"date":"2018-10-18T17:21:02","date_gmt":"2018-10-18T20:21:02","guid":{"rendered":"http:\/\/www.sinprofaz.org.br\/?p=8722"},"modified":"2018-10-19T11:12:34","modified_gmt":"2018-10-19T14:12:34","slug":"sinprofaz-participa-do-4-congresso-de-direito-tributario-de-juiz-de-fora-e-regiao","status":"publish","type":"post","link":"https:\/\/sinprofaz.org.br\/2024\/noticias\/sinprofaz-participa-do-4-congresso-de-direito-tributario-de-juiz-de-fora-e-regiao\/","title":{"rendered":"SINPROFAZ PARTICIPA DO 4\u00ba CONGRESSO DE DIREITO TRIBUT\u00c1RIO DE JUIZ DE FORA E REGI\u00c3O"},"content":{"rendered":"<p>O SINPROFAZ, representado pelo presidente Achilles Frias, esteve em Juiz de Fora\/ MG na ter\u00e7a-feira (16) para o primeiro dia de trabalhos do 4\u00ba Congresso de Direito Tribut\u00e1rio de Juiz de Fora e Regi\u00e3o. O evento, que conta com o apoio do SINPROFAZ, \u00e9 realizado pelo Instituto de Estudos Tribut\u00e1rios e de Finan\u00e7as P\u00fablicas de Juiz de Fora e Regi\u00e3o (IDTJF) em parceria com a Comiss\u00e3o de Direito Tribut\u00e1rio da 4\u00aa Subse\u00e7\u00e3o da OAB de Minas Gerais. <\/p>\n<p>A programa\u00e7\u00e3o do evento inclui palestras com especialistas do Direito Tribut\u00e1rio em n\u00edvel nacional. Entre eles, destaca-se o filiado Daniel Giotti, membro da Comiss\u00e3o Organizadora do Congresso e presidente de dois dos pain\u00e9is realizados na ocasi\u00e3o. O evento ainda \u00e9 oportunidade para que os interessados conhe\u00e7am o mais recente lan\u00e7amento de Daniel Giotti, a obra \u201cA praticabilidade no Direito Tribut\u00e1rio: controle jur\u00eddico da complexidade na tributa\u00e7\u00e3o\u201d, que pode ser adquirida tamb\u00e9m<a href=\"https:\/\/editoramultifoco.com.br\/loja\/product\/a-praticabilidade-no-direito-tributario-controle-juridico-da-complexidade-na-tributacao\/\" rel=\"noopener\" target=\"_blank\"> via internet<\/a>.<\/p>\n<p>Na oportunidade da visita a Juiz de Fora, o presidente do SINPROFAZ compareceu \u00e0 Seccional, onde se reuniu com os Colegas l\u00e1 lotados. Ao longo do encontro, Achilles Frias apresentou um panorama das principais quest\u00f5es pol\u00edticas pertinentes \u00e0 Carreira, momento em que os filiados fizeram considera\u00e7\u00f5es e deram sugest\u00f5es.<\/p>\n\n\t\t<style type=\"text\/css\">\n\t\t\t#gallery-1 {\n\t\t\t\tmargin: auto;\n\t\t\t}\n\t\t\t#gallery-1 .gallery-item {\n\t\t\t\tfloat: left;\n\t\t\t\tmargin-top: 10px;\n\t\t\t\ttext-align: center;\n\t\t\t\twidth: 33%;\n\t\t\t}\n\t\t\t#gallery-1 img {\n\t\t\t\tborder: 2px solid #cfcfcf;\n\t\t\t}\n\t\t\t#gallery-1 .gallery-caption {\n\t\t\t\tmargin-left: 0;\n\t\t\t}\n\t\t\t\/* see gallery_shortcode() in wp-includes\/media.php *\/\n\t\t<\/style>\n\t\t<div id='gallery-1' class='gallery galleryid-8722 gallery-columns-3 gallery-size-thumbnail'><dl class='gallery-item'>\n\t\t\t<dt class='gallery-icon landscape'>\n\t\t\t\t<a href='https:\/\/sinprofaz.org.br\/2024\/wp-content\/uploads\/2018\/10\/02-4.jpg'><img loading=\"lazy\" decoding=\"async\" width=\"150\" height=\"150\" src=\"https:\/\/sinprofaz.org.br\/2024\/wp-content\/uploads\/2018\/10\/02-4-150x150.jpg\" class=\"attachment-thumbnail size-thumbnail\" alt=\"\" \/><\/a>\n\t\t\t<\/dt><\/dl><dl class='gallery-item'>\n\t\t\t<dt class='gallery-icon landscape'>\n\t\t\t\t<a href='https:\/\/sinprofaz.org.br\/2024\/wp-content\/uploads\/2018\/10\/03-4.jpg'><img loading=\"lazy\" decoding=\"async\" width=\"150\" height=\"150\" src=\"https:\/\/sinprofaz.org.br\/2024\/wp-content\/uploads\/2018\/10\/03-4-150x150.jpg\" class=\"attachment-thumbnail size-thumbnail\" alt=\"\" \/><\/a>\n\t\t\t<\/dt><\/dl>\n\t\t\t<br style='clear: both' \/>\n\t\t<\/div>\n\n","protected":false},"excerpt":{"rendered":"<p>O evento, que conta com o apoio do SINPROFAZ, \u00e9 realizado pelo Instituto de Estudos Tribut\u00e1rios e de Finan\u00e7as P\u00fablicas de Juiz de Fora e Regi\u00e3o em parceria com a Comiss\u00e3o de Direito Tribut\u00e1rio da 4\u00aa Subse\u00e7\u00e3o da OAB de Minas Gerais e contou com a presen\u00e7a do presidente Achilles Frias.<\/p>\n","protected":false},"author":2,"featured_media":8723,"comment_status":"open","ping_status":"open","sticky":false,"template":"","format":"standard","meta":{"footnotes":""},"categories":[8],"tags":[32,25],"featured_image_url":"https:\/\/sinprofaz.org.br\/2024\/wp-content\/uploads\/2018\/10\/01-5-800x198.jpg","character_count":837,"formatted_date":"18\/10\/2018 - 17:21","contentNovo":"O SINPROFAZ, representado pelo presidente Achilles Frias, esteve em Juiz de Fora\/ MG na ter\u00e7a-feira (16) para o primeiro dia de trabalhos do 4\u00ba Congresso de Direito Tribut\u00e1rio de Juiz de Fora e Regi\u00e3o. O evento, que conta com o apoio do SINPROFAZ, \u00e9 realizado pelo Instituto de Estudos Tribut\u00e1rios e de Finan\u00e7as P\u00fablicas de Juiz de Fora e Regi\u00e3o (IDTJF) em parceria com a Comiss\u00e3o de Direito Tribut\u00e1rio da 4\u00aa Subse\u00e7\u00e3o da OAB de Minas Gerais. \r\n\r\nA programa\u00e7\u00e3o do evento inclui palestras com especialistas do Direito Tribut\u00e1rio em n\u00edvel nacional. Entre eles, destaca-se o filiado Daniel Giotti, membro da Comiss\u00e3o Organizadora do Congresso e presidente de dois dos pain\u00e9is realizados na ocasi\u00e3o. O evento ainda \u00e9 oportunidade para que os interessados conhe\u00e7am o mais recente lan\u00e7amento de Daniel Giotti, a obra \u201cA praticabilidade no Direito Tribut\u00e1rio: controle jur\u00eddico da complexidade na tributa\u00e7\u00e3o\u201d, que pode ser adquirida tamb\u00e9m<a href=\"https:\/\/editoramultifoco.com.br\/loja\/product\/a-praticabilidade-no-direito-tributario-controle-juridico-da-complexidade-na-tributacao\/\" rel=\"noopener\" target=\"_blank\"> via internet<\/a>.\r\n\r\nNa oportunidade da visita a Juiz de Fora, o presidente do SINPROFAZ compareceu \u00e0 Seccional, onde se reuniu com os Colegas l\u00e1 lotados. Ao longo do encontro, Achilles Frias apresentou um panorama das principais quest\u00f5es pol\u00edticas pertinentes \u00e0 Carreira, momento em que os filiados fizeram considera\u00e7\u00f5es e deram sugest\u00f5es.\r\n\r\n[gallery link=\"file\" ids=\"8724,8725\"]","_links":{"self":[{"href":"https:\/\/sinprofaz.org.br\/2024\/wp-json\/wp\/v2\/posts\/8722"}],"collection":[{"href":"https:\/\/sinprofaz.org.br\/2024\/wp-json\/wp\/v2\/posts"}],"about":[{"href":"https:\/\/sinprofaz.org.br\/2024\/wp-json\/wp\/v2\/types\/post"}],"author":[{"embeddable":true,"href":"https:\/\/sinprofaz.org.br\/2024\/wp-json\/wp\/v2\/users\/2"}],"replies":[{"embeddable":true,"href":"https:\/\/sinprofaz.org.br\/2024\/wp-json\/wp\/v2\/comments?post=8722"}],"version-history":[{"count":3,"href":"https:\/\/sinprofaz.org.br\/2024\/wp-json\/wp\/v2\/posts\/8722\/revisions"}],"predecessor-version":[{"id":8728,"href":"https:\/\/sinprofaz.org.br\/2024\/wp-json\/wp\/v2\/posts\/8722\/revisions\/8728"}],"wp:featuredmedia":[{"embeddable":true,"href":"https:\/\/sinprofaz.org.br\/2024\/wp-json\/wp\/v2\/media\/8723"}],"wp:attachment":[{"href":"https:\/\/sinprofaz.org.br\/2024\/wp-json\/wp\/v2\/media?parent=8722"}],"wp:term":[{"taxonomy":"category","embeddable":true,"href":"https:\/\/sinprofaz.org.br\/2024\/wp-json\/wp\/v2\/categories?post=8722"},{"taxonomy":"post_tag","embeddable":true,"href":"https:\/\/sinprofaz.org.br\/2024\/wp-json\/wp\/v2\/tags?post=8722"}],"curies":[{"name":"wp","href":"https:\/\/api.w.org\/{rel}","templated":true}]}}