{"id":872,"date":"2012-06-25T14:44:48","date_gmt":"2012-06-25T14:44:48","guid":{"rendered":""},"modified":"-0001-11-30T00:00:00","modified_gmt":"-0001-11-30T03:00:00","slug":"pleitos-dos-pfns-com-visibilidade-no-legislativo","status":"publish","type":"post","link":"https:\/\/sinprofaz.org.br\/2024\/noticias\/pleitos-dos-pfns-com-visibilidade-no-legislativo\/","title":{"rendered":"Pleitos dos PFNs com visibilidade no Legislativo"},"content":{"rendered":"<p><img loading=\"lazy\" decoding=\"async\" style=\"margin-right: 10px; border: 1px solid #000000; float: left;\" alt=\"Pleitos dos PFNs com visibilidade no Legislativo\" src=\"images\/noticias\/reuniao-joao-dado\/reuniao-joao-dado-foto02.jpg\" height=\"154\" width=\"218\" \/>Parlamentares de partidos diversos est\u00e3o sensibilizados e preocupados com o sucateamento da PGFN. Publica\u00e7\u00f5es do SINPROFAZ tem repercutido no Congresso Nacional.<\/p>\n<p>Semana passada o presidente do Sindicato teve demonstra\u00e7\u00f5es claras de que o trabalho permanente no Congresso traz visibilidade \u00e0s demandas da carreira.<\/p>\n<p>Durante o lan\u00e7amento da Frente Parlamentar Mista do Fortalecimento da Gest\u00e3o P\u00fablica no Senado Federal, o presidente Allan Titonelli conversou com v\u00e1rios parlamentares que, por meio das publica\u00e7\u00f5es do Sindicato, est\u00e3o tomando conhecimento da import\u00e2ncia estrat\u00e9gica da PGFN, do sucateamento do \u00f3rg\u00e3o e tamb\u00e9m do fato de que investimentos na institui\u00e7\u00e3o trariam um retorno muito significativo para Estado e sociedade.<\/p>\n<p>Alguns parlamentares manifestaram por escrito apoio \u00e0s proposi\u00e7\u00f5es de interesse da carreira que tramitam no Congresso como as PECs 452 e 443\/09 e os PLs sobre recebimento de honor\u00e1rios: os senadores Renan Calheiros (PMDB-AL), Ana Am\u00e9lia (PP-RS), Vital do Rego (PMDB-PB), Eduardo Braga (PMDB-AM), Jayme Campos (DEM-MT), Pedro Taques (PDT-MT) e Antonio Russo (PR-MS), e os deputados Eliseu Padilha (PMDB-RS) e Pauderney Avelino (DEM-AM).<\/p>\n<p>Tamb\u00e9m na semana passada, o presidente do SINPROFAZ teve audi\u00eancia com o deputado federal Jo\u00e3o Dado (PTD-SP), coordenador setorial de gest\u00e3o tribut\u00e1ria e fiscal da Frente Parlamentar Mista do Fortalecimento da Gest\u00e3o P\u00fablica. Para Dado, as publica\u00e7\u00f5es e o contato com os dirigentes do Sindicato \u201cvieram a calhar no momento em que ele assume esta coordena\u00e7\u00e3o setorial\u201d.<img loading=\"lazy\" decoding=\"async\" style=\"margin-left: 10px; margin-bottom: 5px; margin-top: 5px; border: 1px solid #000000; float: right;\" alt=\"Pleitos dos PFNs com visibilidade no Legislativo\" src=\"images\/noticias\/reuniao-joao-dado\/reuniao-joao-dado-foto01.jpg\" height=\"113\" width=\"150\" \/><\/p>\n<p>O deputado disse que em breve far\u00e1 um pronunciamento na C\u00e2mara sobre todas essas quest\u00f5es que afligem a carreira. \u201cEstou \u00e0 disposi\u00e7\u00e3o do Sindicato, inclusive para formular previs\u00f5es legais que imponham san\u00e7\u00f5es caso n\u00e3o seja cumprida a destina\u00e7\u00e3o do Fundaf aos respectivos \u00f3rg\u00e3os\u201d, afirmou Jo\u00e3o Dado.<\/p>\n<h3>Frente parlamentar<\/h3>\n<p>A Frente Parlamentar Mista do Fortalecimento da Gest\u00e3o P\u00fablica tem o objetivo discutir propostas de melhoria e fortalecimento da gest\u00e3o p\u00fablica em suas tr\u00eas esferas.<\/p>\n<p>Para o presidente SINPROFAZ, Allan Titonelli, a frente vem ao encontro da pr\u00f3pria atividade fim da Advocacia P\u00fablica, que \u00e9 proteger os bens p\u00fablicos. \u201cCom boas pol\u00edticas p\u00fablicas de gest\u00e3o respaldando nossas atividades, podemos trabalhar com mais efici\u00eancia\u201d, ressaltou.<\/p>\n<p>Sob a presid\u00eancia do deputado federal Luiz Pitman (PMDB-DF), a Frente j\u00e1 conta com ades\u00e3o de mais de 240 parlamentares.<\/p>\n<p>O principal prop\u00f3sito desta iniciativa \u00e9 estabelecer uma gest\u00e3o p\u00fablica mais transparente e eficiente no Pa\u00eds. Segundo o deputado Pitman, a ideia \u00e9 reunir os poderes Executivo, Legislativo e Judici\u00e1rio para revisar o marco regulat\u00f3rio da Administra\u00e7\u00e3o P\u00fablica.<\/p>\n<p>Uma das metas da Frente \u00e9 consolidar at\u00e9 final de 2014 um conjunto de propostas para viabilizar a reforma da gest\u00e3o p\u00fablica brasileira.<\/p>\n<p>Mais informa\u00e7\u00f5es sobre a Frente podem ser consultadas no site <a title=\"Frente Parlamentar - Gest\u00e3o P\u00fablica\" href=\"http:\/\/www.fpgestaopublica.com.br\" target=\"_blank\"> www.fpgestaopublica.com.br<\/a><\/p>\n<p style=\"margin-top: 80px; text-align: center;\"><img decoding=\"async\" title=\"Mobiliza\u00e7\u00e3o\" alt=\"Banner Mobiliza\u00e7\u00e3o\" src=\"\/images\/noticias\/mobilizacao2.gif\" \/><\/p>\n","protected":false},"excerpt":{"rendered":"<p>Parlamentares de partidos diversos est\u00e3o sensibilizados e preocupados com o sucateamento da PGFN. Publica\u00e7\u00f5es do SINPROFAZ tem repercutido no Congresso Nacional.<\/p>\n","protected":false},"author":1,"featured_media":0,"comment_status":"closed","ping_status":"open","sticky":false,"template":"","format":"standard","meta":{"footnotes":""},"categories":[8],"tags":[],"featured_image_url":"https:\/\/dummyimage.com\/720x400","character_count":1499,"formatted_date":"25\/06\/2012 - 14:44","contentNovo":"\r\n<p>Parlamentares de partidos diversos est\u00e3o sensibilizados e preocupados com o sucateamento da PGFN. Publica\u00e7\u00f5es do SINPROFAZ tem repercutido no Congresso Nacional.<\/p>\r\n<p>Semana passada o presidente do Sindicato teve demonstra\u00e7\u00f5es claras de que o trabalho permanente no Congresso traz visibilidade \u00e0s demandas da carreira.<\/p>\r\n<p>Durante o lan\u00e7amento da Frente Parlamentar Mista do Fortalecimento da Gest\u00e3o P\u00fablica no Senado Federal, o presidente Allan Titonelli conversou com v\u00e1rios parlamentares que, por meio das publica\u00e7\u00f5es do Sindicato, est\u00e3o tomando conhecimento da import\u00e2ncia estrat\u00e9gica da PGFN, do sucateamento do \u00f3rg\u00e3o e tamb\u00e9m do fato de que investimentos na institui\u00e7\u00e3o trariam um retorno muito significativo para Estado e sociedade.<\/p>\r\n<p>Alguns parlamentares manifestaram por escrito apoio \u00e0s proposi\u00e7\u00f5es de interesse da carreira que tramitam no Congresso como as PECs 452 e 443\/09 e os PLs sobre recebimento de honor\u00e1rios: os senadores Renan Calheiros (PMDB-AL), Ana Am\u00e9lia (PP-RS), Vital do Rego (PMDB-PB), Eduardo Braga (PMDB-AM), Jayme Campos (DEM-MT), Pedro Taques (PDT-MT) e Antonio Russo (PR-MS), e os deputados Eliseu Padilha (PMDB-RS) e Pauderney Avelino (DEM-AM).<\/p>\r\n<p>Tamb\u00e9m na semana passada, o presidente do SINPROFAZ teve audi\u00eancia com o deputado federal Jo\u00e3o Dado (PTD-SP), coordenador setorial de gest\u00e3o tribut\u00e1ria e fiscal da Frente Parlamentar Mista do Fortalecimento da Gest\u00e3o P\u00fablica. Para Dado, as publica\u00e7\u00f5es e o contato com os dirigentes do Sindicato \u201cvieram a calhar no momento em que ele assume esta coordena\u00e7\u00e3o setorial\u201d.<\/p>\r\n<p>O deputado disse que em breve far\u00e1 um pronunciamento na C\u00e2mara sobre todas essas quest\u00f5es que afligem a carreira. \u201cEstou \u00e0 disposi\u00e7\u00e3o do Sindicato, inclusive para formular previs\u00f5es legais que imponham san\u00e7\u00f5es caso n\u00e3o seja cumprida a destina\u00e7\u00e3o do Fundaf aos respectivos \u00f3rg\u00e3os\u201d, afirmou Jo\u00e3o Dado.<\/p>\r\nFrente parlamentar\r\n<p>A Frente Parlamentar Mista do Fortalecimento da Gest\u00e3o P\u00fablica tem o objetivo discutir propostas de melhoria e fortalecimento da gest\u00e3o p\u00fablica em suas tr\u00eas esferas.<\/p>\r\n<p>Para o presidente SINPROFAZ, Allan Titonelli, a frente vem ao encontro da pr\u00f3pria atividade fim da Advocacia P\u00fablica, que \u00e9 proteger os bens p\u00fablicos. \u201cCom boas pol\u00edticas p\u00fablicas de gest\u00e3o respaldando nossas atividades, podemos trabalhar com mais efici\u00eancia\u201d, ressaltou.<\/p>\r\n<p>Sob a presid\u00eancia do deputado federal Luiz Pitman (PMDB-DF), a Frente j\u00e1 conta com ades\u00e3o de mais de 240 parlamentares.<\/p>\r\n<p>O principal prop\u00f3sito desta iniciativa \u00e9 estabelecer uma gest\u00e3o p\u00fablica mais transparente e eficiente no Pa\u00eds. Segundo o deputado Pitman, a ideia \u00e9 reunir os poderes Executivo, Legislativo e Judici\u00e1rio para revisar o marco regulat\u00f3rio da Administra\u00e7\u00e3o P\u00fablica.<\/p>\r\n<p>Uma das metas da Frente \u00e9 consolidar at\u00e9 final de 2014 um conjunto de propostas para viabilizar a reforma da gest\u00e3o p\u00fablica brasileira.<\/p>\r\n<p>Mais informa\u00e7\u00f5es sobre a Frente podem ser consultadas no site <a title=\"Frente Parlamentar - Gest\u00e3o P\u00fablica\" href=\"http:\/\/www.fpgestaopublica.com.br\" target=\"_blank\"> www.fpgestaopublica.com.br<\/a><\/p>\r\n<p style=\"margin-top: 80px; text-align: center;\"><\/p>","_links":{"self":[{"href":"https:\/\/sinprofaz.org.br\/2024\/wp-json\/wp\/v2\/posts\/872"}],"collection":[{"href":"https:\/\/sinprofaz.org.br\/2024\/wp-json\/wp\/v2\/posts"}],"about":[{"href":"https:\/\/sinprofaz.org.br\/2024\/wp-json\/wp\/v2\/types\/post"}],"author":[{"embeddable":true,"href":"https:\/\/sinprofaz.org.br\/2024\/wp-json\/wp\/v2\/users\/1"}],"replies":[{"embeddable":true,"href":"https:\/\/sinprofaz.org.br\/2024\/wp-json\/wp\/v2\/comments?post=872"}],"version-history":[{"count":0,"href":"https:\/\/sinprofaz.org.br\/2024\/wp-json\/wp\/v2\/posts\/872\/revisions"}],"wp:attachment":[{"href":"https:\/\/sinprofaz.org.br\/2024\/wp-json\/wp\/v2\/media?parent=872"}],"wp:term":[{"taxonomy":"category","embeddable":true,"href":"https:\/\/sinprofaz.org.br\/2024\/wp-json\/wp\/v2\/categories?post=872"},{"taxonomy":"post_tag","embeddable":true,"href":"https:\/\/sinprofaz.org.br\/2024\/wp-json\/wp\/v2\/tags?post=872"}],"curies":[{"name":"wp","href":"https:\/\/api.w.org\/{rel}","templated":true}]}}