{"id":8699,"date":"2018-10-11T17:00:11","date_gmt":"2018-10-11T20:00:11","guid":{"rendered":"http:\/\/www.sinprofaz.org.br\/?p=8699"},"modified":"2018-10-15T10:57:10","modified_gmt":"2018-10-15T13:57:10","slug":"comunicado-do-forum-nacional-da-advocacia-publica-federal","status":"publish","type":"post","link":"https:\/\/sinprofaz.org.br\/2024\/noticias\/comunicado-do-forum-nacional-da-advocacia-publica-federal\/","title":{"rendered":"COMUNICADO DO F\u00d3RUM NACIONAL DA ADVOCACIA P\u00daBLICA FEDERAL"},"content":{"rendered":"<p>Prezados associados das entidades integrantes do FORVM, comunicamos que o prazo de vota\u00e7\u00e3o da primeira fase da LISTA TR\u00cdPLICE foi prorrogado at\u00e9 o dia 16 de outubro.<\/p>\n<p>At\u00e9 esta data (ter\u00e7a-feira pr\u00f3xima), os filiados poder\u00e3o votar em qualquer integrante das respectivas carreiras, podendo escolher at\u00e9 05 (cinco) nomes.<\/p>\n<p>As demais datas previstas no Edital divulgado permanecem inalteradas.<\/p>\n<p>&nbsp;<\/p>\n<p>&nbsp;<\/p>\n<p style=\"text-align: center;\">Bras\u00edlia, 11 de outubro de 2018.<\/p>\n<p style=\"text-align: center;\">Sindicato Nacional dos Procuradores da Fazenda Nacional &#8211; SINPROFAZ<br \/>\nAssocia\u00e7\u00e3o dos Membros das Carreiras da Advocacia-Geral da Uni\u00e3o &#8211; ANAJUR<br \/>\nAssocia\u00e7\u00e3o Nacional dos Advogados da Uni\u00e3o &#8211; ANAUNI<br \/>\nAssocia\u00e7\u00e3o Nacional dos Procuradores e Advogados P\u00fablicos Federais &#8211; ANPPREV<\/p>\n","protected":false},"excerpt":{"rendered":"<p>O F\u00f3rum Nacional da Advocacia P\u00fablica Federal, presidido pelo SINPROFAZ, comunica que o processo de vota\u00e7\u00e3o da 1\u00aa fase da LISTA TR\u00cdPLICE AGU (www.listatripliceagu.com.br) teve seu prazo prorrogado at\u00e9 o dia 16 de outubro de 2018. Saiba mais!<\/p>\n","protected":false},"author":2,"featured_media":8076,"comment_status":"open","ping_status":"open","sticky":false,"template":"","format":"standard","meta":{"footnotes":""},"categories":[8],"tags":[66,43,25],"featured_image_url":"https:\/\/sinprofaz.org.br\/2024\/wp-content\/uploads\/2018\/04\/logo-forvm-300x198.jpg","character_count":375,"formatted_date":"11\/10\/2018 - 17:00","contentNovo":"Prezados associados das entidades integrantes do FORVM, comunicamos que o prazo de vota\u00e7\u00e3o da primeira fase da LISTA TR\u00cdPLICE foi prorrogado at\u00e9 o dia 16 de outubro.\r\n\r\nAt\u00e9 esta data (ter\u00e7a-feira pr\u00f3xima), os filiados poder\u00e3o votar em qualquer integrante das respectivas carreiras, podendo escolher at\u00e9 05 (cinco) nomes.\r\n\r\nAs demais datas previstas no Edital divulgado permanecem inalteradas.\r\n\r\n&nbsp;\r\n\r\n&nbsp;\r\n<p style=\"text-align: center;\">Bras\u00edlia, 11 de outubro de 2018.<\/p>\r\n<p style=\"text-align: center;\">Sindicato Nacional dos Procuradores da Fazenda Nacional - SINPROFAZ\r\nAssocia\u00e7\u00e3o dos Membros das Carreiras da Advocacia-Geral da Uni\u00e3o - ANAJUR\r\nAssocia\u00e7\u00e3o Nacional dos Advogados da Uni\u00e3o - ANAUNI\r\nAssocia\u00e7\u00e3o Nacional dos Procuradores e Advogados P\u00fablicos Federais - ANPPREV<\/p>","_links":{"self":[{"href":"https:\/\/sinprofaz.org.br\/2024\/wp-json\/wp\/v2\/posts\/8699"}],"collection":[{"href":"https:\/\/sinprofaz.org.br\/2024\/wp-json\/wp\/v2\/posts"}],"about":[{"href":"https:\/\/sinprofaz.org.br\/2024\/wp-json\/wp\/v2\/types\/post"}],"author":[{"embeddable":true,"href":"https:\/\/sinprofaz.org.br\/2024\/wp-json\/wp\/v2\/users\/2"}],"replies":[{"embeddable":true,"href":"https:\/\/sinprofaz.org.br\/2024\/wp-json\/wp\/v2\/comments?post=8699"}],"version-history":[{"count":10,"href":"https:\/\/sinprofaz.org.br\/2024\/wp-json\/wp\/v2\/posts\/8699\/revisions"}],"predecessor-version":[{"id":8710,"href":"https:\/\/sinprofaz.org.br\/2024\/wp-json\/wp\/v2\/posts\/8699\/revisions\/8710"}],"wp:featuredmedia":[{"embeddable":true,"href":"https:\/\/sinprofaz.org.br\/2024\/wp-json\/wp\/v2\/media\/8076"}],"wp:attachment":[{"href":"https:\/\/sinprofaz.org.br\/2024\/wp-json\/wp\/v2\/media?parent=8699"}],"wp:term":[{"taxonomy":"category","embeddable":true,"href":"https:\/\/sinprofaz.org.br\/2024\/wp-json\/wp\/v2\/categories?post=8699"},{"taxonomy":"post_tag","embeddable":true,"href":"https:\/\/sinprofaz.org.br\/2024\/wp-json\/wp\/v2\/tags?post=8699"}],"curies":[{"name":"wp","href":"https:\/\/api.w.org\/{rel}","templated":true}]}}