{"id":8686,"date":"2018-10-10T08:35:32","date_gmt":"2018-10-10T11:35:32","guid":{"rendered":"http:\/\/www.sinprofaz.org.br\/?p=8686"},"modified":"2018-10-11T17:02:45","modified_gmt":"2018-10-11T20:02:45","slug":"em-reuniao-do-fonacate-sinprofaz-faz-avaliacao-do-cenario-politico","status":"publish","type":"post","link":"https:\/\/sinprofaz.org.br\/2024\/noticias\/em-reuniao-do-fonacate-sinprofaz-faz-avaliacao-do-cenario-politico\/","title":{"rendered":"EM REUNI\u00c3O DO FONACATE, SINPROFAZ FAZ AVALIA\u00c7\u00c3O DO CEN\u00c1RIO POL\u00cdTICO"},"content":{"rendered":"<p>O SINPROFAZ, representado pelo presidente Achilles Frias e pelos diretores S\u00e9rgio Carneiro e Ernane Brito, compareceu ontem (9) \u00e0 reuni\u00e3o do Conselho Deliberativo do F\u00f3rum Nacional Permanente de Carreiras T\u00edpicas de Estado, o Fonacate. No encontro realizado em Bras\u00edlia\/DF, os representantes sindicais e associativos fizeram uma avalia\u00e7\u00e3o das elei\u00e7\u00f5es 2018 levando em conta o cen\u00e1rio que se desenha nos estados, no DF, no Congresso Nacional e na presid\u00eancia da Rep\u00fablica.<\/p>\n<p>Na oportunidade da reuni\u00e3o, foram reportadas as a\u00e7\u00f5es contra a Medida Provis\u00f3ria 849\/2018, que posterga para 2020 a \u00faltima parcela dos reajustes salariais dos servidores federais. No Supremo Tribunal Federal, o presidente Dias Toffoli definiu o ministro Ricardo Lewandowski como relator \u00fanico dos processos que contestam a MP, a qual vem sendo alvo de oposi\u00e7\u00e3o do Fonacate desde a publica\u00e7\u00e3o. S\u00e3o pelo menos seis a\u00e7\u00f5es na Corte sobre o assunto.<\/p>\n<p>Em apoio \u00e0s entidades do F\u00f3rum, o senador Paulo Paim (PT\/RS) gravou um v\u00eddeo informando ter requerido ao presidente do Senado a rejei\u00e7\u00e3o integral da Medida. Considerando a possibilidade de o pleito n\u00e3o ser atendido, entretanto, o parlamentar apresentou uma s\u00e9rie de emendas que corrigem os principais equ\u00edvocos do texto. O deputado Rog\u00e9rio Rosso (PDB\/DF) tamb\u00e9m se comprometeu a lutar contra a Medida, tendo contatado Eun\u00edcio Oliveira (MDB\/CE) e solicitado a devolu\u00e7\u00e3o da MP.<\/p>\n<p>Durante a reuni\u00e3o, foi relatada ainda a participa\u00e7\u00e3o do Fonacate na audi\u00eancia p\u00fablica sobre a PEC 56\/2014. Na audi\u00eancia, promovida pela Comiss\u00e3o de Direitos Humanos e Legisla\u00e7\u00e3o Participativa do Senado Federal, discutiram-se detalhes da proposta, a qual concede proventos integrais ao servidor que ingressou no servi\u00e7o p\u00fablico at\u00e9 2003 e for aposentado por invalidez permanente, independentemente da circunst\u00e2ncia que motivou a aposentadoria. A PEC est\u00e1 pronta para delibera\u00e7\u00e3o em Plen\u00e1rio.<\/p>\n<p>Por fim, foram apresentados os regulamentos das elei\u00e7\u00f5es para Diretoria e Conselho Fiscal do Fonacate, tri\u00eanio 2019-2021, e para a Funpresp. No pr\u00f3ximo ano, os participantes e assistidos da Funpresp-Exe escolher\u00e3o seus representantes nos conselhos Deliberativo e Fiscal e nos comit\u00eas de assessoramento t\u00e9cnico do ExecPrev e LegisPrev. Ser\u00e3o 10 eleitos no total, entre titulares e suplentes, para um mandato de quatro anos. Saiba mais em <a href=\"https:\/\/www.funpresp.com.br\/eleicoes-funpresp\">www.funpresp.com.br\/eleicoes-funpresp<\/a>.<\/p>\n\n\t\t<style type=\"text\/css\">\n\t\t\t#gallery-1 {\n\t\t\t\tmargin: auto;\n\t\t\t}\n\t\t\t#gallery-1 .gallery-item {\n\t\t\t\tfloat: left;\n\t\t\t\tmargin-top: 10px;\n\t\t\t\ttext-align: center;\n\t\t\t\twidth: 33%;\n\t\t\t}\n\t\t\t#gallery-1 img {\n\t\t\t\tborder: 2px solid #cfcfcf;\n\t\t\t}\n\t\t\t#gallery-1 .gallery-caption {\n\t\t\t\tmargin-left: 0;\n\t\t\t}\n\t\t\t\/* see gallery_shortcode() in wp-includes\/media.php *\/\n\t\t<\/style>\n\t\t<div id='gallery-1' class='gallery galleryid-8686 gallery-columns-3 gallery-size-thumbnail'><dl class='gallery-item'>\n\t\t\t<dt class='gallery-icon landscape'>\n\t\t\t\t<a href='https:\/\/sinprofaz.org.br\/2024\/wp-content\/uploads\/2018\/10\/02-1.jpg'><img loading=\"lazy\" decoding=\"async\" width=\"150\" height=\"150\" src=\"https:\/\/sinprofaz.org.br\/2024\/wp-content\/uploads\/2018\/10\/02-1-150x150.jpg\" class=\"attachment-thumbnail size-thumbnail\" alt=\"\" \/><\/a>\n\t\t\t<\/dt><\/dl><dl class='gallery-item'>\n\t\t\t<dt class='gallery-icon landscape'>\n\t\t\t\t<a href='https:\/\/sinprofaz.org.br\/2024\/wp-content\/uploads\/2018\/10\/03-1.jpg'><img loading=\"lazy\" decoding=\"async\" width=\"150\" height=\"150\" src=\"https:\/\/sinprofaz.org.br\/2024\/wp-content\/uploads\/2018\/10\/03-1-150x150.jpg\" class=\"attachment-thumbnail size-thumbnail\" alt=\"\" \/><\/a>\n\t\t\t<\/dt><\/dl><dl class='gallery-item'>\n\t\t\t<dt class='gallery-icon landscape'>\n\t\t\t\t<a href='https:\/\/sinprofaz.org.br\/2024\/wp-content\/uploads\/2018\/10\/04.jpg'><img loading=\"lazy\" decoding=\"async\" width=\"150\" height=\"150\" src=\"https:\/\/sinprofaz.org.br\/2024\/wp-content\/uploads\/2018\/10\/04-150x150.jpg\" class=\"attachment-thumbnail size-thumbnail\" alt=\"\" \/><\/a>\n\t\t\t<\/dt><\/dl><br style=\"clear: both\" \/>\n\t\t<\/div>\n\n","protected":false},"excerpt":{"rendered":"<p>O SINPROFAZ, representado pelo presidente Achilles Frias e pelos diretores S\u00e9rgio Carneiro e Ernane Brito, compareceu ontem (9) \u00e0 reuni\u00e3o do F\u00f3rum Nacional Permanente de Carreiras T\u00edpicas de Estado, o Fonacate. O encontro foi realizado em Bras\u00edlia\/DF.<\/p>\n","protected":false},"author":2,"featured_media":8687,"comment_status":"open","ping_status":"open","sticky":false,"template":"","format":"standard","meta":{"footnotes":""},"categories":[8],"tags":[93,122,25],"featured_image_url":"https:\/\/sinprofaz.org.br\/2024\/wp-content\/uploads\/2018\/10\/01-2-800x198.jpg","character_count":1401,"formatted_date":"10\/10\/2018 - 08:35","contentNovo":"O SINPROFAZ, representado pelo presidente Achilles Frias e pelos diretores S\u00e9rgio Carneiro e Ernane Brito, compareceu ontem (9) \u00e0 reuni\u00e3o do Conselho Deliberativo do F\u00f3rum Nacional Permanente de Carreiras T\u00edpicas de Estado, o Fonacate. No encontro realizado em Bras\u00edlia\/DF, os representantes sindicais e associativos fizeram uma avalia\u00e7\u00e3o das elei\u00e7\u00f5es 2018 levando em conta o cen\u00e1rio que se desenha nos estados, no DF, no Congresso Nacional e na presid\u00eancia da Rep\u00fablica.\r\n\r\nNa oportunidade da reuni\u00e3o, foram reportadas as a\u00e7\u00f5es contra a Medida Provis\u00f3ria 849\/2018, que posterga para 2020 a \u00faltima parcela dos reajustes salariais dos servidores federais. No Supremo Tribunal Federal, o presidente Dias Toffoli definiu o ministro Ricardo Lewandowski como relator \u00fanico dos processos que contestam a MP, a qual vem sendo alvo de oposi\u00e7\u00e3o do Fonacate desde a publica\u00e7\u00e3o. S\u00e3o pelo menos seis a\u00e7\u00f5es na Corte sobre o assunto.\r\n\r\nEm apoio \u00e0s entidades do F\u00f3rum, o senador Paulo Paim (PT\/RS) gravou um v\u00eddeo informando ter requerido ao presidente do Senado a rejei\u00e7\u00e3o integral da Medida. Considerando a possibilidade de o pleito n\u00e3o ser atendido, entretanto, o parlamentar apresentou uma s\u00e9rie de emendas que corrigem os principais equ\u00edvocos do texto. O deputado Rog\u00e9rio Rosso (PDB\/DF) tamb\u00e9m se comprometeu a lutar contra a Medida, tendo contatado Eun\u00edcio Oliveira (MDB\/CE) e solicitado a devolu\u00e7\u00e3o da MP.\r\n\r\nDurante a reuni\u00e3o, foi relatada ainda a participa\u00e7\u00e3o do Fonacate na audi\u00eancia p\u00fablica sobre a PEC 56\/2014. Na audi\u00eancia, promovida pela Comiss\u00e3o de Direitos Humanos e Legisla\u00e7\u00e3o Participativa do Senado Federal, discutiram-se detalhes da proposta, a qual concede proventos integrais ao servidor que ingressou no servi\u00e7o p\u00fablico at\u00e9 2003 e for aposentado por invalidez permanente, independentemente da circunst\u00e2ncia que motivou a aposentadoria. A PEC est\u00e1 pronta para delibera\u00e7\u00e3o em Plen\u00e1rio.\r\n\r\nPor fim, foram apresentados os regulamentos das elei\u00e7\u00f5es para Diretoria e Conselho Fiscal do Fonacate, tri\u00eanio 2019-2021, e para a Funpresp. No pr\u00f3ximo ano, os participantes e assistidos da Funpresp-Exe escolher\u00e3o seus representantes nos conselhos Deliberativo e Fiscal e nos comit\u00eas de assessoramento t\u00e9cnico do ExecPrev e LegisPrev. Ser\u00e3o 10 eleitos no total, entre titulares e suplentes, para um mandato de quatro anos. Saiba mais em <a href=\"https:\/\/www.funpresp.com.br\/eleicoes-funpresp\">www.funpresp.com.br\/eleicoes-funpresp<\/a>.\r\n\r\n[gallery link=\"file\" ids=\"8688,8689,8690\"]","_links":{"self":[{"href":"https:\/\/sinprofaz.org.br\/2024\/wp-json\/wp\/v2\/posts\/8686"}],"collection":[{"href":"https:\/\/sinprofaz.org.br\/2024\/wp-json\/wp\/v2\/posts"}],"about":[{"href":"https:\/\/sinprofaz.org.br\/2024\/wp-json\/wp\/v2\/types\/post"}],"author":[{"embeddable":true,"href":"https:\/\/sinprofaz.org.br\/2024\/wp-json\/wp\/v2\/users\/2"}],"replies":[{"embeddable":true,"href":"https:\/\/sinprofaz.org.br\/2024\/wp-json\/wp\/v2\/comments?post=8686"}],"version-history":[{"count":1,"href":"https:\/\/sinprofaz.org.br\/2024\/wp-json\/wp\/v2\/posts\/8686\/revisions"}],"predecessor-version":[{"id":8691,"href":"https:\/\/sinprofaz.org.br\/2024\/wp-json\/wp\/v2\/posts\/8686\/revisions\/8691"}],"wp:featuredmedia":[{"embeddable":true,"href":"https:\/\/sinprofaz.org.br\/2024\/wp-json\/wp\/v2\/media\/8687"}],"wp:attachment":[{"href":"https:\/\/sinprofaz.org.br\/2024\/wp-json\/wp\/v2\/media?parent=8686"}],"wp:term":[{"taxonomy":"category","embeddable":true,"href":"https:\/\/sinprofaz.org.br\/2024\/wp-json\/wp\/v2\/categories?post=8686"},{"taxonomy":"post_tag","embeddable":true,"href":"https:\/\/sinprofaz.org.br\/2024\/wp-json\/wp\/v2\/tags?post=8686"}],"curies":[{"name":"wp","href":"https:\/\/api.w.org\/{rel}","templated":true}]}}