{"id":8653,"date":"2018-09-19T08:49:11","date_gmt":"2018-09-19T11:49:11","guid":{"rendered":"http:\/\/www.sinprofaz.org.br\/?p=8653"},"modified":"2018-09-27T10:22:03","modified_gmt":"2018-09-27T13:22:03","slug":"em-reuniao-sinprofaz-debate-atuacao-estrategica-do-fonacate","status":"publish","type":"post","link":"https:\/\/sinprofaz.org.br\/2024\/noticias\/em-reuniao-sinprofaz-debate-atuacao-estrategica-do-fonacate\/","title":{"rendered":"EM REUNI\u00c3O, SINPROFAZ DEBATE ATUA\u00c7\u00c3O ESTRAT\u00c9GICA DO FONACATE"},"content":{"rendered":"<p>O SINPROFAZ, representado pelo presidente Achilles Frias, compareceu ontem (18) \u00e0 reuni\u00e3o do Conselho Deliberativo do F\u00f3rum Nacional Permanente de Carreiras T\u00edpicas de Estado, o Fonacate. No encontro realizado em Bras\u00edlia\/DF, os representantes sindicais e associativos analisaram o parecer do Conselho Fiscal a respeito das contas de 2017 e discutiram pautas pol\u00edticas concernentes ao funcionalismo federal.<\/p>\n<p>Na oportunidade, foram reportadas as a\u00e7\u00f5es do Fonacate contra a Medida Provis\u00f3ria 849\/2018, o mais recente ataque do governo federal aos servidores p\u00fablicos. A MP adia para 2020 a \u00faltima parcela dos reajustes salariais dos servidores federais e vem sendo alvo de contesta\u00e7\u00f5es do Fonacate desde a sua publica\u00e7\u00e3o. Na semana passada, o ministro Ricardo Lewandowski, do Supremo Tribunal Federal (STF), oficiou o presidente do Senado Federal, Eun\u00edcio Oliveira (MDB\/CE), para se manifestar sobre a quest\u00e3o. O ministro \u00e9 relator de a\u00e7\u00f5es ajuizadas no STF que contestam a Medida.<\/p>\n<p>Em apoio \u00e0s entidades do F\u00f3rum, o senador Paulo Paim (PT\/RS) gravou um v\u00eddeo informando ter requerido ao presidente do Senado a rejei\u00e7\u00e3o integral da Medida. Considerando a possibilidade de o pleito n\u00e3o ser atendido, entretanto, o parlamentar apresentou uma s\u00e9rie de emendas que corrigem os principais equ\u00edvocos do texto. O deputado Rog\u00e9rio Rosso (PDB\/DF), durante encontro com representantes do Fonacate, tamb\u00e9m se comprometeu a lutar contra a Medida, tendo contatado Eun\u00edcio Oliveira e solicitado a devolu\u00e7\u00e3o da MP.<\/p>\n<p>A PEC 56\/2014, relativa \u00e0 aposentadoria integral por invalidez, tamb\u00e9m foi pauta da reuni\u00e3o, na qual discutiu-se ainda a possibilidade de apoio individual das lideran\u00e7as sindicais a candidatos pol\u00edticos comprometidos com o funcionalismo p\u00fablico. A reuni\u00e3o do Fonacate contou, inclusive, com a manifesta\u00e7\u00e3o de alguns candidatos \u00e0s elei\u00e7\u00f5es de outubro.<\/p>\n\n\t\t<style type=\"text\/css\">\n\t\t\t#gallery-1 {\n\t\t\t\tmargin: auto;\n\t\t\t}\n\t\t\t#gallery-1 .gallery-item {\n\t\t\t\tfloat: left;\n\t\t\t\tmargin-top: 10px;\n\t\t\t\ttext-align: center;\n\t\t\t\twidth: 33%;\n\t\t\t}\n\t\t\t#gallery-1 img {\n\t\t\t\tborder: 2px solid #cfcfcf;\n\t\t\t}\n\t\t\t#gallery-1 .gallery-caption {\n\t\t\t\tmargin-left: 0;\n\t\t\t}\n\t\t\t\/* see gallery_shortcode() in wp-includes\/media.php *\/\n\t\t<\/style>\n\t\t<div id='gallery-1' class='gallery galleryid-8653 gallery-columns-3 gallery-size-thumbnail'><dl class='gallery-item'>\n\t\t\t<dt class='gallery-icon landscape'>\n\t\t\t\t<a href='https:\/\/sinprofaz.org.br\/2024\/wp-content\/uploads\/2018\/09\/02-4.jpg'><img loading=\"lazy\" decoding=\"async\" width=\"150\" height=\"150\" src=\"https:\/\/sinprofaz.org.br\/2024\/wp-content\/uploads\/2018\/09\/02-4-150x150.jpg\" class=\"attachment-thumbnail size-thumbnail\" alt=\"\" \/><\/a>\n\t\t\t<\/dt><\/dl><dl class='gallery-item'>\n\t\t\t<dt class='gallery-icon landscape'>\n\t\t\t\t<a href='https:\/\/sinprofaz.org.br\/2024\/wp-content\/uploads\/2018\/09\/03-2.jpg'><img loading=\"lazy\" decoding=\"async\" width=\"150\" height=\"150\" src=\"https:\/\/sinprofaz.org.br\/2024\/wp-content\/uploads\/2018\/09\/03-2-150x150.jpg\" class=\"attachment-thumbnail size-thumbnail\" alt=\"\" \/><\/a>\n\t\t\t<\/dt><\/dl>\n\t\t\t<br style='clear: both' \/>\n\t\t<\/div>\n\n","protected":false},"excerpt":{"rendered":"<p>Na oportunidade, foram reportadas as a\u00e7\u00f5es do Fonacate contra a MP 849\/18, o mais recente ataque do governo aos servidores p\u00fablicos. A MP adia para 2020 a \u00faltima parcela dos reajustes salariais dos servidores federais e vem sendo alvo de contesta\u00e7\u00f5es desde a publica\u00e7\u00e3o.<\/p>\n","protected":false},"author":2,"featured_media":8654,"comment_status":"open","ping_status":"open","sticky":false,"template":"","format":"standard","meta":{"footnotes":""},"categories":[8],"tags":[32,122,25],"featured_image_url":"https:\/\/sinprofaz.org.br\/2024\/wp-content\/uploads\/2018\/09\/01-9-800x198.jpg","character_count":1131,"formatted_date":"19\/09\/2018 - 08:49","contentNovo":"O SINPROFAZ, representado pelo presidente Achilles Frias, compareceu ontem (18) \u00e0 reuni\u00e3o do Conselho Deliberativo do F\u00f3rum Nacional Permanente de Carreiras T\u00edpicas de Estado, o Fonacate. No encontro realizado em Bras\u00edlia\/DF, os representantes sindicais e associativos analisaram o parecer do Conselho Fiscal a respeito das contas de 2017 e discutiram pautas pol\u00edticas concernentes ao funcionalismo federal.\r\n\r\nNa oportunidade, foram reportadas as a\u00e7\u00f5es do Fonacate contra a Medida Provis\u00f3ria 849\/2018, o mais recente ataque do governo federal aos servidores p\u00fablicos. A MP adia para 2020 a \u00faltima parcela dos reajustes salariais dos servidores federais e vem sendo alvo de contesta\u00e7\u00f5es do Fonacate desde a sua publica\u00e7\u00e3o. Na semana passada, o ministro Ricardo Lewandowski, do Supremo Tribunal Federal (STF), oficiou o presidente do Senado Federal, Eun\u00edcio Oliveira (MDB\/CE), para se manifestar sobre a quest\u00e3o. O ministro \u00e9 relator de a\u00e7\u00f5es ajuizadas no STF que contestam a Medida.\r\n\r\nEm apoio \u00e0s entidades do F\u00f3rum, o senador Paulo Paim (PT\/RS) gravou um v\u00eddeo informando ter requerido ao presidente do Senado a rejei\u00e7\u00e3o integral da Medida. Considerando a possibilidade de o pleito n\u00e3o ser atendido, entretanto, o parlamentar apresentou uma s\u00e9rie de emendas que corrigem os principais equ\u00edvocos do texto. O deputado Rog\u00e9rio Rosso (PDB\/DF), durante encontro com representantes do Fonacate, tamb\u00e9m se comprometeu a lutar contra a Medida, tendo contatado Eun\u00edcio Oliveira e solicitado a devolu\u00e7\u00e3o da MP.\r\n\r\nA PEC 56\/2014, relativa \u00e0 aposentadoria integral por invalidez, tamb\u00e9m foi pauta da reuni\u00e3o, na qual discutiu-se ainda a possibilidade de apoio individual das lideran\u00e7as sindicais a candidatos pol\u00edticos comprometidos com o funcionalismo p\u00fablico. A reuni\u00e3o do Fonacate contou, inclusive, com a manifesta\u00e7\u00e3o de alguns candidatos \u00e0s elei\u00e7\u00f5es de outubro.\r\n\r\n[gallery link=\"file\" ids=\"8655,8656\"]","_links":{"self":[{"href":"https:\/\/sinprofaz.org.br\/2024\/wp-json\/wp\/v2\/posts\/8653"}],"collection":[{"href":"https:\/\/sinprofaz.org.br\/2024\/wp-json\/wp\/v2\/posts"}],"about":[{"href":"https:\/\/sinprofaz.org.br\/2024\/wp-json\/wp\/v2\/types\/post"}],"author":[{"embeddable":true,"href":"https:\/\/sinprofaz.org.br\/2024\/wp-json\/wp\/v2\/users\/2"}],"replies":[{"embeddable":true,"href":"https:\/\/sinprofaz.org.br\/2024\/wp-json\/wp\/v2\/comments?post=8653"}],"version-history":[{"count":1,"href":"https:\/\/sinprofaz.org.br\/2024\/wp-json\/wp\/v2\/posts\/8653\/revisions"}],"predecessor-version":[{"id":8657,"href":"https:\/\/sinprofaz.org.br\/2024\/wp-json\/wp\/v2\/posts\/8653\/revisions\/8657"}],"wp:featuredmedia":[{"embeddable":true,"href":"https:\/\/sinprofaz.org.br\/2024\/wp-json\/wp\/v2\/media\/8654"}],"wp:attachment":[{"href":"https:\/\/sinprofaz.org.br\/2024\/wp-json\/wp\/v2\/media?parent=8653"}],"wp:term":[{"taxonomy":"category","embeddable":true,"href":"https:\/\/sinprofaz.org.br\/2024\/wp-json\/wp\/v2\/categories?post=8653"},{"taxonomy":"post_tag","embeddable":true,"href":"https:\/\/sinprofaz.org.br\/2024\/wp-json\/wp\/v2\/tags?post=8653"}],"curies":[{"name":"wp","href":"https:\/\/api.w.org\/{rel}","templated":true}]}}