{"id":8645,"date":"2018-09-18T08:53:23","date_gmt":"2018-09-18T11:53:23","guid":{"rendered":"http:\/\/www.sinprofaz.org.br\/?p=8645"},"modified":"2018-09-18T18:21:11","modified_gmt":"2018-09-18T21:21:11","slug":"pfn-participe-do-4o-congresso-de-direito-tributario-de-juiz-de-fora-e-regiao","status":"publish","type":"post","link":"https:\/\/sinprofaz.org.br\/2024\/noticias\/pfn-participe-do-4o-congresso-de-direito-tributario-de-juiz-de-fora-e-regiao\/","title":{"rendered":"PFN, PARTICIPE DO 4\u00ba CONGRESSO DE DIREITO TRIBUT\u00c1RIO DE JUIZ DE FORA E REGI\u00c3O"},"content":{"rendered":"<p>O Instituto de Estudos Tribut\u00e1rios e de Finan\u00e7as P\u00fablicas de Juiz de Fora e Regi\u00e3o (IDTJF) e a Comiss\u00e3o de Direito Tribut\u00e1rio da 4\u00aa Subse\u00e7\u00e3o da OAB de Minas Gerais convidam a Carreira para o 4\u00ba Congresso de Direito Tribut\u00e1rio de Juiz de Fora e Regi\u00e3o. O evento ocorre de 16 a 18 de outubro, na sede da 4\u00aa Subse\u00e7\u00e3o da OAB de Minas Gerais, em Juiz de Fora, \u00e9 voltado para profissionais e estudantes do Direito e conta com o apoio do SINPROFAZ.<\/p>\n<p>A programa\u00e7\u00e3o do Congresso inclui palestras com especialistas do Direito Tribut\u00e1rio em n\u00edvel nacional, professores doutores de renomadas institui\u00e7\u00f5es de ensino do pa\u00eds e integrantes da OAB\/MG. Entre os palestrantes e membros da Comiss\u00e3o Organizadora, destaca-se o procurador da Fazenda Nacional filiado Daniel Giotti, doutor em Finan\u00e7as P\u00fablicas, Tributa\u00e7\u00e3o e Desenvolvimento; professor de Direito Tribut\u00e1rio e de Direito Financeiro e presidente-fundador do IDTJF.<\/p>\n<p>Al\u00e9m de presidir dois dos pain\u00e9is do evento, Daniel Giotti marcar\u00e1 sua participa\u00e7\u00e3o no Congresso com o lan\u00e7amento do livro \u201cA praticabilidade no Direito Tribut\u00e1rio: controle jur\u00eddico da complexidade na tributa\u00e7\u00e3o\u201d, em sess\u00e3o de aut\u00f3grafos onde a obra poder\u00e1 ser adquirida. Daniel Giotti ainda orientar\u00e1 os debates na mesa tem\u00e1tica \u201cTributa\u00e7\u00e3o, Linguagem e Tipo\u201d, cuja proposta \u00e9 dialogar sobre a tipicidade tribut\u00e1ria com base nas contribui\u00e7\u00f5es de outras \u00e1reas do saber, em julgados nacionais e internacionais e na experi\u00eancia hermen\u00eautica.<\/p>\n<p>Acesse <a href=\"http:\/\/www.idtjf.com.br\/congresso2018\" rel=\"noopener\" target=\"_blank\">www.idtjf.com.br\/congresso2018<\/a> e saiba mais sobre a programa\u00e7\u00e3o do evento e as inscri\u00e7\u00f5es.<\/p>\n","protected":false},"excerpt":{"rendered":"<p>O Instituto de Estudos Tribut\u00e1rios e de Finan\u00e7as P\u00fablicas de Juiz de Fora e Regi\u00e3o (IDTJF) e a Comiss\u00e3o de Direito Tribut\u00e1rio da 4\u00aa Subse\u00e7\u00e3o da OAB de Minas Gerais convidam a Carreira para o 4\u00ba Congresso de Direito Tribut\u00e1rio de Juiz de Fora e Regi\u00e3o.<\/p>\n","protected":false},"author":2,"featured_media":8646,"comment_status":"open","ping_status":"open","sticky":false,"template":"","format":"standard","meta":{"footnotes":""},"categories":[8],"tags":[32,22,25],"featured_image_url":"https:\/\/sinprofaz.org.br\/2024\/wp-content\/uploads\/2018\/09\/01-7-494x198.jpg","character_count":806,"formatted_date":"18\/09\/2018 - 08:53","contentNovo":"O Instituto de Estudos Tribut\u00e1rios e de Finan\u00e7as P\u00fablicas de Juiz de Fora e Regi\u00e3o (IDTJF) e a Comiss\u00e3o de Direito Tribut\u00e1rio da 4\u00aa Subse\u00e7\u00e3o da OAB de Minas Gerais convidam a Carreira para o 4\u00ba Congresso de Direito Tribut\u00e1rio de Juiz de Fora e Regi\u00e3o. O evento ocorre de 16 a 18 de outubro, na sede da 4\u00aa Subse\u00e7\u00e3o da OAB de Minas Gerais, em Juiz de Fora, \u00e9 voltado para profissionais e estudantes do Direito e conta com o apoio do SINPROFAZ.\r\n\r\nA programa\u00e7\u00e3o do Congresso inclui palestras com especialistas do Direito Tribut\u00e1rio em n\u00edvel nacional, professores doutores de renomadas institui\u00e7\u00f5es de ensino do pa\u00eds e integrantes da OAB\/MG. Entre os palestrantes e membros da Comiss\u00e3o Organizadora, destaca-se o procurador da Fazenda Nacional filiado Daniel Giotti, doutor em Finan\u00e7as P\u00fablicas, Tributa\u00e7\u00e3o e Desenvolvimento; professor de Direito Tribut\u00e1rio e de Direito Financeiro e presidente-fundador do IDTJF.\r\n\r\nAl\u00e9m de presidir dois dos pain\u00e9is do evento, Daniel Giotti marcar\u00e1 sua participa\u00e7\u00e3o no Congresso com o lan\u00e7amento do livro \u201cA praticabilidade no Direito Tribut\u00e1rio: controle jur\u00eddico da complexidade na tributa\u00e7\u00e3o\u201d, em sess\u00e3o de aut\u00f3grafos onde a obra poder\u00e1 ser adquirida. Daniel Giotti ainda orientar\u00e1 os debates na mesa tem\u00e1tica \u201cTributa\u00e7\u00e3o, Linguagem e Tipo\u201d, cuja proposta \u00e9 dialogar sobre a tipicidade tribut\u00e1ria com base nas contribui\u00e7\u00f5es de outras \u00e1reas do saber, em julgados nacionais e internacionais e na experi\u00eancia hermen\u00eautica.\r\n\r\nAcesse <a href=\"http:\/\/www.idtjf.com.br\/congresso2018\" rel=\"noopener\" target=\"_blank\">www.idtjf.com.br\/congresso2018<\/a> e saiba mais sobre a programa\u00e7\u00e3o do evento e as inscri\u00e7\u00f5es.","_links":{"self":[{"href":"https:\/\/sinprofaz.org.br\/2024\/wp-json\/wp\/v2\/posts\/8645"}],"collection":[{"href":"https:\/\/sinprofaz.org.br\/2024\/wp-json\/wp\/v2\/posts"}],"about":[{"href":"https:\/\/sinprofaz.org.br\/2024\/wp-json\/wp\/v2\/types\/post"}],"author":[{"embeddable":true,"href":"https:\/\/sinprofaz.org.br\/2024\/wp-json\/wp\/v2\/users\/2"}],"replies":[{"embeddable":true,"href":"https:\/\/sinprofaz.org.br\/2024\/wp-json\/wp\/v2\/comments?post=8645"}],"version-history":[{"count":1,"href":"https:\/\/sinprofaz.org.br\/2024\/wp-json\/wp\/v2\/posts\/8645\/revisions"}],"predecessor-version":[{"id":8647,"href":"https:\/\/sinprofaz.org.br\/2024\/wp-json\/wp\/v2\/posts\/8645\/revisions\/8647"}],"wp:featuredmedia":[{"embeddable":true,"href":"https:\/\/sinprofaz.org.br\/2024\/wp-json\/wp\/v2\/media\/8646"}],"wp:attachment":[{"href":"https:\/\/sinprofaz.org.br\/2024\/wp-json\/wp\/v2\/media?parent=8645"}],"wp:term":[{"taxonomy":"category","embeddable":true,"href":"https:\/\/sinprofaz.org.br\/2024\/wp-json\/wp\/v2\/categories?post=8645"},{"taxonomy":"post_tag","embeddable":true,"href":"https:\/\/sinprofaz.org.br\/2024\/wp-json\/wp\/v2\/tags?post=8645"}],"curies":[{"name":"wp","href":"https:\/\/api.w.org\/{rel}","templated":true}]}}