{"id":8635,"date":"2018-09-13T08:37:49","date_gmt":"2018-09-13T11:37:49","guid":{"rendered":"http:\/\/www.sinprofaz.org.br\/?p=8635"},"modified":"2018-09-18T18:20:31","modified_gmt":"2018-09-18T21:20:31","slug":"forum-da-advocacia-publica-debate-medidas-para-defesa-das-prerrogativas","status":"publish","type":"post","link":"https:\/\/sinprofaz.org.br\/2024\/noticias\/forum-da-advocacia-publica-debate-medidas-para-defesa-das-prerrogativas\/","title":{"rendered":"F\u00d3RUM DA ADVOCACIA P\u00daBLICA DEBATE MEDIDAS PARA DEFESA DAS PRERROGATIVAS"},"content":{"rendered":"<p>Os presidentes das entidades que comp\u00f5em o F\u00f3rum Nacional da Advocacia P\u00fablica Federal reuniram-se na quarta-feira (12) em Bras\u00edlia\/DF. A reuni\u00e3o foi pautada pela discuss\u00e3o a respeito de estrat\u00e9gias para defesa das prerrogativas dos advogados p\u00fablicos federais.<\/p>\n<p>Ap\u00f3s os debates, os dirigentes optaram pela atua\u00e7\u00e3o conjunta das entidades por meio do F\u00f3rum e de seu presidente, Achilles Frias, e deliberaram medidas a serem tomadas a curto e a longo prazo. Foram discutidas ainda estrat\u00e9gias para fortalecimento da Advocacia P\u00fablica em \u00e2mbito nacional.<\/p>\n","protected":false},"excerpt":{"rendered":"<p>Os presidentes das entidades que comp\u00f5em o F\u00f3rum Nacional da Advocacia P\u00fablica Federal reuniram-se na quarta-feira. A reuni\u00e3o foi pautada pela discuss\u00e3o a respeito de estrat\u00e9gias para defesa das prerrogativas dos advogados p\u00fablicos federais.<\/p>\n","protected":false},"author":2,"featured_media":8636,"comment_status":"open","ping_status":"open","sticky":false,"template":"","format":"standard","meta":{"footnotes":""},"categories":[8],"tags":[34,32,25],"featured_image_url":"https:\/\/sinprofaz.org.br\/2024\/wp-content\/uploads\/2018\/09\/01-5-800x198.jpg","character_count":283,"formatted_date":"13\/09\/2018 - 08:37","contentNovo":"Os presidentes das entidades que comp\u00f5em o F\u00f3rum Nacional da Advocacia P\u00fablica Federal reuniram-se na quarta-feira (12) em Bras\u00edlia\/DF. A reuni\u00e3o foi pautada pela discuss\u00e3o a respeito de estrat\u00e9gias para defesa das prerrogativas dos advogados p\u00fablicos federais.\r\n\r\nAp\u00f3s os debates, os dirigentes optaram pela atua\u00e7\u00e3o conjunta das entidades por meio do F\u00f3rum e de seu presidente, Achilles Frias, e deliberaram medidas a serem tomadas a curto e a longo prazo. Foram discutidas ainda estrat\u00e9gias para fortalecimento da Advocacia P\u00fablica em \u00e2mbito nacional.","_links":{"self":[{"href":"https:\/\/sinprofaz.org.br\/2024\/wp-json\/wp\/v2\/posts\/8635"}],"collection":[{"href":"https:\/\/sinprofaz.org.br\/2024\/wp-json\/wp\/v2\/posts"}],"about":[{"href":"https:\/\/sinprofaz.org.br\/2024\/wp-json\/wp\/v2\/types\/post"}],"author":[{"embeddable":true,"href":"https:\/\/sinprofaz.org.br\/2024\/wp-json\/wp\/v2\/users\/2"}],"replies":[{"embeddable":true,"href":"https:\/\/sinprofaz.org.br\/2024\/wp-json\/wp\/v2\/comments?post=8635"}],"version-history":[{"count":1,"href":"https:\/\/sinprofaz.org.br\/2024\/wp-json\/wp\/v2\/posts\/8635\/revisions"}],"predecessor-version":[{"id":8637,"href":"https:\/\/sinprofaz.org.br\/2024\/wp-json\/wp\/v2\/posts\/8635\/revisions\/8637"}],"wp:featuredmedia":[{"embeddable":true,"href":"https:\/\/sinprofaz.org.br\/2024\/wp-json\/wp\/v2\/media\/8636"}],"wp:attachment":[{"href":"https:\/\/sinprofaz.org.br\/2024\/wp-json\/wp\/v2\/media?parent=8635"}],"wp:term":[{"taxonomy":"category","embeddable":true,"href":"https:\/\/sinprofaz.org.br\/2024\/wp-json\/wp\/v2\/categories?post=8635"},{"taxonomy":"post_tag","embeddable":true,"href":"https:\/\/sinprofaz.org.br\/2024\/wp-json\/wp\/v2\/tags?post=8635"}],"curies":[{"name":"wp","href":"https:\/\/api.w.org\/{rel}","templated":true}]}}