{"id":8632,"date":"2018-09-12T13:36:52","date_gmt":"2018-09-12T16:36:52","guid":{"rendered":"http:\/\/www.sinprofaz.org.br\/?p=8632"},"modified":"2018-09-18T18:21:26","modified_gmt":"2018-09-18T21:21:26","slug":"sinprofaz-sugere-estrategias-para-defesa-das-prerrogativas-da-carreira","status":"publish","type":"post","link":"https:\/\/sinprofaz.org.br\/2024\/noticias\/sinprofaz-sugere-estrategias-para-defesa-das-prerrogativas-da-carreira\/","title":{"rendered":"SINPROFAZ SUGERE ESTRAT\u00c9GIAS PARA DEFESA DAS PRERROGATIVAS DA CARREIRA"},"content":{"rendered":"<p>O SINPROFAZ, representado pelo presidente Achilles Frias, reuniu-se na quarta-feira (12) com Maria Aparecida Araujo de Siqueira, vice-advogada-geral da Uni\u00e3o. O encontro ocorreu na AGU, em Bras\u00edlia\/DF, e contou tamb\u00e9m com as presen\u00e7as de dirigentes das demais entidades representativas da Advocacia P\u00fablica Federal.<\/p>\n<p>Em pauta ao longo do encontro, esteve principalmente a quest\u00e3o da defesa de prerrogativas dos advogados p\u00fablicos federais. Sobre o tema, Maria Aparecida de Siqueira esclareceu que a AGU est\u00e1 atenta \u00e0s discuss\u00f5es no \u00e2mbito judicial, tendo a pr\u00f3pria Grace Mendon\u00e7a, advogada-geral da Uni\u00e3o, intercedido junto ao TCU para tratar da quest\u00e3o e assegurar os direitos dos advogados p\u00fablicos.<\/p>\n","protected":false},"excerpt":{"rendered":"<p>O SINPROFAZ, representado por Achilles Frias, reuniu-se com Maria Aparecida de Siqueira, vice-advogada-geral da Uni\u00e3o. O encontro contou tamb\u00e9m com as presen\u00e7as de dirigentes das demais entidades representativas da Advocacia P\u00fablica Federal.<\/p>\n","protected":false},"author":2,"featured_media":8633,"comment_status":"open","ping_status":"open","sticky":false,"template":"","format":"standard","meta":{"footnotes":""},"categories":[8],"tags":[34,43,32],"featured_image_url":"https:\/\/sinprofaz.org.br\/2024\/wp-content\/uploads\/2018\/09\/essa-800x198.jpg","character_count":359,"formatted_date":"12\/09\/2018 - 13:36","contentNovo":"O SINPROFAZ, representado pelo presidente Achilles Frias, reuniu-se na quarta-feira (12) com Maria Aparecida Araujo de Siqueira, vice-advogada-geral da Uni\u00e3o. O encontro ocorreu na AGU, em Bras\u00edlia\/DF, e contou tamb\u00e9m com as presen\u00e7as de dirigentes das demais entidades representativas da Advocacia P\u00fablica Federal.\r\n\r\nEm pauta ao longo do encontro, esteve principalmente a quest\u00e3o da defesa de prerrogativas dos advogados p\u00fablicos federais. Sobre o tema, Maria Aparecida de Siqueira esclareceu que a AGU est\u00e1 atenta \u00e0s discuss\u00f5es no \u00e2mbito judicial, tendo a pr\u00f3pria Grace Mendon\u00e7a, advogada-geral da Uni\u00e3o, intercedido junto ao TCU para tratar da quest\u00e3o e assegurar os direitos dos advogados p\u00fablicos.","_links":{"self":[{"href":"https:\/\/sinprofaz.org.br\/2024\/wp-json\/wp\/v2\/posts\/8632"}],"collection":[{"href":"https:\/\/sinprofaz.org.br\/2024\/wp-json\/wp\/v2\/posts"}],"about":[{"href":"https:\/\/sinprofaz.org.br\/2024\/wp-json\/wp\/v2\/types\/post"}],"author":[{"embeddable":true,"href":"https:\/\/sinprofaz.org.br\/2024\/wp-json\/wp\/v2\/users\/2"}],"replies":[{"embeddable":true,"href":"https:\/\/sinprofaz.org.br\/2024\/wp-json\/wp\/v2\/comments?post=8632"}],"version-history":[{"count":1,"href":"https:\/\/sinprofaz.org.br\/2024\/wp-json\/wp\/v2\/posts\/8632\/revisions"}],"predecessor-version":[{"id":8634,"href":"https:\/\/sinprofaz.org.br\/2024\/wp-json\/wp\/v2\/posts\/8632\/revisions\/8634"}],"wp:featuredmedia":[{"embeddable":true,"href":"https:\/\/sinprofaz.org.br\/2024\/wp-json\/wp\/v2\/media\/8633"}],"wp:attachment":[{"href":"https:\/\/sinprofaz.org.br\/2024\/wp-json\/wp\/v2\/media?parent=8632"}],"wp:term":[{"taxonomy":"category","embeddable":true,"href":"https:\/\/sinprofaz.org.br\/2024\/wp-json\/wp\/v2\/categories?post=8632"},{"taxonomy":"post_tag","embeddable":true,"href":"https:\/\/sinprofaz.org.br\/2024\/wp-json\/wp\/v2\/tags?post=8632"}],"curies":[{"name":"wp","href":"https:\/\/api.w.org\/{rel}","templated":true}]}}