{"id":8617,"date":"2018-09-06T08:54:27","date_gmt":"2018-09-06T11:54:27","guid":{"rendered":"http:\/\/www.sinprofaz.org.br\/?p=8617"},"modified":"2021-04-26T17:52:14","modified_gmt":"2021-04-26T20:52:14","slug":"sinprofaz-comparece-a-reuniao-da-comissao-nacional-de-advocacia-publica","status":"publish","type":"post","link":"https:\/\/sinprofaz.org.br\/2024\/noticias\/sinprofaz-comparece-a-reuniao-da-comissao-nacional-de-advocacia-publica\/","title":{"rendered":"SINPROFAZ COMPARECE A REUNI\u00c3O DA COMISS\u00c3O NACIONAL DE ADVOCACIA P\u00daBLICA"},"content":{"rendered":"<p>O SINPROFAZ, representado pelo diretor-jur\u00eddico Roberto Rodrigues e pelo presidente Achilles Frias, compareceu \u00e0 reuni\u00e3o da Comiss\u00e3o Nacional de Advocacia P\u00fablica do Conselho Federal da OAB \u2013 Comiss\u00e3o da qual Roberto Rodrigues \u00e9 membro consultor. O encontro ocorreu na quarta-feira (5), na sede do CFOAB, em Bras\u00edlia\/DF.<\/p>\n<p>Em pauta ao longo da reuni\u00e3o, esteve, especialmente, a quest\u00e3o da defesa de prerrogativas dos advogados p\u00fablicos, visto que a discuss\u00e3o acerca da constitucionalidade delas voltou aos plen\u00e1rios de tribunais federais e estaduais pelo pa\u00eds. Durante o debate, Roberto Rodrigues advertiu que &#8220;este \u00e9 o momento de todas as entidades atuarem de forma estrat\u00e9gica, tendo \u00e0 frente o Conselho Federal da OAB, por meio de sua Comiss\u00e3o Nacional de Advocacia P\u00fablica. Evidentemente, toda a atua\u00e7\u00e3o do Conselho deve estar coordenada com a das entidades&#8221;.<\/p>\n<p>Na mesma reuni\u00e3o, o presidente e o secret\u00e1rio-geral da Comiss\u00e3o, Marcello Terto e Dalton Santos Morais respectivamente, destacaram a atua\u00e7\u00e3o dos dirigentes do SINPROFAZ, os quais, segundo eles, t\u00eam atuado com vasto conhecimento t\u00e9cnico em defesa das prerrogativas da Advocacia P\u00fablica, al\u00e9m de se destacarem pela capacidade de congra\u00e7amento e de interlocu\u00e7\u00e3o entre a OAB e os advogados p\u00fablicos das diversas Carreiras.<\/p>\n<p>Quanto ao tema em debate, presidente e membros consultores ressaltaram que a Comiss\u00e3o permanece atenta \u00e0s discuss\u00f5es no \u00e2mbito judicial e de plant\u00e3o para atuar quando necess\u00e1rio, tendo a seu dispor sustenta\u00e7\u00e3o jur\u00eddica capaz de assegurar os amplos direitos dos advogados p\u00fablicos em face das diverg\u00eancias no Judici\u00e1rio.<\/p>\n\n\t\t<style type=\"text\/css\">\n\t\t\t#gallery-1 {\n\t\t\t\tmargin: auto;\n\t\t\t}\n\t\t\t#gallery-1 .gallery-item {\n\t\t\t\tfloat: left;\n\t\t\t\tmargin-top: 10px;\n\t\t\t\ttext-align: center;\n\t\t\t\twidth: 33%;\n\t\t\t}\n\t\t\t#gallery-1 img {\n\t\t\t\tborder: 2px solid #cfcfcf;\n\t\t\t}\n\t\t\t#gallery-1 .gallery-caption {\n\t\t\t\tmargin-left: 0;\n\t\t\t}\n\t\t\t\/* see gallery_shortcode() in wp-includes\/media.php *\/\n\t\t<\/style>\n\t\t<div id='gallery-1' class='gallery galleryid-8617 gallery-columns-3 gallery-size-thumbnail'><dl class='gallery-item'>\n\t\t\t<dt class='gallery-icon landscape'>\n\t\t\t\t<a href='https:\/\/sinprofaz.org.br\/2024\/wp-content\/uploads\/2018\/09\/02-1.jpg'><img loading=\"lazy\" decoding=\"async\" width=\"150\" height=\"150\" src=\"https:\/\/sinprofaz.org.br\/2024\/wp-content\/uploads\/2018\/09\/02-1-150x150.jpg\" class=\"attachment-thumbnail size-thumbnail\" alt=\"\" \/><\/a>\n\t\t\t<\/dt><\/dl><dl class='gallery-item'>\n\t\t\t<dt class='gallery-icon landscape'>\n\t\t\t\t<a href='https:\/\/sinprofaz.org.br\/2024\/wp-content\/uploads\/2018\/09\/03-1.jpg'><img loading=\"lazy\" decoding=\"async\" width=\"150\" height=\"150\" src=\"https:\/\/sinprofaz.org.br\/2024\/wp-content\/uploads\/2018\/09\/03-1-150x150.jpg\" class=\"attachment-thumbnail size-thumbnail\" alt=\"\" \/><\/a>\n\t\t\t<\/dt><\/dl><dl class='gallery-item'>\n\t\t\t<dt class='gallery-icon landscape'>\n\t\t\t\t<a href='https:\/\/sinprofaz.org.br\/2024\/wp-content\/uploads\/2018\/09\/04-1.jpg'><img loading=\"lazy\" decoding=\"async\" width=\"150\" height=\"150\" src=\"https:\/\/sinprofaz.org.br\/2024\/wp-content\/uploads\/2018\/09\/04-1-150x150.jpg\" class=\"attachment-thumbnail size-thumbnail\" alt=\"\" \/><\/a>\n\t\t\t<\/dt><\/dl><br style=\"clear: both\" \/>\n\t\t<\/div>\n\n","protected":false},"excerpt":{"rendered":"<p>O SINPROFAZ, representado pelo diretor-jur\u00eddico Roberto Rodrigues e pelo presidente Achilles Frias, compareceu \u00e0 reuni\u00e3o da Comiss\u00e3o Nacional de Advocacia P\u00fablica do Conselho Federal da OAB \u2013 Comiss\u00e3o da qual Roberto Rodrigues \u00e9 membro consultor.<\/p>\n","protected":false},"author":2,"featured_media":8618,"comment_status":"open","ping_status":"open","sticky":false,"template":"","format":"standard","meta":{"footnotes":""},"categories":[8],"tags":[34,22,25],"featured_image_url":"https:\/\/sinprofaz.org.br\/2024\/wp-content\/uploads\/2018\/09\/01-3-800x198.jpg","character_count":1020,"formatted_date":"06\/09\/2018 - 08:54","contentNovo":"O SINPROFAZ, representado pelo diretor-jur\u00eddico Roberto Rodrigues e pelo presidente Achilles Frias, compareceu \u00e0 reuni\u00e3o da Comiss\u00e3o Nacional de Advocacia P\u00fablica do Conselho Federal da OAB \u2013 Comiss\u00e3o da qual Roberto Rodrigues \u00e9 membro consultor. O encontro ocorreu na quarta-feira (5), na sede do CFOAB, em Bras\u00edlia\/DF.\r\n\r\nEm pauta ao longo da reuni\u00e3o, esteve, especialmente, a quest\u00e3o da defesa de prerrogativas dos advogados p\u00fablicos, visto que a discuss\u00e3o acerca da constitucionalidade delas voltou aos plen\u00e1rios de tribunais federais e estaduais pelo pa\u00eds. Durante o debate, Roberto Rodrigues advertiu que \"este \u00e9 o momento de todas as entidades atuarem de forma estrat\u00e9gica, tendo \u00e0 frente o Conselho Federal da OAB, por meio de sua Comiss\u00e3o Nacional de Advocacia P\u00fablica. Evidentemente, toda a atua\u00e7\u00e3o do Conselho deve estar coordenada com a das entidades\".\r\n\r\nNa mesma reuni\u00e3o, o presidente e o secret\u00e1rio-geral da Comiss\u00e3o, Marcello Terto e Dalton Santos Morais respectivamente, destacaram a atua\u00e7\u00e3o dos dirigentes do SINPROFAZ, os quais, segundo eles, t\u00eam atuado com vasto conhecimento t\u00e9cnico em defesa das prerrogativas da Advocacia P\u00fablica, al\u00e9m de se destacarem pela capacidade de congra\u00e7amento e de interlocu\u00e7\u00e3o entre a OAB e os advogados p\u00fablicos das diversas Carreiras.\r\n\r\nQuanto ao tema em debate, presidente e membros consultores ressaltaram que a Comiss\u00e3o permanece atenta \u00e0s discuss\u00f5es no \u00e2mbito judicial e de plant\u00e3o para atuar quando necess\u00e1rio, tendo a seu dispor sustenta\u00e7\u00e3o jur\u00eddica capaz de assegurar os amplos direitos dos advogados p\u00fablicos em face das diverg\u00eancias no Judici\u00e1rio.\r\n\r\n[gallery link=\"file\" ids=\"8619,8620,8621\"]","_links":{"self":[{"href":"https:\/\/sinprofaz.org.br\/2024\/wp-json\/wp\/v2\/posts\/8617"}],"collection":[{"href":"https:\/\/sinprofaz.org.br\/2024\/wp-json\/wp\/v2\/posts"}],"about":[{"href":"https:\/\/sinprofaz.org.br\/2024\/wp-json\/wp\/v2\/types\/post"}],"author":[{"embeddable":true,"href":"https:\/\/sinprofaz.org.br\/2024\/wp-json\/wp\/v2\/users\/2"}],"replies":[{"embeddable":true,"href":"https:\/\/sinprofaz.org.br\/2024\/wp-json\/wp\/v2\/comments?post=8617"}],"version-history":[{"count":2,"href":"https:\/\/sinprofaz.org.br\/2024\/wp-json\/wp\/v2\/posts\/8617\/revisions"}],"predecessor-version":[{"id":13123,"href":"https:\/\/sinprofaz.org.br\/2024\/wp-json\/wp\/v2\/posts\/8617\/revisions\/13123"}],"wp:featuredmedia":[{"embeddable":true,"href":"https:\/\/sinprofaz.org.br\/2024\/wp-json\/wp\/v2\/media\/8618"}],"wp:attachment":[{"href":"https:\/\/sinprofaz.org.br\/2024\/wp-json\/wp\/v2\/media?parent=8617"}],"wp:term":[{"taxonomy":"category","embeddable":true,"href":"https:\/\/sinprofaz.org.br\/2024\/wp-json\/wp\/v2\/categories?post=8617"},{"taxonomy":"post_tag","embeddable":true,"href":"https:\/\/sinprofaz.org.br\/2024\/wp-json\/wp\/v2\/tags?post=8617"}],"curies":[{"name":"wp","href":"https:\/\/api.w.org\/{rel}","templated":true}]}}