{"id":8581,"date":"2018-08-31T10:20:49","date_gmt":"2018-08-31T13:20:49","guid":{"rendered":"http:\/\/www.sinprofaz.org.br\/?p=8581"},"modified":"2018-08-31T14:58:49","modified_gmt":"2018-08-31T17:58:49","slug":"sinprofaz-participa-de-solenidade-de-posse-dos-novos-membros-do-ccha","status":"publish","type":"post","link":"https:\/\/sinprofaz.org.br\/2024\/noticias\/sinprofaz-participa-de-solenidade-de-posse-dos-novos-membros-do-ccha\/","title":{"rendered":"SINPROFAZ PARTICIPA DE SOLENIDADE DE POSSE DOS NOVOS MEMBROS DO CCHA"},"content":{"rendered":"<p>O SINPROFAZ, representado pelo presidente Achilles Frias e pelo diretor-jur\u00eddico Roberto Rodrigues, compareceu na quinta-feira (30) \u00e0 cerim\u00f4nia de posse dos eleitos para a nova gest\u00e3o do CCHA. A solenidade foi realizada na sede do Conselho Federal da OAB, em Bras\u00edlia\/DF, e contou com membros das quatro Carreiras representadas pelo Conselho Curador.<\/p>\n<p>Para o colegiado, os procuradores da Fazenda Nacional reelegeram Rog\u00e9rio Campos, representante da Carreira desde a cria\u00e7\u00e3o do Conselho, e Ant\u00f4nio Claret de Souza J\u00fanior. No Conselho Fiscal, os PFNs escolheram ser representados por Jos\u00e9 Carlos Loch, delegado sindical do SINPROFAZ que representava a Carreira no Conselho Superior da AGU.<\/p>\n<p>Em nome da nova gest\u00e3o do Conselho, Rog\u00e9rio Campos discursou aos presentes, momento em que ressaltou a import\u00e2ncia do apoio recebido pela AGU. &#8220;O CCHA nos mostrou que a converg\u00eancia \u00e9 o caminho. Rar\u00edssimas vezes n\u00e3o houve unanimidade entre os membros e, quando n\u00e3o houve, tratamo-nos de forma respeitosa. Convergimos tamb\u00e9m com a Administra\u00e7\u00e3o, que nos deu todo o respaldo e foi importante parceira nesse trabalho de elevar o patamar de nossas Carreiras. Sa\u00edmos do zero, de um cen\u00e1rio de incertezas, e contamos com v\u00e1rios soldados, sem os quais n\u00e3o ter\u00edamos chegado aqui.&#8221; <\/p>\n<p>A advogada-geral da Uni\u00e3o encerrou os discursos da solenidade. Segundo Grace Mendon\u00e7a, o ciclo conclu\u00eddo com a renova\u00e7\u00e3o do Conselho foi determinante para a Institui\u00e7\u00e3o. &#8220;Sa\u00fado todos os que at\u00e9 ent\u00e3o integravam o CCHA, assim como os que hoje abra\u00e7am esse novo desafio. Todos os que atuaram no primeiro momento de forma\u00e7\u00e3o do Conselho, de defini\u00e7\u00e3o das atividades, das compet\u00eancias e dos limites, tiveram trabalho e tanto, o qual n\u00f3s, da Administra\u00e7\u00e3o, acompanhamos de perto. Estivemos e continuaremos unidos nessa miss\u00e3o.&#8221;<\/p>\n\n\t\t<style type=\"text\/css\">\n\t\t\t#gallery-1 {\n\t\t\t\tmargin: auto;\n\t\t\t}\n\t\t\t#gallery-1 .gallery-item {\n\t\t\t\tfloat: left;\n\t\t\t\tmargin-top: 10px;\n\t\t\t\ttext-align: center;\n\t\t\t\twidth: 33%;\n\t\t\t}\n\t\t\t#gallery-1 img {\n\t\t\t\tborder: 2px solid #cfcfcf;\n\t\t\t}\n\t\t\t#gallery-1 .gallery-caption {\n\t\t\t\tmargin-left: 0;\n\t\t\t}\n\t\t\t\/* see gallery_shortcode() in wp-includes\/media.php *\/\n\t\t<\/style>\n\t\t<div id='gallery-1' class='gallery galleryid-8581 gallery-columns-3 gallery-size-thumbnail'><dl class='gallery-item'>\n\t\t\t<dt class='gallery-icon landscape'>\n\t\t\t\t<a href='https:\/\/sinprofaz.org.br\/2024\/wp-content\/uploads\/2018\/08\/02-3.jpg'><img loading=\"lazy\" decoding=\"async\" width=\"150\" height=\"150\" src=\"https:\/\/sinprofaz.org.br\/2024\/wp-content\/uploads\/2018\/08\/02-3-150x150.jpg\" class=\"attachment-thumbnail size-thumbnail\" alt=\"\" \/><\/a>\n\t\t\t<\/dt><\/dl><dl class='gallery-item'>\n\t\t\t<dt class='gallery-icon landscape'>\n\t\t\t\t<a href='https:\/\/sinprofaz.org.br\/2024\/wp-content\/uploads\/2018\/08\/03-2.jpg'><img loading=\"lazy\" decoding=\"async\" width=\"150\" height=\"150\" src=\"https:\/\/sinprofaz.org.br\/2024\/wp-content\/uploads\/2018\/08\/03-2-150x150.jpg\" class=\"attachment-thumbnail size-thumbnail\" alt=\"\" \/><\/a>\n\t\t\t<\/dt><\/dl><dl class='gallery-item'>\n\t\t\t<dt class='gallery-icon landscape'>\n\t\t\t\t<a href='https:\/\/sinprofaz.org.br\/2024\/wp-content\/uploads\/2018\/08\/04-1.jpg'><img loading=\"lazy\" decoding=\"async\" width=\"150\" height=\"150\" src=\"https:\/\/sinprofaz.org.br\/2024\/wp-content\/uploads\/2018\/08\/04-1-150x150.jpg\" class=\"attachment-thumbnail size-thumbnail\" alt=\"\" \/><\/a>\n\t\t\t<\/dt><\/dl><br style=\"clear: both\" \/><dl class='gallery-item'>\n\t\t\t<dt class='gallery-icon landscape'>\n\t\t\t\t<a href='https:\/\/sinprofaz.org.br\/2024\/wp-content\/uploads\/2018\/08\/05-1.jpg'><img loading=\"lazy\" decoding=\"async\" width=\"150\" height=\"150\" src=\"https:\/\/sinprofaz.org.br\/2024\/wp-content\/uploads\/2018\/08\/05-1-150x150.jpg\" class=\"attachment-thumbnail size-thumbnail\" alt=\"\" \/><\/a>\n\t\t\t<\/dt><\/dl>\n\t\t\t<br style='clear: both' \/>\n\t\t<\/div>\n\n","protected":false},"excerpt":{"rendered":"<p>O SINPROFAZ compareceu \u00e0 cerim\u00f4nia de posse da nova gest\u00e3o do CCHA. A solenidade foi realizada na sede do Conselho Federal da OAB, em Bras\u00edlia\/DF, e contou com membros das quatro Carreiras representadas pelo Conselho Curador.<\/p>\n","protected":false},"author":2,"featured_media":8584,"comment_status":"open","ping_status":"open","sticky":false,"template":"","format":"standard","meta":{"footnotes":""},"categories":[8],"tags":[43,32,71],"featured_image_url":"https:\/\/sinprofaz.org.br\/2024\/wp-content\/uploads\/2018\/08\/01-4-800x198.jpg","character_count":1126,"formatted_date":"31\/08\/2018 - 10:20","contentNovo":"O SINPROFAZ, representado pelo presidente Achilles Frias e pelo diretor-jur\u00eddico Roberto Rodrigues, compareceu na quinta-feira (30) \u00e0 cerim\u00f4nia de posse dos eleitos para a nova gest\u00e3o do CCHA. A solenidade foi realizada na sede do Conselho Federal da OAB, em Bras\u00edlia\/DF, e contou com membros das quatro Carreiras representadas pelo Conselho Curador.\r\n\r\nPara o colegiado, os procuradores da Fazenda Nacional reelegeram Rog\u00e9rio Campos, representante da Carreira desde a cria\u00e7\u00e3o do Conselho, e Ant\u00f4nio Claret de Souza J\u00fanior. No Conselho Fiscal, os PFNs escolheram ser representados por Jos\u00e9 Carlos Loch, delegado sindical do SINPROFAZ que representava a Carreira no Conselho Superior da AGU.\r\n\r\nEm nome da nova gest\u00e3o do Conselho, Rog\u00e9rio Campos discursou aos presentes, momento em que ressaltou a import\u00e2ncia do apoio recebido pela AGU. \"O CCHA nos mostrou que a converg\u00eancia \u00e9 o caminho. Rar\u00edssimas vezes n\u00e3o houve unanimidade entre os membros e, quando n\u00e3o houve, tratamo-nos de forma respeitosa. Convergimos tamb\u00e9m com a Administra\u00e7\u00e3o, que nos deu todo o respaldo e foi importante parceira nesse trabalho de elevar o patamar de nossas Carreiras. Sa\u00edmos do zero, de um cen\u00e1rio de incertezas, e contamos com v\u00e1rios soldados, sem os quais n\u00e3o ter\u00edamos chegado aqui.\" \r\n\r\nA advogada-geral da Uni\u00e3o encerrou os discursos da solenidade. Segundo Grace Mendon\u00e7a, o ciclo conclu\u00eddo com a renova\u00e7\u00e3o do Conselho foi determinante para a Institui\u00e7\u00e3o. \"Sa\u00fado todos os que at\u00e9 ent\u00e3o integravam o CCHA, assim como os que hoje abra\u00e7am esse novo desafio. Todos os que atuaram no primeiro momento de forma\u00e7\u00e3o do Conselho, de defini\u00e7\u00e3o das atividades, das compet\u00eancias e dos limites, tiveram trabalho e tanto, o qual n\u00f3s, da Administra\u00e7\u00e3o, acompanhamos de perto. Estivemos e continuaremos unidos nessa miss\u00e3o.\"\r\n\r\n[gallery link=\"file\" ids=\"8585,8586,8587,8588\"]","_links":{"self":[{"href":"https:\/\/sinprofaz.org.br\/2024\/wp-json\/wp\/v2\/posts\/8581"}],"collection":[{"href":"https:\/\/sinprofaz.org.br\/2024\/wp-json\/wp\/v2\/posts"}],"about":[{"href":"https:\/\/sinprofaz.org.br\/2024\/wp-json\/wp\/v2\/types\/post"}],"author":[{"embeddable":true,"href":"https:\/\/sinprofaz.org.br\/2024\/wp-json\/wp\/v2\/users\/2"}],"replies":[{"embeddable":true,"href":"https:\/\/sinprofaz.org.br\/2024\/wp-json\/wp\/v2\/comments?post=8581"}],"version-history":[{"count":1,"href":"https:\/\/sinprofaz.org.br\/2024\/wp-json\/wp\/v2\/posts\/8581\/revisions"}],"predecessor-version":[{"id":8589,"href":"https:\/\/sinprofaz.org.br\/2024\/wp-json\/wp\/v2\/posts\/8581\/revisions\/8589"}],"wp:featuredmedia":[{"embeddable":true,"href":"https:\/\/sinprofaz.org.br\/2024\/wp-json\/wp\/v2\/media\/8584"}],"wp:attachment":[{"href":"https:\/\/sinprofaz.org.br\/2024\/wp-json\/wp\/v2\/media?parent=8581"}],"wp:term":[{"taxonomy":"category","embeddable":true,"href":"https:\/\/sinprofaz.org.br\/2024\/wp-json\/wp\/v2\/categories?post=8581"},{"taxonomy":"post_tag","embeddable":true,"href":"https:\/\/sinprofaz.org.br\/2024\/wp-json\/wp\/v2\/tags?post=8581"}],"curies":[{"name":"wp","href":"https:\/\/api.w.org\/{rel}","templated":true}]}}