{"id":8575,"date":"2018-08-30T12:00:47","date_gmt":"2018-08-30T15:00:47","guid":{"rendered":"http:\/\/www.sinprofaz.org.br\/?p=8575"},"modified":"2018-08-31T10:22:18","modified_gmt":"2018-08-31T13:22:18","slug":"sinprofaz-se-reune-com-presidente-da-anauni","status":"publish","type":"post","link":"https:\/\/sinprofaz.org.br\/2024\/noticias\/sinprofaz-se-reune-com-presidente-da-anauni\/","title":{"rendered":"SINPROFAZ SE RE\u00daNE COM PRESIDENTE DA ANAUNI"},"content":{"rendered":"<p>O SINPROFAZ, representado pelo presidente Achilles Frias, reuniu-se na quarta-feira (29) com M\u00e1rcia David, presidente da Associa\u00e7\u00e3o Nacional dos Advogados da Uni\u00e3o &#8211; ANAUNI. O encontro ocorreu em Bras\u00edlia\/DF, na sede do SINPROFAZ.<\/p>\n<p>No intuito de intensificar o trabalho em prol do fortalecimento da Advocacia P\u00fablica Federal, os presidentes de SINPROFAZ e ANAUNI debateram estrat\u00e9gias para atua\u00e7\u00e3o conjunta, especialmente junto \u00e0 c\u00fapula da Advocacia-Geral da Uni\u00e3o. Levando em conta o momento pol\u00edtico, discutiram-se tamb\u00e9m os temas que devem pautar o Congresso Nacional no in\u00edcio do pr\u00f3ximo mandato legislativo.<\/p>\n\n\t\t<style type=\"text\/css\">\n\t\t\t#gallery-1 {\n\t\t\t\tmargin: auto;\n\t\t\t}\n\t\t\t#gallery-1 .gallery-item {\n\t\t\t\tfloat: left;\n\t\t\t\tmargin-top: 10px;\n\t\t\t\ttext-align: center;\n\t\t\t\twidth: 33%;\n\t\t\t}\n\t\t\t#gallery-1 img {\n\t\t\t\tborder: 2px solid #cfcfcf;\n\t\t\t}\n\t\t\t#gallery-1 .gallery-caption {\n\t\t\t\tmargin-left: 0;\n\t\t\t}\n\t\t\t\/* see gallery_shortcode() in wp-includes\/media.php *\/\n\t\t<\/style>\n\t\t<div id='gallery-1' class='gallery galleryid-8575 gallery-columns-3 gallery-size-thumbnail'><dl class='gallery-item'>\n\t\t\t<dt class='gallery-icon landscape'>\n\t\t\t\t<a href='https:\/\/sinprofaz.org.br\/2024\/wp-content\/uploads\/2018\/08\/02-2.jpg'><img loading=\"lazy\" decoding=\"async\" width=\"150\" height=\"150\" src=\"https:\/\/sinprofaz.org.br\/2024\/wp-content\/uploads\/2018\/08\/02-2-150x150.jpg\" class=\"attachment-thumbnail size-thumbnail\" alt=\"\" \/><\/a>\n\t\t\t<\/dt><\/dl>\n\t\t\t<br style='clear: both' \/>\n\t\t<\/div>\n\n","protected":false},"excerpt":{"rendered":"<p>O SINPROFAZ, representado pelo presidente Achilles Frias, reuniu-se na quarta-feira (29) com M\u00e1rcia David, presidente da Associa\u00e7\u00e3o Nacional dos Advogados da Uni\u00e3o &#8211; ANAUNI. O encontro ocorreu em Bras\u00edlia\/DF, na sede do SINPROFAZ, onde foi debatida a atua\u00e7\u00e3o conjunta.<\/p>\n","protected":false},"author":2,"featured_media":8576,"comment_status":"open","ping_status":"open","sticky":false,"template":"","format":"standard","meta":{"footnotes":""},"categories":[8],"tags":[34,32,25],"featured_image_url":"https:\/\/sinprofaz.org.br\/2024\/wp-content\/uploads\/2018\/08\/01-3-800x198.jpg","character_count":495,"formatted_date":"30\/08\/2018 - 12:00","contentNovo":"O SINPROFAZ, representado pelo presidente Achilles Frias, reuniu-se na quarta-feira (29) com M\u00e1rcia David, presidente da Associa\u00e7\u00e3o Nacional dos Advogados da Uni\u00e3o - ANAUNI. O encontro ocorreu em Bras\u00edlia\/DF, na sede do SINPROFAZ.\r\n\r\nNo intuito de intensificar o trabalho em prol do fortalecimento da Advocacia P\u00fablica Federal, os presidentes de SINPROFAZ e ANAUNI debateram estrat\u00e9gias para atua\u00e7\u00e3o conjunta, especialmente junto \u00e0 c\u00fapula da Advocacia-Geral da Uni\u00e3o. Levando em conta o momento pol\u00edtico, discutiram-se tamb\u00e9m os temas que devem pautar o Congresso Nacional no in\u00edcio do pr\u00f3ximo mandato legislativo.\r\n\r\n[gallery link=\"file\" ids=\"8577\"]","_links":{"self":[{"href":"https:\/\/sinprofaz.org.br\/2024\/wp-json\/wp\/v2\/posts\/8575"}],"collection":[{"href":"https:\/\/sinprofaz.org.br\/2024\/wp-json\/wp\/v2\/posts"}],"about":[{"href":"https:\/\/sinprofaz.org.br\/2024\/wp-json\/wp\/v2\/types\/post"}],"author":[{"embeddable":true,"href":"https:\/\/sinprofaz.org.br\/2024\/wp-json\/wp\/v2\/users\/2"}],"replies":[{"embeddable":true,"href":"https:\/\/sinprofaz.org.br\/2024\/wp-json\/wp\/v2\/comments?post=8575"}],"version-history":[{"count":3,"href":"https:\/\/sinprofaz.org.br\/2024\/wp-json\/wp\/v2\/posts\/8575\/revisions"}],"predecessor-version":[{"id":8580,"href":"https:\/\/sinprofaz.org.br\/2024\/wp-json\/wp\/v2\/posts\/8575\/revisions\/8580"}],"wp:featuredmedia":[{"embeddable":true,"href":"https:\/\/sinprofaz.org.br\/2024\/wp-json\/wp\/v2\/media\/8576"}],"wp:attachment":[{"href":"https:\/\/sinprofaz.org.br\/2024\/wp-json\/wp\/v2\/media?parent=8575"}],"wp:term":[{"taxonomy":"category","embeddable":true,"href":"https:\/\/sinprofaz.org.br\/2024\/wp-json\/wp\/v2\/categories?post=8575"},{"taxonomy":"post_tag","embeddable":true,"href":"https:\/\/sinprofaz.org.br\/2024\/wp-json\/wp\/v2\/tags?post=8575"}],"curies":[{"name":"wp","href":"https:\/\/api.w.org\/{rel}","templated":true}]}}