{"id":8569,"date":"2018-08-30T09:06:53","date_gmt":"2018-08-30T12:06:53","guid":{"rendered":"http:\/\/www.sinprofaz.org.br\/?p=8569"},"modified":"2018-08-30T11:41:57","modified_gmt":"2018-08-30T14:41:57","slug":"forum-da-advocacia-publica-delibera-estrategias-para-fortalecimento-das-carreiras","status":"publish","type":"post","link":"https:\/\/sinprofaz.org.br\/2024\/noticias\/forum-da-advocacia-publica-delibera-estrategias-para-fortalecimento-das-carreiras\/","title":{"rendered":"F\u00d3RUM DA ADVOCACIA P\u00daBLICA DELIBERA ESTRAT\u00c9GIAS PARA FORTALECIMENTO DAS CARREIRAS"},"content":{"rendered":"<p>O F\u00f3rum Nacional da Advocacia P\u00fablica Federal se reuniu em Bras\u00edlia\/DF nessa quarta-feira (29). Na ocasi\u00e3o, Achilles Frias, presidente do SINPROFAZ e do F\u00f3rum, Ruth Miller, presidente da ANAJUR, Antonio Rodrigues, presidente da ANPPREV, e M\u00e1rcia David, presidente da ANAUNI, deliberaram sobre medidas para fortalecimento da Advocacia P\u00fablica em \u00e2mbito nacional.<\/p>\n<p>A reuni\u00e3o contou tamb\u00e9m com as presen\u00e7as de Jos\u00e9 Carlos Loch, delegado sindical do SINPROFAZ e conselheiro fiscal eleito para o CCHA, e de Vera L\u00facia Sarmet, vice-presidente da ANPPREV, os quais contribu\u00edram com a discuss\u00e3o sobre estrat\u00e9gias de atua\u00e7\u00e3o conjunta em prol dos temas de interesse comum das entidades.<\/p>\n\n\t\t<style type=\"text\/css\">\n\t\t\t#gallery-1 {\n\t\t\t\tmargin: auto;\n\t\t\t}\n\t\t\t#gallery-1 .gallery-item {\n\t\t\t\tfloat: left;\n\t\t\t\tmargin-top: 10px;\n\t\t\t\ttext-align: center;\n\t\t\t\twidth: 33%;\n\t\t\t}\n\t\t\t#gallery-1 img {\n\t\t\t\tborder: 2px solid #cfcfcf;\n\t\t\t}\n\t\t\t#gallery-1 .gallery-caption {\n\t\t\t\tmargin-left: 0;\n\t\t\t}\n\t\t\t\/* see gallery_shortcode() in wp-includes\/media.php *\/\n\t\t<\/style>\n\t\t<div id='gallery-1' class='gallery galleryid-8569 gallery-columns-3 gallery-size-thumbnail'><dl class='gallery-item'>\n\t\t\t<dt class='gallery-icon landscape'>\n\t\t\t\t<a href='https:\/\/sinprofaz.org.br\/2024\/wp-content\/uploads\/2018\/08\/02-1.jpg'><img loading=\"lazy\" decoding=\"async\" width=\"150\" height=\"150\" src=\"https:\/\/sinprofaz.org.br\/2024\/wp-content\/uploads\/2018\/08\/02-1-150x150.jpg\" class=\"attachment-thumbnail size-thumbnail\" alt=\"\" \/><\/a>\n\t\t\t<\/dt><\/dl><dl class='gallery-item'>\n\t\t\t<dt class='gallery-icon landscape'>\n\t\t\t\t<a href='https:\/\/sinprofaz.org.br\/2024\/wp-content\/uploads\/2018\/08\/03-1.jpg'><img loading=\"lazy\" decoding=\"async\" width=\"150\" height=\"150\" src=\"https:\/\/sinprofaz.org.br\/2024\/wp-content\/uploads\/2018\/08\/03-1-150x150.jpg\" class=\"attachment-thumbnail size-thumbnail\" alt=\"\" \/><\/a>\n\t\t\t<\/dt><\/dl>\n\t\t\t<br style='clear: both' \/>\n\t\t<\/div>\n\n","protected":false},"excerpt":{"rendered":"<p>O F\u00f3rum Nacional da Advocacia P\u00fablica Federal se reuniu nessa quarta-feira (29). Na ocasi\u00e3o, os presidente de SINPROFAZ, ANAJUR, ANPPREV e ANAUNI deliberaram sobre medidas para fortalecimento da Advocacia P\u00fablica.<\/p>\n","protected":false},"author":2,"featured_media":8570,"comment_status":"open","ping_status":"open","sticky":false,"template":"","format":"standard","meta":{"footnotes":""},"categories":[8],"tags":[32,126,25],"featured_image_url":"https:\/\/sinprofaz.org.br\/2024\/wp-content\/uploads\/2018\/08\/01-2-800x198.jpg","character_count":532,"formatted_date":"30\/08\/2018 - 09:06","contentNovo":"O F\u00f3rum Nacional da Advocacia P\u00fablica Federal se reuniu em Bras\u00edlia\/DF nessa quarta-feira (29). Na ocasi\u00e3o, Achilles Frias, presidente do SINPROFAZ e do F\u00f3rum, Ruth Miller, presidente da ANAJUR, Antonio Rodrigues, presidente da ANPPREV, e M\u00e1rcia David, presidente da ANAUNI, deliberaram sobre medidas para fortalecimento da Advocacia P\u00fablica em \u00e2mbito nacional.\r\n\r\nA reuni\u00e3o contou tamb\u00e9m com as presen\u00e7as de Jos\u00e9 Carlos Loch, delegado sindical do SINPROFAZ e conselheiro fiscal eleito para o CCHA, e de Vera L\u00facia Sarmet, vice-presidente da ANPPREV, os quais contribu\u00edram com a discuss\u00e3o sobre estrat\u00e9gias de atua\u00e7\u00e3o conjunta em prol dos temas de interesse comum das entidades.\r\n\r\n[gallery link=\"file\" ids=\"8571,8572\"]","_links":{"self":[{"href":"https:\/\/sinprofaz.org.br\/2024\/wp-json\/wp\/v2\/posts\/8569"}],"collection":[{"href":"https:\/\/sinprofaz.org.br\/2024\/wp-json\/wp\/v2\/posts"}],"about":[{"href":"https:\/\/sinprofaz.org.br\/2024\/wp-json\/wp\/v2\/types\/post"}],"author":[{"embeddable":true,"href":"https:\/\/sinprofaz.org.br\/2024\/wp-json\/wp\/v2\/users\/2"}],"replies":[{"embeddable":true,"href":"https:\/\/sinprofaz.org.br\/2024\/wp-json\/wp\/v2\/comments?post=8569"}],"version-history":[{"count":2,"href":"https:\/\/sinprofaz.org.br\/2024\/wp-json\/wp\/v2\/posts\/8569\/revisions"}],"predecessor-version":[{"id":8574,"href":"https:\/\/sinprofaz.org.br\/2024\/wp-json\/wp\/v2\/posts\/8569\/revisions\/8574"}],"wp:featuredmedia":[{"embeddable":true,"href":"https:\/\/sinprofaz.org.br\/2024\/wp-json\/wp\/v2\/media\/8570"}],"wp:attachment":[{"href":"https:\/\/sinprofaz.org.br\/2024\/wp-json\/wp\/v2\/media?parent=8569"}],"wp:term":[{"taxonomy":"category","embeddable":true,"href":"https:\/\/sinprofaz.org.br\/2024\/wp-json\/wp\/v2\/categories?post=8569"},{"taxonomy":"post_tag","embeddable":true,"href":"https:\/\/sinprofaz.org.br\/2024\/wp-json\/wp\/v2\/tags?post=8569"}],"curies":[{"name":"wp","href":"https:\/\/api.w.org\/{rel}","templated":true}]}}