{"id":8566,"date":"2018-08-29T08:47:54","date_gmt":"2018-08-29T11:47:54","guid":{"rendered":"http:\/\/www.sinprofaz.org.br\/?p=8566"},"modified":"2018-08-30T11:41:49","modified_gmt":"2018-08-30T14:41:49","slug":"sinprofaz-comparece-a-encontro-da-alianca-latino-americana-anti-contrabando","status":"publish","type":"post","link":"https:\/\/sinprofaz.org.br\/2024\/noticias\/sinprofaz-comparece-a-encontro-da-alianca-latino-americana-anti-contrabando\/","title":{"rendered":"SINPROFAZ COMPARECE A ENCONTRO DA ALIAN\u00c7A LATINO-AMERICANA ANTI CONTRABANDO"},"content":{"rendered":"<p>O SINPROFAZ, representado pelo presidente Achilles Frias, compareceu ontem (28) ao IV Encontro da Alian\u00e7a Latino-americana Anti contrabando &#8211; ALAC. O evento, cujo objetivo \u00e9 estabelecer a\u00e7\u00f5es compartilhadas entre pa\u00edses para o controle do com\u00e9rcio ilegal de produtos como cigarros, t\u00eaxteis, bebidas, alimentos, pl\u00e1sticos e metais, est\u00e1 sendo realizado no Pal\u00e1cio do Itamaraty, em Bras\u00edlia\/DF, e conta com a participa\u00e7\u00e3o de autoridades e especialistas brasileiros e estrangeiros.<\/p>\n<p>O presidente executivo do Instituto Brasileiro de \u00c9tica Concorrencial &#8211; ETCO e co-presidente da ALAC, Edson Luiz Vismona, foi quem abriu as discuss\u00f5es durante a cerim\u00f4nia inaugural, da qual participaram tamb\u00e9m a ministra em exerc\u00edcio do Minist\u00e9rio da Ind\u00fastria, Com\u00e9rcio Exterior e Servi\u00e7os e co-presidente da ALAC, Yana Dumaresq Sobral Alves, e o diretor de Desenvolvimento Industrial da CNI, Carlos Eduardo Abijaodi.<\/p>\n<p>Entre as autoridades presentes e as que participar\u00e3o do evento hoje, destacam-se o ministro das Rela\u00e7\u00f5es Exteriores do Brasil, Aloysio Nunes, o ministro da Seguran\u00e7a P\u00fablica do Brasil, Raul Jungmann, e o ministro do Gabinete de Seguran\u00e7a Institucional da Presid\u00eancia, general S\u00e9rgio Etchegoyen. As a\u00e7\u00f5es da Interpol, os mecanismos de coopera\u00e7\u00e3o aduaneira e as estrat\u00e9gias de combate ao contrabando e \u00e0 lavagem de dinheiro s\u00e3o alguns dos temas discutidos ao longo do encontro.<\/p>\n","protected":false},"excerpt":{"rendered":"<p>Achilles Frias compareceu ao IV Encontro da Alian\u00e7a Latino-americana Anti contrabando. O evento est\u00e1 sendo realizado no Pal\u00e1cio do Itamaraty, em Bras\u00edlia\/DF, e conta com a participa\u00e7\u00e3o de autoridades e especialistas brasileiros e estrangeiros.<\/p>\n","protected":false},"author":2,"featured_media":8567,"comment_status":"open","ping_status":"open","sticky":false,"template":"","format":"standard","meta":{"footnotes":""},"categories":[8],"tags":[32,29,25],"featured_image_url":"https:\/\/sinprofaz.org.br\/2024\/wp-content\/uploads\/2018\/08\/ETCO-800x198.jpg","character_count":712,"formatted_date":"29\/08\/2018 - 08:47","contentNovo":"O SINPROFAZ, representado pelo presidente Achilles Frias, compareceu ontem (28) ao IV Encontro da Alian\u00e7a Latino-americana Anti contrabando - ALAC. O evento, cujo objetivo \u00e9 estabelecer a\u00e7\u00f5es compartilhadas entre pa\u00edses para o controle do com\u00e9rcio ilegal de produtos como cigarros, t\u00eaxteis, bebidas, alimentos, pl\u00e1sticos e metais, est\u00e1 sendo realizado no Pal\u00e1cio do Itamaraty, em Bras\u00edlia\/DF, e conta com a participa\u00e7\u00e3o de autoridades e especialistas brasileiros e estrangeiros.\r\n\r\nO presidente executivo do Instituto Brasileiro de \u00c9tica Concorrencial - ETCO e co-presidente da ALAC, Edson Luiz Vismona, foi quem abriu as discuss\u00f5es durante a cerim\u00f4nia inaugural, da qual participaram tamb\u00e9m a ministra em exerc\u00edcio do Minist\u00e9rio da Ind\u00fastria, Com\u00e9rcio Exterior e Servi\u00e7os e co-presidente da ALAC, Yana Dumaresq Sobral Alves, e o diretor de Desenvolvimento Industrial da CNI, Carlos Eduardo Abijaodi.\r\n\r\nEntre as autoridades presentes e as que participar\u00e3o do evento hoje, destacam-se o ministro das Rela\u00e7\u00f5es Exteriores do Brasil, Aloysio Nunes, o ministro da Seguran\u00e7a P\u00fablica do Brasil, Raul Jungmann, e o ministro do Gabinete de Seguran\u00e7a Institucional da Presid\u00eancia, general S\u00e9rgio Etchegoyen. As a\u00e7\u00f5es da Interpol, os mecanismos de coopera\u00e7\u00e3o aduaneira e as estrat\u00e9gias de combate ao contrabando e \u00e0 lavagem de dinheiro s\u00e3o alguns dos temas discutidos ao longo do encontro.","_links":{"self":[{"href":"https:\/\/sinprofaz.org.br\/2024\/wp-json\/wp\/v2\/posts\/8566"}],"collection":[{"href":"https:\/\/sinprofaz.org.br\/2024\/wp-json\/wp\/v2\/posts"}],"about":[{"href":"https:\/\/sinprofaz.org.br\/2024\/wp-json\/wp\/v2\/types\/post"}],"author":[{"embeddable":true,"href":"https:\/\/sinprofaz.org.br\/2024\/wp-json\/wp\/v2\/users\/2"}],"replies":[{"embeddable":true,"href":"https:\/\/sinprofaz.org.br\/2024\/wp-json\/wp\/v2\/comments?post=8566"}],"version-history":[{"count":1,"href":"https:\/\/sinprofaz.org.br\/2024\/wp-json\/wp\/v2\/posts\/8566\/revisions"}],"predecessor-version":[{"id":8568,"href":"https:\/\/sinprofaz.org.br\/2024\/wp-json\/wp\/v2\/posts\/8566\/revisions\/8568"}],"wp:featuredmedia":[{"embeddable":true,"href":"https:\/\/sinprofaz.org.br\/2024\/wp-json\/wp\/v2\/media\/8567"}],"wp:attachment":[{"href":"https:\/\/sinprofaz.org.br\/2024\/wp-json\/wp\/v2\/media?parent=8566"}],"wp:term":[{"taxonomy":"category","embeddable":true,"href":"https:\/\/sinprofaz.org.br\/2024\/wp-json\/wp\/v2\/categories?post=8566"},{"taxonomy":"post_tag","embeddable":true,"href":"https:\/\/sinprofaz.org.br\/2024\/wp-json\/wp\/v2\/tags?post=8566"}],"curies":[{"name":"wp","href":"https:\/\/api.w.org\/{rel}","templated":true}]}}