{"id":856,"date":"2012-06-18T14:18:22","date_gmt":"2012-06-18T14:18:22","guid":{"rendered":""},"modified":"-0001-11-30T00:00:00","modified_gmt":"-0001-11-30T03:00:00","slug":"honorarios-para-advogados-publicos-em-debate-no-conjur","status":"publish","type":"post","link":"https:\/\/sinprofaz.org.br\/2024\/noticias\/honorarios-para-advogados-publicos-em-debate-no-conjur\/","title":{"rendered":"Honor\u00e1rios para advogados p\u00fablicos em debate no Conjur"},"content":{"rendered":"<p>O texto faz duras cr\u00edticas ao tratamento que o Executivo vem dando ao assunto, se beneficiando indevidamente de uma verba que n\u00e3o lhe pertence.<\/p>\n<p>De acordo com Titonelli, al\u00e9m de a quest\u00e3o estar expressamente prevista na Lei n.\u00ba 8.906\/94, o Estatuto da OAB, \u00e9 preciso afastar qualquer semelhan\u00e7a dos honor\u00e1rios com os subs\u00eddios, j\u00e1 que a verba devida pela parte que perdeu \u00e9 de natureza civil, e n\u00e3o administrativa.<\/p>\n<p>\u201cAcrescente-se que \u00e9 a natureza do representante judicial (o fato de ser advogado) e n\u00e3o a natureza da parte (ser entidade p\u00fablica ou privada) que importa para aferi\u00e7\u00e3o do direito aos honor\u00e1rios. Assim, os Advogados P\u00fablicos, como s\u00e3o Advogados, regularmente inscritos na OAB, submetidos ao Estatuto, tem a titularidade dos honor\u00e1rios\u201d, argumenta o presidente do SINPROFAZ.<\/p>\n<p>As reflex\u00f5es de Titonelli lembram ainda que essa verba \u00e9 uma forma de estimular os profissionais que atuam em defesa do Estado, e que a reten\u00e7\u00e3o da verba nos cofres p\u00fablicos causa \u201cestranheza\u201d, pois fere o \u201cdireito a propriedade\u201d. Al\u00e9m disso, tamb\u00e9m h\u00e1 les\u00e3o \u00e0 parte que perdeu, uma vez que v\u00ea sua verba sendo usada com fins indevidos.<\/p>\n<p><strong>Leia a \u00edntegra do artigo:<\/strong><br \/> <a title=\"Honor\u00e1rios sucumbenciais n\u00e3o s\u00e3o receita p\u00fablica\" href=\"http:\/\/www.conjur.com.br\/2012-jun-15\/desvio-finalidade-verbas-sucumbenciais-apropriacao-indebita\" target=\"_blank\">http:\/\/www.conjur.com.br\/2012-jun-15\/desvio-finalidade-verbas-sucumbenciais-apropriacao-indebita<\/a><\/p>\n<p style=\"margin-top: 80px; text-align: center;\"><img decoding=\"async\" title=\"Mobiliza\u00e7\u00e3o\" alt=\"Banner Mobiliza\u00e7\u00e3o\" src=\"\/images\/noticias\/mobilizacao2.gif\" \/><\/p>\n","protected":false},"excerpt":{"rendered":"<p>Em artigo publicado na revista eletr\u00f4nica Consultor Jur\u00eddico, o presidente do SINPROFAZ, Allan Titonelli, aponta flagrante ilegalidade na quest\u00e3o dos honor\u00e1rios.<\/p>\n","protected":false},"author":1,"featured_media":0,"comment_status":"closed","ping_status":"open","sticky":false,"template":"","format":"standard","meta":{"footnotes":""},"categories":[8],"tags":[],"featured_image_url":"https:\/\/dummyimage.com\/720x400","character_count":647,"formatted_date":"18\/06\/2012 - 14:18","contentNovo":"\r\n<p>O texto faz duras cr\u00edticas ao tratamento que o Executivo vem dando ao assunto, se beneficiando indevidamente de uma verba que n\u00e3o lhe pertence.<\/p>\r\n<p>De acordo com Titonelli, al\u00e9m de a quest\u00e3o estar expressamente prevista na Lei n.\u00ba 8.906\/94, o Estatuto da OAB, \u00e9 preciso afastar qualquer semelhan\u00e7a dos honor\u00e1rios com os subs\u00eddios, j\u00e1 que a verba devida pela parte que perdeu \u00e9 de natureza civil, e n\u00e3o administrativa.<\/p>\r\n<p>\u201cAcrescente-se que \u00e9 a natureza do representante judicial (o fato de ser advogado) e n\u00e3o a natureza da parte (ser entidade p\u00fablica ou privada) que importa para aferi\u00e7\u00e3o do direito aos honor\u00e1rios. Assim, os Advogados P\u00fablicos, como s\u00e3o Advogados, regularmente inscritos na OAB, submetidos ao Estatuto, tem a titularidade dos honor\u00e1rios\u201d, argumenta o presidente do SINPROFAZ.<\/p>\r\n<p>As reflex\u00f5es de Titonelli lembram ainda que essa verba \u00e9 uma forma de estimular os profissionais que atuam em defesa do Estado, e que a reten\u00e7\u00e3o da verba nos cofres p\u00fablicos causa \u201cestranheza\u201d, pois fere o \u201cdireito a propriedade\u201d. Al\u00e9m disso, tamb\u00e9m h\u00e1 les\u00e3o \u00e0 parte que perdeu, uma vez que v\u00ea sua verba sendo usada com fins indevidos.<\/p>\r\n<p><strong>Leia a \u00edntegra do artigo:<\/strong> <a title=\"Honor\u00e1rios sucumbenciais n\u00e3o s\u00e3o receita p\u00fablica\" href=\"http:\/\/www.conjur.com.br\/2012-jun-15\/desvio-finalidade-verbas-sucumbenciais-apropriacao-indebita\" target=\"_blank\">http:\/\/www.conjur.com.br\/2012-jun-15\/desvio-finalidade-verbas-sucumbenciais-apropriacao-indebita<\/a><\/p>\r\n<p style=\"margin-top: 80px; text-align: center;\"><\/p>","_links":{"self":[{"href":"https:\/\/sinprofaz.org.br\/2024\/wp-json\/wp\/v2\/posts\/856"}],"collection":[{"href":"https:\/\/sinprofaz.org.br\/2024\/wp-json\/wp\/v2\/posts"}],"about":[{"href":"https:\/\/sinprofaz.org.br\/2024\/wp-json\/wp\/v2\/types\/post"}],"author":[{"embeddable":true,"href":"https:\/\/sinprofaz.org.br\/2024\/wp-json\/wp\/v2\/users\/1"}],"replies":[{"embeddable":true,"href":"https:\/\/sinprofaz.org.br\/2024\/wp-json\/wp\/v2\/comments?post=856"}],"version-history":[{"count":0,"href":"https:\/\/sinprofaz.org.br\/2024\/wp-json\/wp\/v2\/posts\/856\/revisions"}],"wp:attachment":[{"href":"https:\/\/sinprofaz.org.br\/2024\/wp-json\/wp\/v2\/media?parent=856"}],"wp:term":[{"taxonomy":"category","embeddable":true,"href":"https:\/\/sinprofaz.org.br\/2024\/wp-json\/wp\/v2\/categories?post=856"},{"taxonomy":"post_tag","embeddable":true,"href":"https:\/\/sinprofaz.org.br\/2024\/wp-json\/wp\/v2\/tags?post=856"}],"curies":[{"name":"wp","href":"https:\/\/api.w.org\/{rel}","templated":true}]}}