{"id":853,"date":"2012-06-15T14:01:48","date_gmt":"2012-06-15T14:01:48","guid":{"rendered":""},"modified":"-0001-11-30T00:00:00","modified_gmt":"-0001-11-30T03:00:00","slug":"adicional-por-tempo-de-servico-parecer-assegura-direito-a-advogados-publicos","status":"publish","type":"post","link":"https:\/\/sinprofaz.org.br\/2024\/noticias\/adicional-por-tempo-de-servico-parecer-assegura-direito-a-advogados-publicos\/","title":{"rendered":"Adicional por tempo de servi\u00e7o: parecer assegura direito a Advogados P\u00fablicos"},"content":{"rendered":"<p>A inclus\u00e3o da advocacia p\u00fablica no substitutivo \u00e9 mais uma demonstra\u00e7\u00e3o de que o trabalho parlamentar desempenhado cotidianamente pela diretoria do SINPROFAZ se reverte em importantes conquistas para os Procuradores da Fazenda.<\/p>\n<p>O parecer do senador Gim Argello (PTB-DF) \u00e0s PECs 68\/2011, 2\/2011 e 5\/2011 foi apresentado na \u00faltima quarta (13) \u00e0 Comiss\u00e3o de Constitui\u00e7\u00e3o e Justi\u00e7a e Cidadania (CCJ).<\/p>\n<p>As proposi\u00e7\u00f5es versam sobre o adicional por tempo de servi\u00e7o como componente da remunera\u00e7\u00e3o das carreiras da Magistratura, do Minist\u00e9rio P\u00fablico, da Advocacia P\u00fablica e da Defensoria P\u00fablica.<\/p>\n<p>Ap\u00f3s vota\u00e7\u00e3o na CCJ, a mat\u00e9ria seguir\u00e1 ao plen\u00e1rio do Senado Federal para an\u00e1lise em dois turnos de vota\u00e7\u00e3o.<\/p>\n<p>Acesse o arquivo em pdf com a \u00edntegra do parecer:<br \/> <a title=\"Parecer PEC n\u00ba2 - 2012\" href=\"images\/stories\/pdfs\/parecer-pec-2-2012.pdf\" target=\"_blank\">Parecer PEC n\u00ba2 &#8211; 2012<\/a><\/p>\n<p style=\"margin-top: 80px; text-align: center;\"><img decoding=\"async\" title=\"Mobiliza\u00e7\u00e3o\" alt=\"Banner Mobiliza\u00e7\u00e3o\" src=\"\/images\/noticias\/mobilizacao2.gif\" \/><\/p>\n","protected":false},"excerpt":{"rendered":"<p>Senador Gim Argello apresenta parecer favor\u00e1vel ao adicional por tempo de servi\u00e7o \u00e0s Fun\u00e7\u00f5es Essenciais \u00e0 Justi\u00e7a.<\/p>\n","protected":false},"author":1,"featured_media":0,"comment_status":"closed","ping_status":"open","sticky":false,"template":"","format":"standard","meta":{"footnotes":""},"categories":[8],"tags":[],"featured_image_url":"https:\/\/dummyimage.com\/720x400","character_count":405,"formatted_date":"15\/06\/2012 - 14:01","contentNovo":"\r\n<p>A inclus\u00e3o da advocacia p\u00fablica no substitutivo \u00e9 mais uma demonstra\u00e7\u00e3o de que o trabalho parlamentar desempenhado cotidianamente pela diretoria do SINPROFAZ se reverte em importantes conquistas para os Procuradores da Fazenda.<\/p>\r\n<p>O parecer do senador Gim Argello (PTB-DF) \u00e0s PECs 68\/2011, 2\/2011 e 5\/2011 foi apresentado na \u00faltima quarta (13) \u00e0 Comiss\u00e3o de Constitui\u00e7\u00e3o e Justi\u00e7a e Cidadania (CCJ).<\/p>\r\n<p>As proposi\u00e7\u00f5es versam sobre o adicional por tempo de servi\u00e7o como componente da remunera\u00e7\u00e3o das carreiras da Magistratura, do Minist\u00e9rio P\u00fablico, da Advocacia P\u00fablica e da Defensoria P\u00fablica.<\/p>\r\n<p>Ap\u00f3s vota\u00e7\u00e3o na CCJ, a mat\u00e9ria seguir\u00e1 ao plen\u00e1rio do Senado Federal para an\u00e1lise em dois turnos de vota\u00e7\u00e3o.<\/p>\r\n<p>Acesse o arquivo em pdf com a \u00edntegra do parecer: <a title=\"Parecer PEC n\u00ba2 - 2012\" href=\"images\/stories\/pdfs\/parecer-pec-2-2012.pdf\" target=\"_blank\">Parecer PEC n\u00ba2 - 2012<\/a><\/p>\r\n<p style=\"margin-top: 80px; text-align: center;\"><\/p>","_links":{"self":[{"href":"https:\/\/sinprofaz.org.br\/2024\/wp-json\/wp\/v2\/posts\/853"}],"collection":[{"href":"https:\/\/sinprofaz.org.br\/2024\/wp-json\/wp\/v2\/posts"}],"about":[{"href":"https:\/\/sinprofaz.org.br\/2024\/wp-json\/wp\/v2\/types\/post"}],"author":[{"embeddable":true,"href":"https:\/\/sinprofaz.org.br\/2024\/wp-json\/wp\/v2\/users\/1"}],"replies":[{"embeddable":true,"href":"https:\/\/sinprofaz.org.br\/2024\/wp-json\/wp\/v2\/comments?post=853"}],"version-history":[{"count":0,"href":"https:\/\/sinprofaz.org.br\/2024\/wp-json\/wp\/v2\/posts\/853\/revisions"}],"wp:attachment":[{"href":"https:\/\/sinprofaz.org.br\/2024\/wp-json\/wp\/v2\/media?parent=853"}],"wp:term":[{"taxonomy":"category","embeddable":true,"href":"https:\/\/sinprofaz.org.br\/2024\/wp-json\/wp\/v2\/categories?post=853"},{"taxonomy":"post_tag","embeddable":true,"href":"https:\/\/sinprofaz.org.br\/2024\/wp-json\/wp\/v2\/tags?post=853"}],"curies":[{"name":"wp","href":"https:\/\/api.w.org\/{rel}","templated":true}]}}