{"id":8477,"date":"2018-08-14T14:13:05","date_gmt":"2018-08-14T17:13:05","guid":{"rendered":"http:\/\/www.sinprofaz.org.br\/?p=8477"},"modified":"2018-08-14T17:40:24","modified_gmt":"2018-08-14T20:40:24","slug":"sinprofaz-entrega-premio-congresso-em-foco-aos-melhores-senadores-de-2018","status":"publish","type":"post","link":"https:\/\/sinprofaz.org.br\/2024\/noticias\/sinprofaz-entrega-premio-congresso-em-foco-aos-melhores-senadores-de-2018\/","title":{"rendered":"SINPROFAZ ENTREGA PR\u00caMIO CONGRESSO EM FOCO AOS MELHORES SENADORES DE 2018"},"content":{"rendered":"<p>Na noite de ontem (13), o SINPROFAZ participou da entrega do Pr\u00eamio Congresso em Foco 2018. A festa de premia\u00e7\u00e3o, que homenageou os congressistas de destaque do ano, contou com o apoio do Sindicato e ocorreu em Bras\u00edlia\/DF.<\/p>\n<p>Na ocasi\u00e3o, o presidente do SINPROFAZ, Achilles Frias, premiou os Melhores Senadores eleitos por voto popular. Os tr\u00eas mais votados receberam o certificado das m\u00e3os de Achilles Frias. Foram eles \u00c1lvaro Dias (Podemos\/PR), candidato \u00e0 presid\u00eancia da Rep\u00fablica e terceiro mais votado, mas que n\u00e3o p\u00f4de comparecer \u00e0 solenidade; Ana Am\u00e9lia (PP\/RS), vice-candidata \u00e0 presid\u00eancia da Rep\u00fablica e segunda mais votada, e Magno Malta (PR\/ES), vencedor da categoria. Al\u00e9m de um certificado, o primeiro colocado recebeu de Achilles Frias um trof\u00e9u criado especialmente para esta edi\u00e7\u00e3o do Pr\u00eamio.<\/p>\n<p>A solenidade premiou tamb\u00e9m o deputado Tadeu Alencar (PSB\/PE), PFN filiado ao SINPROFAZ apontado pelo j\u00fari t\u00e9cnico como destaque na defesa da Advocacia P\u00fablica.<\/p>\n<p>Al\u00e9m do presidente Achilles Frias, representaram o SINPROFAZ no Pr\u00eamio Congresso em Foco o vice-presidente Juscelino Ferreira, os diretores Iolanda Guindani, Jos\u00e9 Ernane Brito, Caio Graco, Giuliano Menezes, Roberto Rodrigues, Andr\u00e9 Campello, Ant\u00f4nio Guedes, S\u00e9rgio Carneiro e Carlos Alexandre Torres e o ex-presidente Allan Titonelli. Assim como nas edi\u00e7\u00f5es anteriores, somente estiveram aptos ao Pr\u00eamio 360 deputados e 41 senadores que n\u00e3o respondem a inqu\u00e9ritos ou a\u00e7\u00f5es penais no Supremo Tribunal Federal.<\/p>\n\n\t\t<style type=\"text\/css\">\n\t\t\t#gallery-1 {\n\t\t\t\tmargin: auto;\n\t\t\t}\n\t\t\t#gallery-1 .gallery-item {\n\t\t\t\tfloat: left;\n\t\t\t\tmargin-top: 10px;\n\t\t\t\ttext-align: center;\n\t\t\t\twidth: 33%;\n\t\t\t}\n\t\t\t#gallery-1 img {\n\t\t\t\tborder: 2px solid #cfcfcf;\n\t\t\t}\n\t\t\t#gallery-1 .gallery-caption {\n\t\t\t\tmargin-left: 0;\n\t\t\t}\n\t\t\t\/* see gallery_shortcode() in wp-includes\/media.php *\/\n\t\t<\/style>\n\t\t<div id='gallery-1' class='gallery galleryid-8477 gallery-columns-3 gallery-size-thumbnail'><dl class='gallery-item'>\n\t\t\t<dt class='gallery-icon landscape'>\n\t\t\t\t<a href='https:\/\/sinprofaz.org.br\/2024\/wp-content\/uploads\/2018\/08\/026.jpg'><img loading=\"lazy\" decoding=\"async\" width=\"150\" height=\"150\" src=\"https:\/\/sinprofaz.org.br\/2024\/wp-content\/uploads\/2018\/08\/026-150x150.jpg\" class=\"attachment-thumbnail size-thumbnail\" alt=\"\" \/><\/a>\n\t\t\t<\/dt><\/dl><dl class='gallery-item'>\n\t\t\t<dt class='gallery-icon landscape'>\n\t\t\t\t<a href='https:\/\/sinprofaz.org.br\/2024\/wp-content\/uploads\/2018\/08\/033.jpg'><img loading=\"lazy\" decoding=\"async\" width=\"150\" height=\"150\" src=\"https:\/\/sinprofaz.org.br\/2024\/wp-content\/uploads\/2018\/08\/033-150x150.jpg\" class=\"attachment-thumbnail size-thumbnail\" alt=\"\" \/><\/a>\n\t\t\t<\/dt><\/dl><dl class='gallery-item'>\n\t\t\t<dt class='gallery-icon landscape'>\n\t\t\t\t<a href='https:\/\/sinprofaz.org.br\/2024\/wp-content\/uploads\/2018\/08\/042.jpg'><img loading=\"lazy\" decoding=\"async\" width=\"150\" height=\"150\" src=\"https:\/\/sinprofaz.org.br\/2024\/wp-content\/uploads\/2018\/08\/042-150x150.jpg\" class=\"attachment-thumbnail size-thumbnail\" alt=\"\" \/><\/a>\n\t\t\t<\/dt><\/dl><br style=\"clear: both\" \/><dl class='gallery-item'>\n\t\t\t<dt class='gallery-icon landscape'>\n\t\t\t\t<a href='https:\/\/sinprofaz.org.br\/2024\/wp-content\/uploads\/2018\/08\/05.jpg'><img loading=\"lazy\" decoding=\"async\" width=\"150\" height=\"150\" src=\"https:\/\/sinprofaz.org.br\/2024\/wp-content\/uploads\/2018\/08\/05-150x150.jpg\" class=\"attachment-thumbnail size-thumbnail\" alt=\"\" \/><\/a>\n\t\t\t<\/dt><\/dl><dl class='gallery-item'>\n\t\t\t<dt class='gallery-icon landscape'>\n\t\t\t\t<a href='https:\/\/sinprofaz.org.br\/2024\/wp-content\/uploads\/2018\/08\/018.jpg'><img loading=\"lazy\" decoding=\"async\" width=\"150\" height=\"150\" src=\"https:\/\/sinprofaz.org.br\/2024\/wp-content\/uploads\/2018\/08\/018-150x150.jpg\" class=\"attachment-thumbnail size-thumbnail\" alt=\"\" \/><\/a>\n\t\t\t<\/dt><\/dl>\n\t\t\t<br style='clear: both' \/>\n\t\t<\/div>\n\n","protected":false},"excerpt":{"rendered":"<p>Na noite de ontem, o SINPROFAZ participou da entrega do Pr\u00eamio Congresso em Foco. A festa de premia\u00e7\u00e3o, que homenageou os congressistas de destaque do ano, ocorreu em Bras\u00edlia e contou com apoio do Sindicato.<\/p>\n","protected":false},"author":2,"featured_media":8478,"comment_status":"open","ping_status":"open","sticky":false,"template":"","format":"standard","meta":{"footnotes":""},"categories":[8],"tags":[32,73,25],"featured_image_url":"https:\/\/sinprofaz.org.br\/2024\/wp-content\/uploads\/2018\/08\/017-800x198.jpg","character_count":963,"formatted_date":"14\/08\/2018 - 14:13","contentNovo":"Na noite de ontem (13), o SINPROFAZ participou da entrega do Pr\u00eamio Congresso em Foco 2018. A festa de premia\u00e7\u00e3o, que homenageou os congressistas de destaque do ano, contou com o apoio do Sindicato e ocorreu em Bras\u00edlia\/DF.\r\n\r\nNa ocasi\u00e3o, o presidente do SINPROFAZ, Achilles Frias, premiou os Melhores Senadores eleitos por voto popular. Os tr\u00eas mais votados receberam o certificado das m\u00e3os de Achilles Frias. Foram eles \u00c1lvaro Dias (Podemos\/PR), candidato \u00e0 presid\u00eancia da Rep\u00fablica e terceiro mais votado, mas que n\u00e3o p\u00f4de comparecer \u00e0 solenidade; Ana Am\u00e9lia (PP\/RS), vice-candidata \u00e0 presid\u00eancia da Rep\u00fablica e segunda mais votada, e Magno Malta (PR\/ES), vencedor da categoria. Al\u00e9m de um certificado, o primeiro colocado recebeu de Achilles Frias um trof\u00e9u criado especialmente para esta edi\u00e7\u00e3o do Pr\u00eamio.\r\n\r\nA solenidade premiou tamb\u00e9m o deputado Tadeu Alencar (PSB\/PE), PFN filiado ao SINPROFAZ apontado pelo j\u00fari t\u00e9cnico como destaque na defesa da Advocacia P\u00fablica.\r\n\r\nAl\u00e9m do presidente Achilles Frias, representaram o SINPROFAZ no Pr\u00eamio Congresso em Foco o vice-presidente Juscelino Ferreira, os diretores Iolanda Guindani, Jos\u00e9 Ernane Brito, Caio Graco, Giuliano Menezes, Roberto Rodrigues, Andr\u00e9 Campello, Ant\u00f4nio Guedes, S\u00e9rgio Carneiro e Carlos Alexandre Torres e o ex-presidente Allan Titonelli. Assim como nas edi\u00e7\u00f5es anteriores, somente estiveram aptos ao Pr\u00eamio 360 deputados e 41 senadores que n\u00e3o respondem a inqu\u00e9ritos ou a\u00e7\u00f5es penais no Supremo Tribunal Federal.\r\n\r\n[gallery link=\"file\" ids=\"8479,8480,8481,8483,8486\"]","_links":{"self":[{"href":"https:\/\/sinprofaz.org.br\/2024\/wp-json\/wp\/v2\/posts\/8477"}],"collection":[{"href":"https:\/\/sinprofaz.org.br\/2024\/wp-json\/wp\/v2\/posts"}],"about":[{"href":"https:\/\/sinprofaz.org.br\/2024\/wp-json\/wp\/v2\/types\/post"}],"author":[{"embeddable":true,"href":"https:\/\/sinprofaz.org.br\/2024\/wp-json\/wp\/v2\/users\/2"}],"replies":[{"embeddable":true,"href":"https:\/\/sinprofaz.org.br\/2024\/wp-json\/wp\/v2\/comments?post=8477"}],"version-history":[{"count":3,"href":"https:\/\/sinprofaz.org.br\/2024\/wp-json\/wp\/v2\/posts\/8477\/revisions"}],"predecessor-version":[{"id":8487,"href":"https:\/\/sinprofaz.org.br\/2024\/wp-json\/wp\/v2\/posts\/8477\/revisions\/8487"}],"wp:featuredmedia":[{"embeddable":true,"href":"https:\/\/sinprofaz.org.br\/2024\/wp-json\/wp\/v2\/media\/8478"}],"wp:attachment":[{"href":"https:\/\/sinprofaz.org.br\/2024\/wp-json\/wp\/v2\/media?parent=8477"}],"wp:term":[{"taxonomy":"category","embeddable":true,"href":"https:\/\/sinprofaz.org.br\/2024\/wp-json\/wp\/v2\/categories?post=8477"},{"taxonomy":"post_tag","embeddable":true,"href":"https:\/\/sinprofaz.org.br\/2024\/wp-json\/wp\/v2\/tags?post=8477"}],"curies":[{"name":"wp","href":"https:\/\/api.w.org\/{rel}","templated":true}]}}