{"id":8471,"date":"2018-08-14T09:17:43","date_gmt":"2018-08-14T12:17:43","guid":{"rendered":"http:\/\/www.sinprofaz.org.br\/?p=8471"},"modified":"2018-08-14T14:13:30","modified_gmt":"2018-08-14T17:13:30","slug":"sinprofaz-parabeniza-pfns-da-nova-turma-de-mestrado-profissional","status":"publish","type":"post","link":"https:\/\/sinprofaz.org.br\/2024\/noticias\/sinprofaz-parabeniza-pfns-da-nova-turma-de-mestrado-profissional\/","title":{"rendered":"SINPROFAZ PARABENIZA PFNS DA NOVA TURMA DE MESTRADO PROFISSIONAL"},"content":{"rendered":"<p>O SINPROFAZ, representado pelo presidente Achilles Frias, comp\u00f4s ontem (13) a mesa da cerim\u00f4nia de inicia\u00e7\u00e3o da nova turma de PFNs do mestrado profissional em Administra\u00e7\u00e3o P\u00fablica. Promovido em parceria com a Funda\u00e7\u00e3o Get\u00falio Vargas (FGV), o curso foi idealizado pela Diretoria do Departamento de Gest\u00e3o Corporativa (DGC) da PGFN &#8211; representado, na ocasi\u00e3o, pela diretora titular I\u00eada Cagni e pelo diretor substituto Ronaldo Baptista &#8211; e contou com o apoio do procurador-geral da Fazenda Nacional, Fabr\u00edcio Da Soller. <\/p>\n<p>Em fala aos mestrandos, Achilles Frias parabenizou a PGFN pela iniciativa e deu destaque \u00e0 disposi\u00e7\u00e3o dos Colegas em se aperfei\u00e7oar em prol da Institui\u00e7\u00e3o: &#8220;Temos muito o que construir na PGFN, mas passos importantes foram dados de pouco tempo para c\u00e1. Superamos as dificuldades de 2015 e, hoje, percebemos a Carreira muito mais unida. Estamos todos lutando pelo fortalecimento da Institui\u00e7\u00e3o e essa luta passa pela disponibilidade de voc\u00eas, Colegas, que se propuseram a cursar o mestrado e a contribuir n\u00e3o apenas com o desenvolvimento de nosso \u00f3rg\u00e3o, mas com todo o Executivo federal&#8221;. <\/p>\n<p>Segundo Fabr\u00edcio Da Soller, que abriu a solenidade de inaugura\u00e7\u00e3o do curso, o mestrado \u00e9 mais do que uma capacita\u00e7\u00e3o voltada \u00e0 gest\u00e3o corporativa, sendo capaz de fornecer ferramentas \u00fateis \u00e0 atividade-fim dos PFNs na gest\u00e3o da d\u00edvida ativa, na representa\u00e7\u00e3o judicial e na consultoria administrativa. &#8220;A relev\u00e2ncia desse tipo de capacita\u00e7\u00e3o \u00e9 inquestion\u00e1vel. Esse curso implica em v\u00e1rios sacrif\u00edcios de ordem pessoal. Externo, portanto, o reconhecimento da Procuradoria-Geral a voc\u00eas, pela disposi\u00e7\u00e3o e entusiamo, e agrade\u00e7o o empenho do DGC desde a concep\u00e7\u00e3o da ideia, at\u00e9 sua realiza\u00e7\u00e3o.&#8221;<\/p>\n\n\t\t<style type=\"text\/css\">\n\t\t\t#gallery-1 {\n\t\t\t\tmargin: auto;\n\t\t\t}\n\t\t\t#gallery-1 .gallery-item {\n\t\t\t\tfloat: left;\n\t\t\t\tmargin-top: 10px;\n\t\t\t\ttext-align: center;\n\t\t\t\twidth: 33%;\n\t\t\t}\n\t\t\t#gallery-1 img {\n\t\t\t\tborder: 2px solid #cfcfcf;\n\t\t\t}\n\t\t\t#gallery-1 .gallery-caption {\n\t\t\t\tmargin-left: 0;\n\t\t\t}\n\t\t\t\/* see gallery_shortcode() in wp-includes\/media.php *\/\n\t\t<\/style>\n\t\t<div id='gallery-1' class='gallery galleryid-8471 gallery-columns-3 gallery-size-thumbnail'><dl class='gallery-item'>\n\t\t\t<dt class='gallery-icon landscape'>\n\t\t\t\t<a href='https:\/\/sinprofaz.org.br\/2024\/wp-content\/uploads\/2018\/08\/025.jpg'><img loading=\"lazy\" decoding=\"async\" width=\"150\" height=\"150\" src=\"https:\/\/sinprofaz.org.br\/2024\/wp-content\/uploads\/2018\/08\/025-150x150.jpg\" class=\"attachment-thumbnail size-thumbnail\" alt=\"\" \/><\/a>\n\t\t\t<\/dt><\/dl><dl class='gallery-item'>\n\t\t\t<dt class='gallery-icon landscape'>\n\t\t\t\t<a href='https:\/\/sinprofaz.org.br\/2024\/wp-content\/uploads\/2018\/08\/032.jpg'><img loading=\"lazy\" decoding=\"async\" width=\"150\" height=\"150\" src=\"https:\/\/sinprofaz.org.br\/2024\/wp-content\/uploads\/2018\/08\/032-150x150.jpg\" class=\"attachment-thumbnail size-thumbnail\" alt=\"\" \/><\/a>\n\t\t\t<\/dt><\/dl><dl class='gallery-item'>\n\t\t\t<dt class='gallery-icon landscape'>\n\t\t\t\t<a href='https:\/\/sinprofaz.org.br\/2024\/wp-content\/uploads\/2018\/08\/041.jpg'><img loading=\"lazy\" decoding=\"async\" width=\"150\" height=\"150\" src=\"https:\/\/sinprofaz.org.br\/2024\/wp-content\/uploads\/2018\/08\/041-150x150.jpg\" class=\"attachment-thumbnail size-thumbnail\" alt=\"\" \/><\/a>\n\t\t\t<\/dt><\/dl><br style=\"clear: both\" \/>\n\t\t<\/div>\n\n","protected":false},"excerpt":{"rendered":"<p>Achilles Frias comp\u00f4s a mesa da cerim\u00f4nia de inicia\u00e7\u00e3o da nova turma de PFNs do mestrado profissional em Administra\u00e7\u00e3o P\u00fablica. Idealizado pela PGFN, o curso \u00e9 promovido em parceria com a Funda\u00e7\u00e3o Get\u00falio Vargas (FGV).<\/p>\n","protected":false},"author":2,"featured_media":8472,"comment_status":"open","ping_status":"open","sticky":false,"template":"","format":"standard","meta":{"footnotes":""},"categories":[8],"tags":[32,44,25],"featured_image_url":"https:\/\/sinprofaz.org.br\/2024\/wp-content\/uploads\/2018\/08\/016-800x198.jpg","character_count":1085,"formatted_date":"14\/08\/2018 - 09:17","contentNovo":"O SINPROFAZ, representado pelo presidente Achilles Frias, comp\u00f4s ontem (13) a mesa da cerim\u00f4nia de inicia\u00e7\u00e3o da nova turma de PFNs do mestrado profissional em Administra\u00e7\u00e3o P\u00fablica. Promovido em parceria com a Funda\u00e7\u00e3o Get\u00falio Vargas (FGV), o curso foi idealizado pela Diretoria do Departamento de Gest\u00e3o Corporativa (DGC) da PGFN - representado, na ocasi\u00e3o, pela diretora titular I\u00eada Cagni e pelo diretor substituto Ronaldo Baptista - e contou com o apoio do procurador-geral da Fazenda Nacional, Fabr\u00edcio Da Soller. \r\n\r\nEm fala aos mestrandos, Achilles Frias parabenizou a PGFN pela iniciativa e deu destaque \u00e0 disposi\u00e7\u00e3o dos Colegas em se aperfei\u00e7oar em prol da Institui\u00e7\u00e3o: \"Temos muito o que construir na PGFN, mas passos importantes foram dados de pouco tempo para c\u00e1. Superamos as dificuldades de 2015 e, hoje, percebemos a Carreira muito mais unida. Estamos todos lutando pelo fortalecimento da Institui\u00e7\u00e3o e essa luta passa pela disponibilidade de voc\u00eas, Colegas, que se propuseram a cursar o mestrado e a contribuir n\u00e3o apenas com o desenvolvimento de nosso \u00f3rg\u00e3o, mas com todo o Executivo federal\". \r\n\r\nSegundo Fabr\u00edcio Da Soller, que abriu a solenidade de inaugura\u00e7\u00e3o do curso, o mestrado \u00e9 mais do que uma capacita\u00e7\u00e3o voltada \u00e0 gest\u00e3o corporativa, sendo capaz de fornecer ferramentas \u00fateis \u00e0 atividade-fim dos PFNs na gest\u00e3o da d\u00edvida ativa, na representa\u00e7\u00e3o judicial e na consultoria administrativa. \"A relev\u00e2ncia desse tipo de capacita\u00e7\u00e3o \u00e9 inquestion\u00e1vel. Esse curso implica em v\u00e1rios sacrif\u00edcios de ordem pessoal. Externo, portanto, o reconhecimento da Procuradoria-Geral a voc\u00eas, pela disposi\u00e7\u00e3o e entusiamo, e agrade\u00e7o o empenho do DGC desde a concep\u00e7\u00e3o da ideia, at\u00e9 sua realiza\u00e7\u00e3o.\"\r\n\r\n[gallery ids=\"8473,8474,8475\" link=\"file\"]","_links":{"self":[{"href":"https:\/\/sinprofaz.org.br\/2024\/wp-json\/wp\/v2\/posts\/8471"}],"collection":[{"href":"https:\/\/sinprofaz.org.br\/2024\/wp-json\/wp\/v2\/posts"}],"about":[{"href":"https:\/\/sinprofaz.org.br\/2024\/wp-json\/wp\/v2\/types\/post"}],"author":[{"embeddable":true,"href":"https:\/\/sinprofaz.org.br\/2024\/wp-json\/wp\/v2\/users\/2"}],"replies":[{"embeddable":true,"href":"https:\/\/sinprofaz.org.br\/2024\/wp-json\/wp\/v2\/comments?post=8471"}],"version-history":[{"count":1,"href":"https:\/\/sinprofaz.org.br\/2024\/wp-json\/wp\/v2\/posts\/8471\/revisions"}],"predecessor-version":[{"id":8476,"href":"https:\/\/sinprofaz.org.br\/2024\/wp-json\/wp\/v2\/posts\/8471\/revisions\/8476"}],"wp:featuredmedia":[{"embeddable":true,"href":"https:\/\/sinprofaz.org.br\/2024\/wp-json\/wp\/v2\/media\/8472"}],"wp:attachment":[{"href":"https:\/\/sinprofaz.org.br\/2024\/wp-json\/wp\/v2\/media?parent=8471"}],"wp:term":[{"taxonomy":"category","embeddable":true,"href":"https:\/\/sinprofaz.org.br\/2024\/wp-json\/wp\/v2\/categories?post=8471"},{"taxonomy":"post_tag","embeddable":true,"href":"https:\/\/sinprofaz.org.br\/2024\/wp-json\/wp\/v2\/tags?post=8471"}],"curies":[{"name":"wp","href":"https:\/\/api.w.org\/{rel}","templated":true}]}}