{"id":8469,"date":"2018-08-14T09:08:39","date_gmt":"2018-08-14T12:08:39","guid":{"rendered":"http:\/\/www.sinprofaz.org.br\/?p=8469"},"modified":"2018-08-14T09:29:17","modified_gmt":"2018-08-14T12:29:17","slug":"divulgados-os-ganhadores-do-iphone-8-e-do-macbook-confira","status":"publish","type":"post","link":"https:\/\/sinprofaz.org.br\/2024\/noticias\/divulgados-os-ganhadores-do-iphone-8-e-do-macbook-confira\/","title":{"rendered":"DIVULGADOS OS GANHADORES DO IPHONE 8 E DO MACBOOK. CONFIRA!"},"content":{"rendered":"<p>Os filiados que responderam ao Primeiro Diagn\u00f3stico da Carreira de Procurador da Fazenda Nacional concorreram a pr\u00eamios! Confira os vencedores:<\/p>\n<p>Ganhador do iPhone 8: <b>Helvecio de Carvalho Couto<\/b>, do Rio de Janeiro<br \/>\nGanhadora do MacBook Air: <b>Mar\u00edlia Almeida Rodrigues Lima<\/b>, de S\u00e3o Paulo<\/p>\n<p>A Diretoria do SINPROFAZ agradece a maci\u00e7a participa\u00e7\u00e3o dos filiados. Os resultados da pesquisa, contendo as percep\u00e7\u00f5es coletivas a respeito das Condi\u00e7\u00f5es de Vida e de Trabalho, Identidade Profissional, Desempenho das Procuradorias e Representatividade Sindical, ser\u00e3o divulgados durante o XVIII Encontro Nacional dos Procuradores da Fazenda Nacional. O evento ocorre de 22 a 25 de novembro, na Bahia. At\u00e9 l\u00e1!<\/p>\n","protected":false},"excerpt":{"rendered":"<p>Os filiados que responderam ao Primeiro Diagn\u00f3stico da Carreira de Procurador da Fazenda Nacional concorreram a pr\u00eamios. Confira os vencedores! Os resultados da pesquisa ser\u00e3o divulgados no XVIII Encontro do SINPROFAZ.<\/p>\n","protected":false},"author":2,"featured_media":8193,"comment_status":"open","ping_status":"open","sticky":false,"template":"","format":"standard","meta":{"footnotes":""},"categories":[8],"tags":[32,127,25],"featured_image_url":"https:\/\/sinprofaz.org.br\/2024\/wp-content\/uploads\/2018\/06\/banner_site_noticias_dignostico3-1-300x198.png","character_count":354,"formatted_date":"14\/08\/2018 - 09:08","contentNovo":"Os filiados que responderam ao Primeiro Diagn\u00f3stico da Carreira de Procurador da Fazenda Nacional concorreram a pr\u00eamios! Confira os vencedores:\r\n\r\nGanhador do iPhone 8: Helvecio de Carvalho Couto, do Rio de Janeiro\r\nGanhadora do MacBook Air: Mar\u00edlia Almeida Rodrigues Lima, de S\u00e3o Paulo\r\n\r\nA Diretoria do SINPROFAZ agradece a maci\u00e7a participa\u00e7\u00e3o dos filiados. Os resultados da pesquisa, contendo as percep\u00e7\u00f5es coletivas a respeito das Condi\u00e7\u00f5es de Vida e de Trabalho, Identidade Profissional, Desempenho das Procuradorias e Representatividade Sindical, ser\u00e3o divulgados durante o XVIII Encontro Nacional dos Procuradores da Fazenda Nacional. O evento ocorre de 22 a 25 de novembro, na Bahia. At\u00e9 l\u00e1!","_links":{"self":[{"href":"https:\/\/sinprofaz.org.br\/2024\/wp-json\/wp\/v2\/posts\/8469"}],"collection":[{"href":"https:\/\/sinprofaz.org.br\/2024\/wp-json\/wp\/v2\/posts"}],"about":[{"href":"https:\/\/sinprofaz.org.br\/2024\/wp-json\/wp\/v2\/types\/post"}],"author":[{"embeddable":true,"href":"https:\/\/sinprofaz.org.br\/2024\/wp-json\/wp\/v2\/users\/2"}],"replies":[{"embeddable":true,"href":"https:\/\/sinprofaz.org.br\/2024\/wp-json\/wp\/v2\/comments?post=8469"}],"version-history":[{"count":1,"href":"https:\/\/sinprofaz.org.br\/2024\/wp-json\/wp\/v2\/posts\/8469\/revisions"}],"predecessor-version":[{"id":8470,"href":"https:\/\/sinprofaz.org.br\/2024\/wp-json\/wp\/v2\/posts\/8469\/revisions\/8470"}],"wp:featuredmedia":[{"embeddable":true,"href":"https:\/\/sinprofaz.org.br\/2024\/wp-json\/wp\/v2\/media\/8193"}],"wp:attachment":[{"href":"https:\/\/sinprofaz.org.br\/2024\/wp-json\/wp\/v2\/media?parent=8469"}],"wp:term":[{"taxonomy":"category","embeddable":true,"href":"https:\/\/sinprofaz.org.br\/2024\/wp-json\/wp\/v2\/categories?post=8469"},{"taxonomy":"post_tag","embeddable":true,"href":"https:\/\/sinprofaz.org.br\/2024\/wp-json\/wp\/v2\/tags?post=8469"}],"curies":[{"name":"wp","href":"https:\/\/api.w.org\/{rel}","templated":true}]}}